{"id":17961,"date":"2015-12-11T13:30:29","date_gmt":"2015-12-11T11:30:29","guid":{"rendered":"http:\/\/www.bbyhaber.com\/bby\/?p=17961"},"modified":"2015-12-11T14:33:26","modified_gmt":"2015-12-11T12:33:26","slug":"tkd-istanbul-subesinden-bby-ogrencileri-ile-dayanisma-bulusmasi","status":"publish","type":"post","link":"https:\/\/www.bbyhaber.com\/bby\/2015\/12\/11\/tkd-istanbul-subesinden-bby-ogrencileri-ile-dayanisma-bulusmasi","title":{"rendered":"TKD \u0130stanbul \u015eubesi&#8217;nden BBY \u00d6\u011frencileri \u0130le Dayan\u0131\u015fma Bulu\u015fmas\u0131"},"content":{"rendered":"<p style=\"text-align: justify;\"><img loading=\"lazy\" decoding=\"async\" class=\"alignleft\" src=\"http:\/\/bbyhaber.com\/bby\/wp-content\/uploads\/2015\/12\/tkd-ist-marmara-bby-ogrencileri-birlesimi.jpg\" alt=\"\" width=\"292\" height=\"149\" \/>TKD \u0130stanbul \u015eubesi, \u0130stanbul&#8217;da bulunan Bilgi ve Belge Y\u00f6netimi B\u00f6l\u00fcm&#8217;lerinde okuyan \u00f6\u011frencilerle birlikte fikir al\u0131\u015fveri\u015finde bulunmak, mesleki bilincin geli\u015fimine katk\u0131 sa\u011flamak gibi ama\u00e7larla dayan\u0131\u015fma bulu\u015fmas\u0131 ger\u00e7ekle\u015ftirecek. TKD \u0130stanbul \u015eubesi \u0130stanbul \u00dcniversitesi Bilgi ve Belge Y\u00f6netimi ve Marmara \u00dcniversitesi Bilgi ve Belge Y\u00f6netimi \u00f6\u011frencilerini &#8220;<strong>TKD Kamp\u00fcs \u0130stanbul<\/strong>&#8221; projesiyle ortak bir \u00e7at\u0131 alt\u0131nda toplayacak. Bu ba\u011flamda TKD \u0130stanbul \u015eubesi resmi facebook sayfas\u0131ndan \u00e7a\u011fr\u0131da bulundu ve a\u015fa\u011f\u0131daki detaylara de\u011finildi:<!--more--><\/p>\n<p style=\"text-align: justify;\">&#8220;Biliyoruz ki, bir mesle\u011fin en \u00f6nemli itici g\u00fcc\u00fc, o mesle\u011fin formasyonunu al\u0131p, yine o mesle\u011fin gelece\u011fini in\u015fa edecek olan \u00f6\u011frencilerdir. Bunun fark\u0131nda olman\u0131n bilinciyle, gen\u00e7 meslekta\u015f adaylar\u0131m\u0131zla dayan\u0131\u015fmay\u0131, kar\u015f\u0131l\u0131kl\u0131 fikir ve eylem payla\u015f\u0131m\u0131n\u0131 \u00f6nemsiyor, gen\u00e7lik dinamizminin kararl\u0131l\u0131\u011f\u0131na ve temsiliyet g\u00fcc\u00fcne g\u00fcveniyoruz. Verdi\u011fimiz \u00f6nemden ve duydu\u011fumuz bu g\u00fcvenden hareketle \u0130stanbul \u00dcniversitesi ve Marmara \u00dcniversitesi Bilgi ve Belge Y\u00f6netimi \u00f6\u011frencilerini, TKD Kamp\u00fcs \u0130stanbul projesiyle ortak bir \u00e7at\u0131 alt\u0131nda toplamak ve her iki yap\u0131n\u0131n \u00f6zerk hareket alan\u0131n\u0131 koruyarak, i\u015fbirli\u011fi i\u00e7inde \u00e7al\u0131\u015fmalar\u0131n\u0131 ba\u015flatmak arzusunday\u0131z. Birlikte hareket ederek, sorunlar\u0131n \u00e7\u00f6z\u00fcm\u00fc i\u00e7in daha g\u00fc\u00e7l\u00fc, daha sa\u011flam ad\u0131mlar atabilece\u011fimizi biliyoruz. Bu ba\u011flamda her t\u00fcrl\u00fc ele\u015ftirinizle ve \u00f6nerinizle mesle\u011fimize g\u00fc\u00e7 kataca\u011f\u0131n\u0131za inan\u0131yoruz. G\u00fcc\u00fcn\u00fc gen\u00e7likten alan d\u00fc\u015f\u00fcnsellik ve eylemsellik ile \u00fcretmek, bug\u00fcne kadar yap\u0131lanlar\u0131n \u00fczerine sizlerle birlikte yenilikler katarak ilerlemek TKD \u0130stanbul \u015eubesi olarak temel arzumuzdur. Bu ama\u00e7la, sizleri; bir araya gelmek, tan\u0131\u015fmak ve neler yap\u0131labilece\u011fine dair fikir al\u0131\u015f-veri\u015finde bulunmak i\u00e7in 16 Aral\u0131k \u00c7ar\u015famba g\u00fcn\u00fc, Tarih Vakf\u0131\u2019nda ger\u00e7ekle\u015ftirece\u011fimiz toplant\u0131m\u0131za davet ediyoruz.&#8221;<\/p>\n<div style=\"text-align: justify;\">\n<p>Kat\u0131l\u0131n birlikte geli\u015ftirelim, Kat\u0131l\u0131n mesle\u011fimizi umut ve g\u00fcvenle gelece\u011fe birlikte ta\u015f\u0131yal\u0131m.<\/p>\n<p><strong>Tarih ve Saat:<span style=\"color: #ff0000;\"> 16 Aral\u0131k \u00c7ar\u015famba &#8212; 18:00-20:45<\/span><\/strong><\/p>\n<p><strong>Adres:<\/strong> Tarih Vakf\u0131 &#8211; Sar\u0131demir Mah. Rag\u0131p G\u00fcm\u00fc\u015fpala Cad. De\u011firmen sok. no: 10 Emin\u00f6n\u00fc, Fatih \u0130stanbul*<\/p>\n<p>(*Tarih Vakf\u0131 Binas\u0131; Emin\u00f6n\u00fc otob\u00fcs duraklar\u0131 ve Turyol motor iskelesinin hemen yan\u0131nda yer almaktad\u0131r. Harita i\u00e7in; bkz. <a href=\"http:\/\/tarihvakfi.org.tr\/\" rel=\"nofollow\" target=\"_blank\">http:\/\/tarihvakfi.org.tr\/<\/a><\/p>\n<\/div>\n","protected":false},"excerpt":{"rendered":"<p>TKD \u0130stanbul \u015eubesi, \u0130stanbul&#8217;da bulunan Bilgi ve Belge Y\u00f6netimi B\u00f6l\u00fcm&#8217;lerinde okuyan \u00f6\u011frencilerle birlikte fikir al\u0131\u015fveri\u015finde bulunmak, mesleki bilincin geli\u015fimine katk\u0131 sa\u011flamak gibi ama\u00e7larla dayan\u0131\u015fma bulu\u015fmas\u0131 ger\u00e7ekle\u015ftirecek. TKD \u0130stanbul \u015eubesi \u0130stanbul \u00dcniversitesi Bilgi ve Belge Y\u00f6netimi ve Marmara \u00dcniversitesi Bilgi ve Belge Y\u00f6netimi \u00f6\u011frencilerini &#8220;TKD Kamp\u00fcs \u0130stanbul&#8221; projesiyle ortak bir \u00e7at\u0131 alt\u0131nda toplayacak. Bu ba\u011flamda TKD [&hellip;]<\/p>\n","protected":false},"author":1,"featured_media":0,"comment_status":"open","ping_status":"open","sticky":false,"template":"","format":"standard","meta":{"footnotes":""},"categories":[1],"tags":[1420],"class_list":["post-17961","post","type-post","status-publish","format-standard","hentry","category-genel","tag-tkd-istanbul"],"_links":{"self":[{"href":"https:\/\/www.bbyhaber.com\/bby\/wp-json\/wp\/v2\/posts\/17961"}],"collection":[{"href":"https:\/\/www.bbyhaber.com\/bby\/wp-json\/wp\/v2\/posts"}],"about":[{"href":"https:\/\/www.bbyhaber.com\/bby\/wp-json\/wp\/v2\/types\/post"}],"author":[{"embeddable":true,"href":"https:\/\/www.bbyhaber.com\/bby\/wp-json\/wp\/v2\/users\/1"}],"replies":[{"embeddable":true,"href":"https:\/\/www.bbyhaber.com\/bby\/wp-json\/wp\/v2\/comments?post=17961"}],"version-history":[{"count":0,"href":"https:\/\/www.bbyhaber.com\/bby\/wp-json\/wp\/v2\/posts\/17961\/revisions"}],"wp:attachment":[{"href":"https:\/\/www.bbyhaber.com\/bby\/wp-json\/wp\/v2\/media?parent=17961"}],"wp:term":[{"taxonomy":"category","embeddable":true,"href":"https:\/\/www.bbyhaber.com\/bby\/wp-json\/wp\/v2\/categories?post=17961"},{"taxonomy":"post_tag","embeddable":true,"href":"https:\/\/www.bbyhaber.com\/bby\/wp-json\/wp\/v2\/tags?post=17961"}],"curies":[{"name":"wp","href":"https:\/\/api.w.org\/{rel}","templated":true}]}}