{"id":17958,"date":"2015-12-10T15:43:18","date_gmt":"2015-12-10T13:43:18","guid":{"rendered":"http:\/\/www.bbyhaber.com\/bby\/?p=17958"},"modified":"2016-04-13T14:21:12","modified_gmt":"2016-04-13T11:21:12","slug":"ankos-akademinin-ilk-egitim-turu-tamamlandi","status":"publish","type":"post","link":"https:\/\/www.bbyhaber.com\/bby\/2015\/12\/10\/ankos-akademinin-ilk-egitim-turu-tamamlandi","title":{"rendered":"ANKOS Akademi&#8217;nin ilk e\u011fitim turu tamamland\u0131"},"content":{"rendered":"<p style=\"text-align: justify;\"><img loading=\"lazy\" decoding=\"async\" class=\"alignleft\" src=\"http:\/\/www.bbyhaber.com\/bby\/wp-content\/uploads\/2016\/02\/ankos-akademi.jpg\" alt=\"\" width=\"164\" height=\"86\" \/>ANKOS Akademi\u2019nin &#8220;Elektronik Kaynaklar\u0131n Se\u00e7im ve Y\u00f6netimi&#8221; ile &#8220;A\u00e7\u0131k Eri\u015fim ve DSpace&#8221; konular\u0131ndaki ilk e\u011fitimleri 17 Kas\u0131m- 08 Aral\u0131k 2015 tarihleri aras\u0131nda ba\u015far\u0131l\u0131 bir \u015fekilde ger\u00e7ekle\u015ftirildi. &#8220;Elektronik Kaynaklar\u0131n Se\u00e7im ve Y\u00f6netimi&#8221; e\u011fitimi i\u00e7in 28 ki\u015fi, &#8220;A\u00e7\u0131k Eri\u015fim ve DSpace&#8221; e\u011fitimi i\u00e7in ise 17 ki\u015fi ba\u015fvurmu\u015f ve ANKOS YK taraf\u0131ndan yap\u0131lan de\u011ferlendirme sonucu farkl\u0131 kurumlardan &#8220;Elektronik Kaynaklar\u0131n Se\u00e7im ve Y\u00f6netimi&#8221; e\u011fitimine 11 ki\u015finin, &#8220;A\u00e7\u0131k Eri\u015fim ve DSpace&#8221; e\u011fitimine ise 10 ki\u015finin kat\u0131l\u0131m\u0131 uygun g\u00f6r\u00fclm\u00fc\u015ft\u00fc.<!--more--><\/p>\n<p style=\"text-align: justify;\">S\u00f6nmez \u00c7elik taraf\u0131ndan verilen &#8220;A\u00e7\u0131k Eri\u015fim ve DSpace&#8221; e\u011fitiminde; ba\u015fta \u00dcniversiteler olmak \u00fczere, kurumlar\u0131n b\u00fcnyesinde \u00fcretilen kitap, makale, tez, bildiri, rapor gibi t\u00fcm akademik kaynaklar\u0131n uluslararas\u0131 standartlarda kurumsal ar\u015fivlerde depolanmas\u0131, etkisinin art\u0131r\u0131lmas\u0131 ve telif haklar\u0131na uygun olarak A\u00e7\u0131k Eri\u015fime sunulmas\u0131 konular\u0131nda teorik ve uygulamal\u0131 bilgiler verildi.<\/p>\n<p style=\"text-align: justify;\">Elektronik kaynak k\u00fct\u00fcphanecilerinin elektronik kaynak se\u00e7im ve y\u00f6netim s\u00fcrecine h\u00e2kim olmalar\u0131n\u0131 sa\u011flayacak bilgiler payla\u015f\u0131larak, kat\u0131l\u0131mc\u0131lar\u0131n kurumlar\u0131nda sa\u011fl\u0131kl\u0131 bir elektronik kaynak se\u00e7im ve y\u00f6netim s\u00fcrecinin y\u00fcr\u00fct\u00fclmesi i\u00e7in emek, zaman, bilgi ve tecr\u00fcbelerini etkili bir \u015fekilde kullanmalar\u0131n\u0131n hedeflendi\u011fi &#8220;Elektronik Kaynaklar\u0131n Se\u00e7im ve Y\u00f6netimi&#8221; e\u011fitiminde ise \u201cElektronik Kaynaklar De\u011ferlendirme ve Se\u00e7imi\u201d Dr. Burcu Bulut, \u201cElektronik Kaynak Y\u00f6netimi\u201d Derya So\u011fuksu ve \u201cElektronik Kaynaklarda Hukuki S\u00fcre\u00e7ler, Lisans Anla\u015fmalar\u0131 ve Telif Haklar\u0131\u201d M.Kerem Kahvecio\u011flu taraf\u0131ndan \u00f6rneklerle anlat\u0131ld\u0131.<\/p>\n<p style=\"text-align: justify;\">Farkl\u0131 oturumlarda, ayn\u0131 g\u00fcn ve saatlerde haftan\u0131n 3 g\u00fcn\u00fc toplam 9 saatte verilen e\u011fitimlerin 10. ve son dersinde her iki e\u011fitim ayn\u0131 oturumda ANKOS Ba\u015fkan\u0131 Sami \u00c7ukadar ve ANKOS Akademi grup \u00fcyelerinin kat\u0131l\u0131m\u0131yla ger\u00e7ekle\u015ftirildi.<\/p>\n","protected":false},"excerpt":{"rendered":"<p>ANKOS Akademi\u2019nin &#8220;Elektronik Kaynaklar\u0131n Se\u00e7im ve Y\u00f6netimi&#8221; ile &#8220;A\u00e7\u0131k Eri\u015fim ve DSpace&#8221; konular\u0131ndaki ilk e\u011fitimleri 17 Kas\u0131m- 08 Aral\u0131k 2015 tarihleri aras\u0131nda ba\u015far\u0131l\u0131 bir \u015fekilde ger\u00e7ekle\u015ftirildi. &#8220;Elektronik Kaynaklar\u0131n Se\u00e7im ve Y\u00f6netimi&#8221; e\u011fitimi i\u00e7in 28 ki\u015fi, &#8220;A\u00e7\u0131k Eri\u015fim ve DSpace&#8221; e\u011fitimi i\u00e7in ise 17 ki\u015fi ba\u015fvurmu\u015f ve ANKOS YK taraf\u0131ndan yap\u0131lan de\u011ferlendirme sonucu farkl\u0131 kurumlardan &#8220;Elektronik [&hellip;]<\/p>\n","protected":false},"author":1,"featured_media":0,"comment_status":"open","ping_status":"open","sticky":false,"template":"","format":"standard","meta":{"footnotes":""},"categories":[1536,1],"tags":[],"class_list":["post-17958","post","type-post","status-publish","format-standard","hentry","category-ankos-akademi","category-genel"],"_links":{"self":[{"href":"https:\/\/www.bbyhaber.com\/bby\/wp-json\/wp\/v2\/posts\/17958"}],"collection":[{"href":"https:\/\/www.bbyhaber.com\/bby\/wp-json\/wp\/v2\/posts"}],"about":[{"href":"https:\/\/www.bbyhaber.com\/bby\/wp-json\/wp\/v2\/types\/post"}],"author":[{"embeddable":true,"href":"https:\/\/www.bbyhaber.com\/bby\/wp-json\/wp\/v2\/users\/1"}],"replies":[{"embeddable":true,"href":"https:\/\/www.bbyhaber.com\/bby\/wp-json\/wp\/v2\/comments?post=17958"}],"version-history":[{"count":0,"href":"https:\/\/www.bbyhaber.com\/bby\/wp-json\/wp\/v2\/posts\/17958\/revisions"}],"wp:attachment":[{"href":"https:\/\/www.bbyhaber.com\/bby\/wp-json\/wp\/v2\/media?parent=17958"}],"wp:term":[{"taxonomy":"category","embeddable":true,"href":"https:\/\/www.bbyhaber.com\/bby\/wp-json\/wp\/v2\/categories?post=17958"},{"taxonomy":"post_tag","embeddable":true,"href":"https:\/\/www.bbyhaber.com\/bby\/wp-json\/wp\/v2\/tags?post=17958"}],"curies":[{"name":"wp","href":"https:\/\/api.w.org\/{rel}","templated":true}]}}