{"id":17949,"date":"2015-12-10T14:47:29","date_gmt":"2015-12-10T12:47:29","guid":{"rendered":"http:\/\/www.bbyhaber.com\/bby\/?p=17949"},"modified":"2015-12-10T14:47:29","modified_gmt":"2015-12-10T12:47:29","slug":"cezaevi-kutuphane-olacak","status":"publish","type":"post","link":"https:\/\/www.bbyhaber.com\/bby\/2015\/12\/10\/cezaevi-kutuphane-olacak","title":{"rendered":"Cezaevi k\u00fct\u00fcphane olacak"},"content":{"rendered":"<p style=\"text-align: justify;\"><img loading=\"lazy\" decoding=\"async\" class=\"alignleft\" src=\"http:\/\/bbyhaber.com\/bby\/wp-content\/uploads\/2015\/12\/erdek-cezaevi.jpg\" alt=\"\" width=\"262\" height=\"122\" \/>Erdek, tarihinde ilk kez bir k\u00fct\u00fcphaneye, halen bo\u015f olan eski cezaevi binas\u0131nda kavu\u015facak. Erdek Belediye Meclisi\u2019nin, aral\u0131k ay\u0131 toplant\u0131s\u0131nda, Maliye Hazinesi\u2019ne kay\u0131tl\u0131 ve Adalet Bakanl\u0131\u011f\u0131\u2019na tahsisli bulunan yerin, il\u00e7e halk k\u00fct\u00fcphanesi ve \u201cErdek Evi\u201d olarak kullan\u0131lmak \u00fczere Erdek Belediyesi\u2019ne tahsisinin istenmesine karar verildi. Belediye Ba\u015fkan\u0131 H\u00fcseyin Sar\u0131, \u201cZaten bu b\u00f6lge, imar plan\u0131nda k\u00fct\u00fcphane yeri olarak ge\u00e7iyor. \u015eimdi biz, belediye meclisi olarak bu yerin, imar plan\u0131na uygun duruma d\u00f6n\u00fc\u015ft\u00fcr\u00fclmesi ve Adalet Bakanl\u0131\u011f\u0131\u2019na tahsisinin kald\u0131r\u0131larak, belediyemize tahsisini istiyoruz.<!--more--><\/p>\n<p style=\"text-align: justify;\">Bu b\u00f6lgenin, adalet saray\u0131 yap\u0131lmas\u0131 d\u00fc\u015f\u00fcn\u00fcl\u00fcyordu. Ancak biz, belediye olarak, adalet saray\u0131 yap\u0131m\u0131 i\u00e7in yeni bir yer g\u00f6sterdik. Erdek\u2019in tarihindeki ilk il\u00e7e halk k\u00fct\u00fcphanesini kentimize kazand\u0131raca\u011f\u0131z. B\u00f6ylece, cezaevi imaj\u0131 da silinecek\u201d dedi. 1956 y\u0131l\u0131nda a\u00e7\u0131lan Erdek Cezaevi, 58 y\u0131l sonra 2014 y\u0131l\u0131n\u0131n eyl\u00fcl ay\u0131nda kapat\u0131ld\u0131. Cezaevinde bulunan 25 h\u00fck\u00fcml\u00fc ve tutuklu, Band\u0131rma Cezaevi\u2019ne g\u00f6nderildi. Yaz aylar\u0131nda n\u00fcfusu 150 bine ula\u015fan Erdek\u2019te 3 bin 471 \u00f6\u011frenci e\u011fitim g\u00f6r\u00fcyor.<\/p>\n<p style=\"text-align: justify;\">Kaynak: http:\/\/www.aydinlikgazete.com\/<\/p>\n","protected":false},"excerpt":{"rendered":"<p>Erdek, tarihinde ilk kez bir k\u00fct\u00fcphaneye, halen bo\u015f olan eski cezaevi binas\u0131nda kavu\u015facak. Erdek Belediye Meclisi\u2019nin, aral\u0131k ay\u0131 toplant\u0131s\u0131nda, Maliye Hazinesi\u2019ne kay\u0131tl\u0131 ve Adalet Bakanl\u0131\u011f\u0131\u2019na tahsisli bulunan yerin, il\u00e7e halk k\u00fct\u00fcphanesi ve \u201cErdek Evi\u201d olarak kullan\u0131lmak \u00fczere Erdek Belediyesi\u2019ne tahsisinin istenmesine karar verildi. Belediye Ba\u015fkan\u0131 H\u00fcseyin Sar\u0131, \u201cZaten bu b\u00f6lge, imar plan\u0131nda k\u00fct\u00fcphane yeri olarak [&hellip;]<\/p>\n","protected":false},"author":1,"featured_media":0,"comment_status":"open","ping_status":"open","sticky":false,"template":"","format":"standard","meta":{"footnotes":""},"categories":[1],"tags":[114],"class_list":["post-17949","post","type-post","status-publish","format-standard","hentry","category-genel","tag-cezaevi-kutuphane"],"_links":{"self":[{"href":"https:\/\/www.bbyhaber.com\/bby\/wp-json\/wp\/v2\/posts\/17949"}],"collection":[{"href":"https:\/\/www.bbyhaber.com\/bby\/wp-json\/wp\/v2\/posts"}],"about":[{"href":"https:\/\/www.bbyhaber.com\/bby\/wp-json\/wp\/v2\/types\/post"}],"author":[{"embeddable":true,"href":"https:\/\/www.bbyhaber.com\/bby\/wp-json\/wp\/v2\/users\/1"}],"replies":[{"embeddable":true,"href":"https:\/\/www.bbyhaber.com\/bby\/wp-json\/wp\/v2\/comments?post=17949"}],"version-history":[{"count":0,"href":"https:\/\/www.bbyhaber.com\/bby\/wp-json\/wp\/v2\/posts\/17949\/revisions"}],"wp:attachment":[{"href":"https:\/\/www.bbyhaber.com\/bby\/wp-json\/wp\/v2\/media?parent=17949"}],"wp:term":[{"taxonomy":"category","embeddable":true,"href":"https:\/\/www.bbyhaber.com\/bby\/wp-json\/wp\/v2\/categories?post=17949"},{"taxonomy":"post_tag","embeddable":true,"href":"https:\/\/www.bbyhaber.com\/bby\/wp-json\/wp\/v2\/tags?post=17949"}],"curies":[{"name":"wp","href":"https:\/\/api.w.org\/{rel}","templated":true}]}}