{"id":17940,"date":"2015-12-09T17:12:03","date_gmt":"2015-12-09T15:12:03","guid":{"rendered":"http:\/\/www.bbyhaber.com\/bby\/?p=17940"},"modified":"2015-12-22T18:19:14","modified_gmt":"2015-12-22T16:19:14","slug":"karadeniz-teknik-universitesi-uzman-ilani-son-basvuru-22-aralik-2015","status":"publish","type":"post","link":"https:\/\/www.bbyhaber.com\/bby\/2015\/12\/09\/karadeniz-teknik-universitesi-uzman-ilani-son-basvuru-22-aralik-2015","title":{"rendered":"Karadeniz Teknik \u00dcniversitesi Uzman \u0130lan\u0131-Son Ba\u015fvuru-22 Aral\u0131k 2015"},"content":{"rendered":"<p style=\"text-align: justify;\"><a href=\"http:\/\/www.bbyhaber.com\/bby\/category\/bby-is-ilanlari\/\"><img loading=\"lazy\" decoding=\"async\" class=\"alignleft colorbox-9771\" src=\"http:\/\/www.bbyhaber.com\/bby\/wp-content\/uploads\/is-ilanlari-arsivi.jpg\" alt=\"\" width=\"250\" height=\"150\" \/><\/a>KARADEN\u0130Z TEKN\u0130K \u00dcN\u0130VERS\u0130TES\u0130&#8217;ne &#8220;Fak\u00fcltelerin K\u00fct\u00fcphanecilik, Ar\u015fivcilik, D\u00f6k\u00fcmantasyon ve Enformasyon, Bilgi ve Belge Y\u00f6netimi b\u00f6l\u00fcmlerinden birinden mezun olmak.&#8221; \u00f6zel \u015fart\u0131 ile <span style=\"color: #ff0000;\"><strong>1<\/strong><\/span> <strong>UZMAN<\/strong> al\u0131nacakt\u0131r. <!--more--><\/p>\n<table style=\"color: #000000; font-family: Arial, Tahoma, Verdana; font-size: 15px; line-height: 18px;\" width=\"344\" border=\"1\" cellspacing=\"0\" cellpadding=\"0\">\n<colgroup>\n<col width=\"233\" \/>\n<col width=\"111\" \/> <\/colgroup>\n<tbody>\n<tr>\n<td width=\"233\" height=\"20\">Kadro Unvan<\/td>\n<td width=\"111\"><strong>UZMAN<br \/>\n<\/strong><\/td>\n<\/tr>\n<tr>\n<td height=\"20\">ALES<\/td>\n<td><strong>70<\/strong><\/td>\n<\/tr>\n<tr>\n<td height=\"20\">\u00dcDS\/Dengi<\/td>\n<td><strong>50<\/strong><\/td>\n<\/tr>\n<tr>\n<td height=\"20\">Kadro Say\u0131s\u0131<\/td>\n<td><span style=\"color: #ff0000;\"><strong>1<\/strong><\/span><\/td>\n<\/tr>\n<tr>\n<td height=\"20\">Kadro Derecesi<\/td>\n<td>3<\/td>\n<\/tr>\n<tr>\n<td height=\"20\">Ba\u015fvuru Tipi<\/td>\n<td><strong>Posta, \u015eahsen<\/strong><\/td>\n<\/tr>\n<tr>\n<td height=\"20\">Ba\u015fvuru Yeri<\/td>\n<td><strong>Karadeniz Teknik \u00dcniversitesi Rekt\u00f6rl\u00fck Ana Bina Yaz\u0131 \u0130\u015fleri B\u00fcrosu Ortahisar\/TRABZON<br \/>\n<\/strong><\/td>\n<\/tr>\n<tr>\n<td height=\"20\"><strong style=\"color: #ff0000; font-family: Arial, Tahoma, Verdana; font-size: 15px; line-height: 18px;\">Son Ba\u015fvuru Tarihi<\/strong><\/td>\n<td><span style=\"font-family: Arial, Tahoma, Verdana;\"><span style=\"font-size: 15px;\"><strong>22.12.2015<\/strong><\/span><\/span><\/td>\n<\/tr>\n<tr>\n<td height=\"20\">\u00d6n De\u011ferlendirme Tarihi<\/td>\n<td>04.01.2016<\/td>\n<\/tr>\n<tr>\n<td height=\"20\">S\u0131nav Giri\u015f Tarihi<\/td>\n<td>11.01.2016<\/td>\n<\/tr>\n<tr>\n<td height=\"20\"><span style=\"color: #0000ff;\"><strong>Sonu\u00e7 A\u00e7\u0131klama Tarihi<\/strong><\/span><\/td>\n<td><strong>18.01.2016<\/strong><\/td>\n<\/tr>\n<\/tbody>\n<\/table>\n<p><a href=\"https:\/\/yoksis.yok.gov.tr\/ilansayfa\/?sessionid=45290\" target=\"_blank\"><span style=\"color: #0000ff;\"><strong><span style=\"color: #0000ff;\">Daha fazla bilgi ve belge i\u00e7in t\u0131klay\u0131n\u0131z<\/span><\/strong><\/span><\/a><\/p>\n<p><strong>BA\u015eVURUDA \u0130STENEN BELGELER:<\/strong><\/p>\n<p>1-pdb.ktu.edu.tr adresinde formlar k\u0131sm\u0131nda yer alan \u201c\u00d6\u011fretim Eleman\u0131 Ba\u015fvuru Dilek\u00e7esi\u201d doldurulmu\u015f ve imzalanm\u0131\u015f olarak<strong>(\u0130lan No mutlaka belirtilecek)<\/strong><\/p>\n<p>2-\u00d6zge\u00e7mi\u015f,<\/p>\n<p>3-Bir adet foto\u011fraf<\/p>\n<p>4-N\u00fcfus c\u00fczdan fotokopisi<\/p>\n<p>5-Lisans Mezuniyet Belgesi fotokopisi<\/p>\n<p>6- Lisans Mezuniyet Belgesi Transkript fotokopisi<\/p>\n<p>7-ALES Belgesi (son \u00fc\u00e7 y\u0131lda al\u0131nm\u0131\u015f olmas\u0131),<\/p>\n<p>8-Yabanc\u0131 Dil Belgesi (KPDS, \u00dcDS veya Muadili),<\/p>\n<p>9-Hizmet Belgesi (Halen bir kamu kurumunda \u00e7al\u0131\u015fmakta olanlar ile ayr\u0131lm\u0131\u015f olanlar vereceklerdir).<\/p>\n<p>10-\u0130lan \u00f6zel \u015fartlar b\u00f6l\u00fcm\u00fcnde belirtilen \u015fartlar\u0131 sa\u011flad\u0131\u011f\u0131na dair belgeler<\/p>\n<p>11-\u0130lan unvan \u015fartlar\u0131 b\u00f6l\u00fcm\u00fcnde belirtilen \u015fartlar\u0131 sa\u011flad\u0131\u011f\u0131na dair belgeler.<\/p>\n<p>12- Posta ile yap\u0131lacak m\u00fcracaatlarda, postada olu\u015facak gecikmelerden \u00dcniversitemiz sorumlu de\u011fildir.<\/p>\n<p><strong>NOT: 1-\u0130stenen belgeler A4 Ka\u011f\u0131t Boyutunda olacakt\u0131r.<\/strong><\/p>\n<p><strong>\u00a0\u00a0\u00a0\u00a0\u00a0\u00a0\u00a0\u00a0\u00a0 \u00a02-Daha\u00a0<\/strong><strong>sonra hi\u00e7bir \u015fekilde belge iadesi yap\u0131lmayacakt\u0131r.<\/strong><\/p>\n","protected":false},"excerpt":{"rendered":"<p>KARADEN\u0130Z TEKN\u0130K \u00dcN\u0130VERS\u0130TES\u0130&#8217;ne &#8220;Fak\u00fcltelerin K\u00fct\u00fcphanecilik, Ar\u015fivcilik, D\u00f6k\u00fcmantasyon ve Enformasyon, Bilgi ve Belge Y\u00f6netimi b\u00f6l\u00fcmlerinden birinden mezun olmak.&#8221; \u00f6zel \u015fart\u0131 ile 1 UZMAN al\u0131nacakt\u0131r.<\/p>\n","protected":false},"author":1,"featured_media":0,"comment_status":"open","ping_status":"open","sticky":false,"template":"","format":"standard","meta":{"footnotes":""},"categories":[],"tags":[1393],"class_list":["post-17940","post","type-post","status-publish","format-standard","hentry","tag-bby-is-ilanlari-arsivi"],"_links":{"self":[{"href":"https:\/\/www.bbyhaber.com\/bby\/wp-json\/wp\/v2\/posts\/17940"}],"collection":[{"href":"https:\/\/www.bbyhaber.com\/bby\/wp-json\/wp\/v2\/posts"}],"about":[{"href":"https:\/\/www.bbyhaber.com\/bby\/wp-json\/wp\/v2\/types\/post"}],"author":[{"embeddable":true,"href":"https:\/\/www.bbyhaber.com\/bby\/wp-json\/wp\/v2\/users\/1"}],"replies":[{"embeddable":true,"href":"https:\/\/www.bbyhaber.com\/bby\/wp-json\/wp\/v2\/comments?post=17940"}],"version-history":[{"count":0,"href":"https:\/\/www.bbyhaber.com\/bby\/wp-json\/wp\/v2\/posts\/17940\/revisions"}],"wp:attachment":[{"href":"https:\/\/www.bbyhaber.com\/bby\/wp-json\/wp\/v2\/media?parent=17940"}],"wp:term":[{"taxonomy":"category","embeddable":true,"href":"https:\/\/www.bbyhaber.com\/bby\/wp-json\/wp\/v2\/categories?post=17940"},{"taxonomy":"post_tag","embeddable":true,"href":"https:\/\/www.bbyhaber.com\/bby\/wp-json\/wp\/v2\/tags?post=17940"}],"curies":[{"name":"wp","href":"https:\/\/api.w.org\/{rel}","templated":true}]}}