{"id":17914,"date":"2015-12-05T10:44:49","date_gmt":"2015-12-05T08:44:49","guid":{"rendered":"http:\/\/www.bbyhaber.com\/bby\/?p=17914"},"modified":"2019-09-17T07:46:18","modified_gmt":"2019-09-17T04:46:18","slug":"heybeliada-kutuphanesiz-kaldi","status":"publish","type":"post","link":"https:\/\/www.bbyhaber.com\/bby\/2015\/12\/05\/heybeliada-kutuphanesiz-kaldi","title":{"rendered":"Heybeliada K\u00fct\u00fcphanesiz Kald\u0131"},"content":{"rendered":"<p style=\"text-align: justify;\"><img loading=\"lazy\" decoding=\"async\" class=\"alignleft\" src=\"http:\/\/bianet.org\/system\/uploads\/1\/articles\/spot_image\/000\/169\/891\/original\/510.jpg\" alt=\"\" width=\"325\" height=\"177\" \/>\u0130l \u00d6zel \u0130daresi&#8217;nin feshedilmesinin ard\u0131ndan \u0130l\u00e7e Milli E\u011fitim&#8217;e devredilen Heybeliada&#8217;n\u0131n k\u00fct\u00fcphanesi Triandafilidas K\u00f6\u015fk\u00fc, Milli E\u011fitim&#8217;in k\u00fct\u00fcphane teklifini reddetmesi \u00fczerine &#8220;hizmet binas\u0131&#8221; olarak kullan\u0131lacak, adada k\u00fct\u00fcphane olmayacak.Orhan Kemal \u0130l Halk K\u00fct\u00fcphanesi&#8217;ne ba\u011fl\u0131 \u015fube k\u00fct\u00fcphanesi olarak hizmet veren ve 2013\u2019ten beri restorasyonda olan Triandafilidis K\u00f6\u015fk\u00fc Milli E\u011fitim\u2019de devredildi, adal\u0131lar k\u00fct\u00fcphanesiz kald\u0131.<!--more--><\/p>\n<p style=\"text-align: justify;\">Ada halk\u0131, 2008\u2019den beri bo\u015f olan, bah\u00e7esine \u00e7\u00f6p bo\u015falt\u0131lan Triandafilidis K\u00f6\u015fk\u00fc\u2019n\u00fcn yeniden k\u00fct\u00fcphane olarak hizmet vermesi i\u00e7in 2013 y\u0131l\u0131nda Heybeliada K\u00fct\u00fcphane Giri\u015fimi\u2019ni kurmu\u015f, giri\u015fim den Heybeliada K\u00fct\u00fcphane Derne\u011fi ortaya \u00e7\u0131km\u0131\u015ft\u0131.<\/p>\n<p style=\"text-align: justify;\"><strong>Demirhan: \u0130l\u00e7e Milli E\u011fitim reddediyor<\/strong><\/p>\n<p style=\"text-align: justify;\">bianet\u2019e konu\u015fan Heybeliada K\u00fct\u00fcphane Derne\u011fi\u2019nden Serenad Demirhan yak\u0131n zamanda kendilerine, k\u00f6\u015fk\u00fcn \u0130l\u00e7e Mili E\u011fitim M\u00fcd\u00fcrl\u00fc\u011f\u00fc\u2019ne verildi\u011fini, binan\u0131n k\u00fct\u00fcphane olarak de\u011fil, hizmet binas\u0131 olarak kullan\u0131laca\u011f\u0131n\u0131n bildirildi\u011fini aktard\u0131.<\/p>\n<p style=\"text-align: justify;\">\u201c2013\u2019te t\u00fcm\u00fcyle ah\u015fap olan k\u00fct\u00fcphane binas\u0131n\u0131n restore edilmesi i\u00e7in ilgili ve yetkili makamlara g\u00f6ndermek \u00fczere 500 imza toplam\u0131\u015ft\u0131k.<\/p>\n<p style=\"text-align: justify;\">Bu s\u00fcre\u00e7te bizi Vali Yard\u0131mc\u0131s\u0131 \u0130smail G\u00fcltekin, \u0130l K\u00fclt\u00fcr ve Turizm M\u00fcd\u00fcr\u00fc Nedret Apayd\u0131n ve ondan \u00f6nce g\u00f6rev yapan Ahmet Emre Bilgili de desteklemi\u015f, etkinliklerimize gelmi\u015fti. \u0130l \u00d6zel \u0130daresi de binan\u0131n k\u00fct\u00fcphane olarak restore edilmesi i\u00e7in ihale a\u00e7t\u0131.\u201d<\/p>\n<p style=\"text-align: justify;\">Demirhan, bunun \u00fczerine 2014\u2019te \u0130stanbul \u0130l \u00d6zel Dairesi\u2019nin feshedilmesi \u00fczerine, Daire\u2019nin mallar\u0131 Hazine\u2019ye devredildi\u011fini, Hazine\u2019nin de binay\u0131 Milli E\u011fitim Bakanl\u0131\u011f\u0131&#8217;na tahsis edildi\u011fini aktard\u0131.<\/p>\n<p style=\"text-align: justify;\">Demirhan, bunun \u00fczerine 4 A\u011fustos\u2019ta \u0130l K\u00fclt\u00fcr ve Turizm M\u00fcd\u00fcr\u00fc Apayd\u0131n\u2019\u0131n, dilek\u00e7eyle binan\u0131n k\u00fct\u00fcphane amac\u0131yla tahsis edilmesini istedi\u011fini ancak \u0130l\u00e7e Milli e\u011fitim M\u00fcd\u00fcrl\u00fc\u011f\u00fc\u2019n\u00fcn bunu kabul etmedi\u011fini ekledi.<\/p>\n<p style=\"text-align: justify;\"><strong>Kartal: \u0130l\u00e7e Milli E\u011fitim&#8217;i anlamak m\u00fcmk\u00fcn de\u011fil<\/strong><\/p>\n<p style=\"text-align: justify;\"><strong>T\u00fcrk K\u00fct\u00fcphaneciler Derne\u011fi Ba\u015fkan\u0131 Ali Fuat Kartal<\/strong> da Heybeliada halk\u0131n\u0131n k\u00fct\u00fcphanelerine sahip \u00e7\u0131kmas\u0131n\u0131n \u00f6rnek olu\u015fturdu\u011funu belirterek \u201c\u0130l\u00e7e Milli E\u011fitim\u2019in bu tavr\u0131n\u0131 anlamak zor\u201d dedi.<\/p>\n<p style=\"text-align: justify;\">K\u00fct\u00fcphane i\u00e7in hukuki m\u00fccadele s\u00fcr\u00fcyor.<\/p>\n<p style=\"text-align: justify;\">Kaynak:http:\/\/bianet.org\/<\/p>\n","protected":false},"excerpt":{"rendered":"<p>\u0130l \u00d6zel \u0130daresi&#8217;nin feshedilmesinin ard\u0131ndan \u0130l\u00e7e Milli E\u011fitim&#8217;e devredilen Heybeliada&#8217;n\u0131n k\u00fct\u00fcphanesi Triandafilidas K\u00f6\u015fk\u00fc, Milli E\u011fitim&#8217;in k\u00fct\u00fcphane teklifini reddetmesi \u00fczerine &#8220;hizmet binas\u0131&#8221; olarak kullan\u0131lacak, adada k\u00fct\u00fcphane olmayacak.Orhan Kemal \u0130l Halk K\u00fct\u00fcphanesi&#8217;ne ba\u011fl\u0131 \u015fube k\u00fct\u00fcphanesi olarak hizmet veren ve 2013\u2019ten beri restorasyonda olan Triandafilidis K\u00f6\u015fk\u00fc Milli E\u011fitim\u2019de devredildi, adal\u0131lar k\u00fct\u00fcphanesiz kald\u0131.<\/p>\n","protected":false},"author":1,"featured_media":0,"comment_status":"open","ping_status":"open","sticky":false,"template":"","format":"standard","meta":{"footnotes":""},"categories":[1474,1,1502],"tags":[805],"class_list":["post-17914","post","type-post","status-publish","format-standard","hentry","category-ali-fuat-kartal","category-genel","category-prof-dr-bulent-yilmaz","tag-heybeliada-kutuphanesi"],"_links":{"self":[{"href":"https:\/\/www.bbyhaber.com\/bby\/wp-json\/wp\/v2\/posts\/17914"}],"collection":[{"href":"https:\/\/www.bbyhaber.com\/bby\/wp-json\/wp\/v2\/posts"}],"about":[{"href":"https:\/\/www.bbyhaber.com\/bby\/wp-json\/wp\/v2\/types\/post"}],"author":[{"embeddable":true,"href":"https:\/\/www.bbyhaber.com\/bby\/wp-json\/wp\/v2\/users\/1"}],"replies":[{"embeddable":true,"href":"https:\/\/www.bbyhaber.com\/bby\/wp-json\/wp\/v2\/comments?post=17914"}],"version-history":[{"count":1,"href":"https:\/\/www.bbyhaber.com\/bby\/wp-json\/wp\/v2\/posts\/17914\/revisions"}],"predecessor-version":[{"id":27077,"href":"https:\/\/www.bbyhaber.com\/bby\/wp-json\/wp\/v2\/posts\/17914\/revisions\/27077"}],"wp:attachment":[{"href":"https:\/\/www.bbyhaber.com\/bby\/wp-json\/wp\/v2\/media?parent=17914"}],"wp:term":[{"taxonomy":"category","embeddable":true,"href":"https:\/\/www.bbyhaber.com\/bby\/wp-json\/wp\/v2\/categories?post=17914"},{"taxonomy":"post_tag","embeddable":true,"href":"https:\/\/www.bbyhaber.com\/bby\/wp-json\/wp\/v2\/tags?post=17914"}],"curies":[{"name":"wp","href":"https:\/\/api.w.org\/{rel}","templated":true}]}}