{"id":17866,"date":"2015-11-20T13:08:05","date_gmt":"2015-11-20T11:08:05","guid":{"rendered":"http:\/\/www.bbyhaber.com\/bby\/?p=17866"},"modified":"2015-12-04T17:30:09","modified_gmt":"2015-12-04T15:30:09","slug":"kastamonu-ve-cankiri-karatekin-universitesi-bbyden-ortak-panel","status":"publish","type":"post","link":"https:\/\/www.bbyhaber.com\/bby\/2015\/11\/20\/kastamonu-ve-cankiri-karatekin-universitesi-bbyden-ortak-panel","title":{"rendered":"Kastamonu ve \u00c7ank\u0131r\u0131 Karatekin \u00dcniversitesi BBY&#8217;den ortak panel"},"content":{"rendered":"<p style=\"text-align: justify;\"><img loading=\"lazy\" decoding=\"async\" class=\"alignleft\" src=\"http:\/\/www.bbyhaber.com\/bby\/wp-content\/uploads\/2015\/11\/panel-bby-cankiri-kastamonu.jpg\" alt=\"\" width=\"317\" height=\"196\" \/>Kastamonu \u00dcniversitesi ve \u00c7ank\u0131r\u0131 Karatekin \u00dcniversitesi Bilgi ve Belge Y\u00f6netimi B\u00f6l\u00fcmlerinin ortakla\u015fa d\u00fczenledi\u011fi &#8220;<strong>\u00d6zel Ara\u015ft\u0131rma K\u00fct\u00fcphaneleri\/ Bilgi Merkezleri Paneli<\/strong>&#8221; <strong>4 Aral\u0131k 2015 Cuma<\/strong> \u00a0g\u00fcn\u00fc Kastamonu \u00dcniversitesi 3 Mart Konferans Salonunda ger\u00e7ekle\u015ftirilecektir. Panele ili\u015fkin bilgiler a\u015fa\u011f\u0131dad\u0131r.<!--more--><\/p>\n<p>\u00a0<strong>Tarih:<\/strong>4 Aral\u0131k 2015, Cuma<\/p>\n<p><strong>Saat:<\/strong> 9.00-12.30<\/p>\n<p><strong>Yer:<\/strong> 3 Mart Konferans Salonu, Meslek Y\u00fcksek Okulu Kastamonu \u00dcniversitesi<\/p>\n<p><strong>1.Oturum: Oturum Ba\u015fkan\u0131:<\/strong> Prof. Dr. Yavuz Unat (Kastamonu \u00dcnv.)<\/p>\n<p><strong>Konu\u015fmac\u0131lar:<\/strong><\/p>\n<p>Prof. Dr. Hasan S. Kesero\u011flu (Kastamonu \u00dcnv.)<\/p>\n<p>Do\u00e7. Dr. Co\u015fkun Polat (\u00c7ank\u0131r\u0131 Karatekin \u00dcnv.)<\/p>\n<p>Yard. Do\u00e7. Dr. Mehmet Ali Akkaya (\u00c7ank\u0131r\u0131 Karatekin \u00dcnv.)<\/p>\n<p><strong>\u00c7ay-kahve Aras\u0131<\/strong>:10.30-11.00<\/p>\n<p><strong>2. Oturum:<\/strong> <strong>Oturum Ba\u015fkan\u0131:<\/strong> Prof. Dr. Hasan S. Kesero\u011flu (Kastamonu \u00dcnv.)<\/p>\n<p><strong>Konu\u015fmac\u0131lar:<\/strong><\/p>\n<p>Asl\u0131 Mardin Davaz (Kad\u0131n Eserleri K\u00fct\u00fcphanesi)<\/p>\n<p>\u0130lkim Meng\u00fclerek (\u0130SMMMO Bilgiye Eri\u015fim Merkezi)<\/p>\n<p><strong>\u0130leti\u015fim:<\/strong> Ar. G\u00f6r. Ay\u015fenur G\u00fcne\u015f (366) 280 1956<\/p>\n","protected":false},"excerpt":{"rendered":"<p>Kastamonu \u00dcniversitesi ve \u00c7ank\u0131r\u0131 Karatekin \u00dcniversitesi Bilgi ve Belge Y\u00f6netimi B\u00f6l\u00fcmlerinin ortakla\u015fa d\u00fczenledi\u011fi &#8220;\u00d6zel Ara\u015ft\u0131rma K\u00fct\u00fcphaneleri\/ Bilgi Merkezleri Paneli&#8221; 4 Aral\u0131k 2015 Cuma \u00a0g\u00fcn\u00fc Kastamonu \u00dcniversitesi 3 Mart Konferans Salonunda ger\u00e7ekle\u015ftirilecektir. Panele ili\u015fkin bilgiler a\u015fa\u011f\u0131dad\u0131r.<\/p>\n","protected":false},"author":1,"featured_media":0,"comment_status":"open","ping_status":"open","sticky":false,"template":"","format":"standard","meta":{"footnotes":""},"categories":[],"tags":[1395],"class_list":["post-17866","post","type-post","status-publish","format-standard","hentry","tag-bby-mesleki-etkinlikler-arsivi"],"_links":{"self":[{"href":"https:\/\/www.bbyhaber.com\/bby\/wp-json\/wp\/v2\/posts\/17866"}],"collection":[{"href":"https:\/\/www.bbyhaber.com\/bby\/wp-json\/wp\/v2\/posts"}],"about":[{"href":"https:\/\/www.bbyhaber.com\/bby\/wp-json\/wp\/v2\/types\/post"}],"author":[{"embeddable":true,"href":"https:\/\/www.bbyhaber.com\/bby\/wp-json\/wp\/v2\/users\/1"}],"replies":[{"embeddable":true,"href":"https:\/\/www.bbyhaber.com\/bby\/wp-json\/wp\/v2\/comments?post=17866"}],"version-history":[{"count":0,"href":"https:\/\/www.bbyhaber.com\/bby\/wp-json\/wp\/v2\/posts\/17866\/revisions"}],"wp:attachment":[{"href":"https:\/\/www.bbyhaber.com\/bby\/wp-json\/wp\/v2\/media?parent=17866"}],"wp:term":[{"taxonomy":"category","embeddable":true,"href":"https:\/\/www.bbyhaber.com\/bby\/wp-json\/wp\/v2\/categories?post=17866"},{"taxonomy":"post_tag","embeddable":true,"href":"https:\/\/www.bbyhaber.com\/bby\/wp-json\/wp\/v2\/tags?post=17866"}],"curies":[{"name":"wp","href":"https:\/\/api.w.org\/{rel}","templated":true}]}}