{"id":17844,"date":"2015-11-16T12:49:32","date_gmt":"2015-11-16T10:49:32","guid":{"rendered":"http:\/\/www.bbyhaber.com\/bby\/?p=17844"},"modified":"2015-12-03T23:50:31","modified_gmt":"2015-12-03T21:50:31","slug":"turkiye%e2%80%99de-internet-konferansi-inet-tr-1-3-aralik-2015istanbul-universitesi","status":"publish","type":"post","link":"https:\/\/www.bbyhaber.com\/bby\/2015\/11\/16\/turkiye%e2%80%99de-internet-konferansi-inet-tr-1-3-aralik-2015istanbul-universitesi","title":{"rendered":"T\u00fcrkiye\u2019de \u0130nternet Konferans\u0131 (INET-TR)-1-3 Aral\u0131k 2015,\u0130stanbul \u00dcniversitesi"},"content":{"rendered":"<p style=\"text-align: justify;\"><img loading=\"lazy\" decoding=\"async\" class=\"alignleft\" src=\"http:\/\/bbyhaber.com\/bby\/wp-content\/uploads\/2015\/11\/inet-tr.jpg\" alt=\"\" width=\"266\" height=\"131\" \/>T\u00fcrkiye \u0130nterneti emekleme a\u015famas\u0131nda iken, yurtd\u0131\u015f\u0131 ba\u011flant\u0131s\u0131 64K ve yurt i\u00e7i ba\u011flant\u0131lar 19K iken, hen\u00fcz megabitli omurgalar hayal a\u015fmas\u0131nda iken,\u00a0 bir grup internet g\u00f6n\u00fcll\u00fcs\u00fcn\u00fcn ba\u015flatt\u0131\u011f\u0131 \u201c<strong>T\u00fcrkiye\u2019de \u0130nternet<\/strong> <strong>Konferans\u0131 (INET-TR)&#8221;<\/strong> bu y\u0131l 20. defa CRESGA organizasyonun deste\u011fiyle yap\u0131l\u0131yor. 1-3 Aral\u0131k tarihlerinde \u0130stanbul \u00dcniversitesi, Beyaz\u0131t Kampusu\u2019nda Kongre Merkezi\u2019nde yap\u0131lacak INET-TR\u2019de, T\u00fcrkiye\u2019deki \u0130nternet tart\u0131\u015f\u0131lacak.<!--more--> Konferans, t\u00fcm ilgili gruplar\u0131 bir araya getirerek \u0130nternet\u2019i t\u00fcm boyutlar\u0131yla tart\u0131\u015fmak, \u0130nternet teknolojileri arac\u0131l\u0131\u011f\u0131 ile toplumsal verimlili\u011fi art\u0131rmak ve toplumun dikkatini olabildi\u011fince bu y\u00f6ne \u00e7ekmeyi ama\u00e7l\u0131yor.\u00a0\u00a0 INET-TR, T\u00fcrkiye \u0130nterneti\u2019nin bir resminin \u00e7ekildi\u011fi, ana sorunlar\u0131n\u0131n tart\u0131\u015f\u0131ld\u0131\u011f\u0131, \u00e7\u00f6z\u00fcmler i\u00e7in ortak ak\u0131l arand\u0131\u011f\u0131, \u0130nternetle ilgilenen herkese, uzman\u0131na, \u00f6\u011frencisine, \u00f6\u011fretmenine, i\u015f adam\u0131na, ev han\u0131m\u0131na, emeklisine a\u00e7\u0131k oldu\u011fu, i\u015fin teknik boyutundan \u00e7ok sosyal boyutlar\u0131n\u0131n tart\u0131\u015f\u0131ld\u0131\u011f\u0131 bir konferanst\u0131r. INET-TR Konferans\u0131 t\u00fcm yurtta\u015flar\u0131m\u0131za a\u00e7\u0131k ve \u00fccretsizdir. Kat\u0131l\u0131m i\u00e7in http:\/\/<a href=\"http:\/\/www.inet-tr.org.tr\/\" target=\"_blank\">inet-tr<\/a><span style=\"text-decoration: underline;\">.org<\/span><a href=\"http:\/\/www.inet-tr.org.tr\/\">.tr<\/a>\u00a0adresinden kay\u0131t olunmas\u0131 istenmektedir.<\/p>\n<p style=\"text-align: justify;\">\u0130nternet d\u00fcnya \u00fczerinde 3 milyar\u0131 a\u015fk\u0131n insan\u0131n kat\u0131ld\u0131\u011f\u0131, 1 milyara yak\u0131n webin, 300 milyon civar\u0131nda alan ad\u0131n\u0131n, 1 milyar 34 milyon kay\u0131tl\u0131 bilgisayar\u0131n, bir milyar\u0131 a\u015fk\u0131n \u00fcyeli sosyal a\u011flar\u0131n oldu\u011fu, bir payla\u015f\u0131m, \u00f6\u011frenme, \u00fcretim ve e\u011flence ortam\u0131d\u0131r. \u0130nternet sanayi devrimi boyutlar\u0131nda bir geli\u015fmeyi temsil etmektedir. Hayat\u0131n her boyutunu de\u011fi\u015ftiren, sekt\u00f6rleri yeniden yap\u0131land\u0131ran, meslekleri de\u011fi\u015ftiren, kamu y\u00f6netimi, demokrasi, hizmeti, ticareti yeniden tan\u0131mlayan devrimsel bir geli\u015fmedir. Birbirlerini hi\u00e7 g\u00f6rmeyen insanlar, insanl\u0131\u011f\u0131n ortak m\u00fclkiyeti i\u00e7in \u00fcr\u00fcnler geli\u015ftirmekte; \u00f6zg\u00fcr yaz\u0131l\u0131m, a\u00e7\u0131k eri\u015fim, a\u00e7\u0131k ders malzemeleri, a\u00e7\u0131k donan\u0131m, a\u00e7\u0131k bilim, a\u00e7\u0131k t\u0131p, a\u00e7\u0131k tasar\u0131m, a\u00e7\u0131k mimari ve a\u00e7\u0131k biyoloji gibi projeleri hayata ge\u00e7irmektedirler.<\/p>\n<p style=\"text-align: justify;\"><strong>Bu y\u0131l T\u00fcrkiye\u2019de internet \u00fczerinden i\u015f yapan (\u00fcr\u00fcn, hizmet ve \u00e7\u00f6z\u00fcm satan) firmalar ve y\u00f6neticilerinin ba\u015far\u0131 hik\u00e2yelerini \u00f6ne \u00e7\u0131kartmak istiyoruz. Ziyaret\u00e7iler aras\u0131nda \u00e7e\u015fitli sekt\u00f6rlerde faaliyet g\u00f6steren firmalar\u0131n y\u00f6neticileri ve uzman personellerin olmas\u0131n\u0131 hedefliyoruz.<\/strong><\/p>\n<p style=\"text-align: justify;\"><strong>Sosyal A\u011flar Her \u015eeyi De\u011fi\u015ftiriyor<\/strong><br \/>\nSosyal a\u011flar ve yeni medya insanlar\u0131n kurdu\u011fu dostluk ve payla\u015f\u0131m a\u011f\u0131 olman\u0131n \u00e7ok \u00f6tesinde bir \u00f6rg\u00fctlenme, \u00fcretim, yay\u0131n, halka ili\u015fkiler, reklam ve pazarlama ortam\u0131 olmu\u015ftur. Her kurum, sosyal a\u011flarda var olmak, onu izlemek, kendi itibar\u0131n\u0131 korumak i\u00e7in en yetenekli ve birikimli elamanlar\u0131n\u0131 sosyal medya uzman\u0131 atamak zorunda kalmaktad\u0131r.\u00a0 Sosyal A\u011flarla ilgili bir\u00e7ok oturum var.\u00a0<strong>Sosyal A\u011flarda Kendinizi Nas\u0131l Korursunuz<\/strong>\u00a0konusunda bir seminer ve\u00a0<strong>WhatsUp ile Bo\u015fanma<\/strong>\u00a0ilgin\u00e7 paneller aras\u0131nda.\u00a0 Sosyal a\u011flarda gen\u00e7ler ve de\u011fi\u015fik mesleklerde internet kullan\u0131m\u0131 enine boyuna tart\u0131\u015f\u0131lan konular aras\u0131nda.<\/p>\n<p style=\"text-align: justify;\"><strong>Yeni Medya ve Gazetecilik De\u011fi\u015fim S\u00fcrecinde<\/strong><br \/>\n\u0130nternet yeni medya ortamlar\u0131 olu\u015fturarak k\u0131sa medyaya meydan okumaktad\u0131r. Konferansta internetin meydana getirdi\u011fi de\u011fi\u015fikler de tart\u0131\u015f\u0131lacak. Gazeteciler ve akademisyenler panelinde \u201cInternet \u00e7a\u011f\u0131nda gazetecili\u011fin gelece\u011fi ve gazetelerin gelece\u011fi\u201d tart\u0131\u015f\u0131lacak.<\/p>\n<p style=\"text-align: justify;\"><strong>Hukuk Tart\u0131\u015fmalar\u0131 \u00d6ne \u00c7\u0131k\u0131yor<\/strong><br \/>\n\u0130nternet devrimsel bir de\u011fi\u015fim oldu\u011fu i\u00e7in pek \u00e7ok \u015feyi de\u011fi\u015ftiriyor. Ortaya \u00e7\u00f6z\u00fclmesi zor konular \u00e7\u0131k\u0131yor. T\u00fcrkiye\u2019de internet mevzuat\u0131n\u0131n AB ve ABD ile kar\u015f\u0131la\u015ft\u0131r\u0131lmas\u0131, Google ve Twitter\u2019\u0131n avukat\u0131 G\u00f6nen\u00e7 G\u00fcrkaynak taraf\u0131ndan yap\u0131lacakt\u0131r. Nesnelerin \u0130nterneti, ki\u015fisel verilerin ba\u015fta sa\u011fl\u0131k sekt\u00f6r\u00fc olmak \u00fczere korunmas\u0131 da \u00e7e\u015fitli oturumlar\u0131n konusunu olu\u015fturuyor.<\/p>\n<p style=\"text-align: justify;\"><strong>Altyap\u0131 Yeterli mi?\u00a0<\/strong><br \/>\n\u0130nternet altyap\u0131s\u0131, 4.5G ve mevcut altyap\u0131n\u0131n Bilgi Toplumu i\u00e7in yeterli olup olmad\u0131\u011f\u0131 da ilgili payda\u015flar\u0131n kat\u0131ld\u0131\u011f\u0131 bir panelle tart\u0131\u015f\u0131lacak.<\/p>\n<p style=\"text-align: justify;\"><strong>Gen\u00e7lere Programlama Anlat\u0131lacak<\/strong><br \/>\nB\u00fct\u00fcn d\u00fcnya \u00e7ocuklara programlamay\u0131 \u00f6\u011fretmeye \u00e7al\u0131\u015f\u0131yor. ABD ve AB \u2018de bu y\u00f6nde kampanyalar yap\u0131l\u0131yor. Hatta ana okulda bunu ba\u015flatma \u00e7abalar\u0131 var.\u00a0<strong>4-13 ya\u015f\u0131ndaki Gen\u00e7lere Teknoloji E\u011fitimi<\/strong>oturumunda d\u00fcnyada ve T\u00fcrkiye\u2019deki geli\u015fmeler de tart\u0131\u015f\u0131lacak.<\/p>\n<p style=\"text-align: justify;\"><strong>\u0130nternet Ekonomisi Tart\u0131\u015f\u0131lacak<\/strong><br \/>\n\u0130nternetin y\u00f6netim anlay\u0131\u015f\u0131na getirdikleri, ulus devlete getirdikleri yan\u0131nda \u0130nternet ekonomisinin yeni boyutlar\u0131 ICANN, ISOC ve Google\u2019dan temsilcilerin kat\u0131l\u0131m\u0131yla \u0130ngilizce olarak bir oturumda tart\u0131\u015f\u0131lacak.<\/p>\n<p style=\"text-align: justify;\"><strong>G\u00fcvenlik Konular\u0131 G\u00fcndemde<\/strong><br \/>\nKonferans\u2019ta bir yanda \u00fclke boyutunda \u201cSiber G\u00fcvenlik\u201d,\u00a0 Kurumsal Bireysel G\u00fcvenli\u011fe y\u00f6nelik\u00a0 bildiri ve seminerler yer almaktad\u0131r.\u00a0 E-postalar\u0131n\u0131z\u0131 Nas\u0131l g\u00fcvenli hale getirsiniz, G\u00fcvenli Elektronik Posta (KEP) ve Elektronik \u0130mza da enine boyuna tart\u0131\u015f\u0131lacakt\u0131r. \u201cGen\u00e7lerdenG\u00fcvenlik \u00d6\u011f\u00fctleri\u201d ilgin\u00e7 otuurmlar aras\u0131nda.<\/p>\n<p style=\"text-align: justify;\"><strong>Kad\u0131n Bili\u015fim Paneli yap\u0131lacak<\/strong><br \/>\n\u00c7e\u015fitli sekt\u00f6rlerden gen\u00e7 kad\u0131n bili\u015fimciler, Bili\u015fim ve Kad\u0131n konusunun \u00e7e\u015fitli boyutlar\u0131n\u0131 irdelecektir.<\/p>\n<p style=\"text-align: justify;\"><strong>Her Kesime \u00d6zg\u00fcr Yaz\u0131l\u0131mlar Anlat\u0131lacak<\/strong><br \/>\nKonferansta toplam 44 oturumda 7 Panel\/Forum, 18 seminer ve yakla\u015f\u0131k 10 bildiri ile 10 kadar firma ba\u015far\u0131 \u00f6yk\u00fcs\u00fc oturumu olacakt\u0131r. Seminerler, geni\u015f bir yelpazede profesyonellere, \u00f6\u011frencilere ve s\u0131radan kullan\u0131c\u0131lara y\u00f6nelik ve \u00f6zg\u00fcr yaz\u0131l\u0131m temal\u0131 olacakt\u0131r. Linux ve \u00d6zg\u00fcr yaz\u0131l\u0131mlar, \u0130nternet \u00fczerinde yay\u0131lm\u0131\u015f 10 milyon civar\u0131nda g\u00f6n\u00fcll\u00fcn\u00fcn \u00fcretti\u011fi 1 milyon civar\u0131nda yaz\u0131l\u0131m\u0131 kapsamaktad\u0131r.<\/p>\n<p style=\"text-align: justify;\">\u00dclkemizin yaz\u0131l\u0131m stratejisinin \u00f6nemli bir par\u00e7as\u0131 olmas\u0131 gereken \u00f6zg\u00fcr yaz\u0131l\u0131m, bireyler, kurumlar ve \u00fclkeler i\u00e7in tasarruf, istihdam, g\u00fcvenlik ve rekabet a\u00e7\u0131lar\u0131ndan \u00f6nemlidir. \u00dclkemizdeki \u0130nternet kullan\u0131ma y\u00f6nelik, e-\u00f6\u011frenme, toplumsal yans\u0131malar, e-tar\u0131m, e-ticaret konular\u0131nda deneyim payla\u015fan bildirilerin yan\u0131nda i\u015fin teknik boyutuna odaklanm\u0131\u015f bildiriler de sunulacakt\u0131r.<\/p>\n<p style=\"text-align: justify;\"><strong>\u00a0<\/strong><strong>Bilgi ve \u0130leti\u015fim<\/strong><br \/>\nAyr\u0131nt\u0131l\u0131 bilgi:\u00a0http:\/\/<a href=\"http:\/\/www.inet-tr.org.tr\/\" target=\"_blank\">inet-tr.org.tr<\/a>\u00a0\u00a0ve\u00a0<a href=\"http:\/\/inet-tr.istanbul.edu.tr\/\" target=\"_blank\">http:\/\/inet-tr.istanbul.edu.tr<\/a>\u00a0 adresinden edinilebilir.<\/p>\n<table style=\"width: 450px;\" border=\"1\">\n<tbody>\n<tr>\n<td>20.T\u00fcrkiye&#8217;de \u0130nternet Konferans\u0131, \u0130stanbul \u00dcniversitesi, Beyaz\u0131t, \u0130stanbul<\/td>\n<td>1-3 Aral\u0131k<br \/>\n2015<\/td>\n<td>inet-tr&#8217;15<\/td>\n<\/tr>\n<tr>\n<td>19. T\u00fcrkiye&#8217;de \u0130nternet Konferans\u0131, Ya\u015far Universitesi, Bornova, \u0130zmir<\/td>\n<td>27-29 Kas\u0131m 2014<\/td>\n<td>inet-tr&#8217;14<\/td>\n<\/tr>\n<tr>\n<td>18.T\u00fcrkiye&#8217;de \u0130nternet Konferans\u0131, \u0130stanbul \u00dcniversitesi, Beyaz\u0131t, \u0130stanbul<\/td>\n<td>9-11 Aral\u0131k 2013<\/td>\n<td>inet-tr&#8217;13<\/td>\n<\/tr>\n<tr>\n<td>17. T\u00fcrkiye&#8217;de \u0130nternet Konferans\u0131, Anadolu \u00dcniversitesi, Eski\u015fehir<\/td>\n<td>7-9 Kas\u0131m 2012<\/td>\n<td>inet-tr&#8217;12<\/td>\n<\/tr>\n<tr>\n<td>16. T\u00fcrkiye&#8217;de \u0130nternet Konferans\u0131, Ege \u00dcniversitesi, Bornova, \u0130zmir<\/td>\n<td>30 Kas\u0131m &#8211; 2 Aral\u0131k 2011<\/td>\n<td>inet-tr&#8217;11<\/td>\n<\/tr>\n<tr>\n<td>15. T\u00fcrkiye&#8217;de \u0130nternet Konferans\u0131, \u0130stanbul Teknik \u00dcniversitesi, \u0130stanbul<\/td>\n<td>7-9 Kas\u0131m 2010<\/td>\n<td>inet-tr&#8217;10<\/td>\n<\/tr>\n<tr>\n<td>14. T\u00fcrkiye&#8217;de \u0130nternet Konferans\u0131, Bilgi \u00dcniversitesi, Dolapdere, \u0130stanbul<\/td>\n<td>12-13 Aral\u0131k 2009<\/td>\n<td>inet-tr&#8217;09<\/td>\n<\/tr>\n<tr>\n<td>13. T\u00fcrkiye&#8217;de \u0130nternet Konferans\u0131, ODT\u00dc, Ankara<\/td>\n<td>22-23 Aral\u0131k 2008<\/td>\n<td>inet-tr&#8217;08<\/td>\n<\/tr>\n<tr>\n<td>12. T\u00fcrkiye&#8217;de \u0130nternet Konferans\u0131, Bilkent \u00dcniversitesi, Ankara<\/td>\n<td>8-10 Kas\u0131m 2007<\/td>\n<td>inet-tr&#8217;07<\/td>\n<\/tr>\n<tr>\n<td>11. T\u00fcrkiye&#8217;de \u0130nternet Konferans\u0131, TOBB Ekonomi ve Teknoloji \u00dcniversitesi, Ankara<\/td>\n<td>21-23 Aral\u0131k 2006<\/td>\n<td>inet-tr&#8217;06<\/td>\n<\/tr>\n<tr>\n<td>10. T\u00fcrkiye&#8217;de \u0130nternet Konferans\u0131, Bah\u00e7e\u015fehir \u00dcniversitesi, Be\u015fikta\u015f, \u0130stanbul<\/td>\n<td>9-11 Aral\u0131k 2005<\/td>\n<td>inet-tr&#8217;05<\/td>\n<\/tr>\n<tr>\n<td>9. T\u00fcrkiye&#8217;de \u0130nternet Konferans\u0131, Askeri M\u00fcze, Harbiye K\u00fclt\u00fcr Sitesi, \u0130stanbul<\/td>\n<td>11-13 Aral\u0131k 2003<\/td>\n<td>inet-tr&#8217;03<\/td>\n<\/tr>\n<tr>\n<td>8. T\u00fcrkiye&#8217;de \u0130nternet Konferans\u0131, Askeri M\u00fcze, Harbiye K\u00fclt\u00fcr Sitesi, \u0130stanbul<\/td>\n<td>19-21 Aral\u0131k 2002<\/td>\n<td>inet-tr&#8217;02<\/td>\n<\/tr>\n<tr>\n<td>7. T\u00fcrkiye&#8217;de \u0130nternet Konferans\u0131, Askeri M\u00fcze, Harbiye K\u00fclt\u00fcr Sitesi, \u0130stanbul<\/td>\n<td>1-3 Kas\u0131m 2001<\/td>\n<td>inet-tr&#8217;01<\/td>\n<\/tr>\n<tr>\n<td>6. T\u00fcrkiye&#8217;de \u0130nternet Konferans\u0131, Askeri M\u00fcze, Harbiye K\u00fclt\u00fcr Sitesi, \u0130stanbul<\/td>\n<td>9-11 Kas\u0131m 2000<\/td>\n<td>inet-tr&#8217;00<\/td>\n<\/tr>\n<tr>\n<td>5. T\u00fcrkiye&#8217;de \u0130nternet Konferans\u0131, Ankara \u00dcniversitesi, Ankara<\/td>\n<td>19-21 Kas\u0131m 1999<\/td>\n<td>inet-tr&#8217;99<\/td>\n<\/tr>\n<tr>\n<td>4. T\u00fcrkiye&#8217;de \u0130nternet Konferans\u0131, \u0130T\u00dc, L\u00fctf\u00fc K\u0131rdar Kongre Saray\u0131, \u0130stanbul<\/td>\n<td>13-15 Kas\u0131m 1998<\/td>\n<td>inet-tr&#8217;98<\/td>\n<\/tr>\n<tr>\n<td>3. T\u00fcrkiye&#8217;de \u0130nternet Konferans\u0131, ODT\u00dc, Ankara<\/td>\n<td>21-23 Kas\u0131m 1997<\/td>\n<td>inet-tr&#8217;97<\/td>\n<\/tr>\n<tr>\n<td>2. T\u00fcrkiye&#8217;de \u0130nternet Konferans\u0131, Yeditepe \u00dcniversitesi, Ac\u0131badem, \u0130stanbul<\/td>\n<td>14-15 Aral\u0131k 1996<\/td>\n<td>inet-tr&#8217;96<\/td>\n<\/tr>\n<tr>\n<td>1. T\u00fcrkiye&#8217;de \u0130nternet Konferans\u0131, Bilkent \u00dcniversitesi, Ankara<\/td>\n<td>17-18 Kas\u0131m 1995<\/td>\n<td>inet-tr&#8217;95<\/td>\n<\/tr>\n<\/tbody>\n<\/table>\n<p style=\"text-align: justify;\">\n","protected":false},"excerpt":{"rendered":"<p>T\u00fcrkiye \u0130nterneti emekleme a\u015famas\u0131nda iken, yurtd\u0131\u015f\u0131 ba\u011flant\u0131s\u0131 64K ve yurt i\u00e7i ba\u011flant\u0131lar 19K iken, hen\u00fcz megabitli omurgalar hayal a\u015fmas\u0131nda iken,\u00a0 bir grup internet g\u00f6n\u00fcll\u00fcs\u00fcn\u00fcn ba\u015flatt\u0131\u011f\u0131 \u201cT\u00fcrkiye\u2019de \u0130nternet Konferans\u0131 (INET-TR)&#8221; bu y\u0131l 20. defa CRESGA organizasyonun deste\u011fiyle yap\u0131l\u0131yor. 1-3 Aral\u0131k tarihlerinde \u0130stanbul \u00dcniversitesi, Beyaz\u0131t Kampusu\u2019nda Kongre Merkezi\u2019nde yap\u0131lacak INET-TR\u2019de, T\u00fcrkiye\u2019deki \u0130nternet tart\u0131\u015f\u0131lacak.<\/p>\n","protected":false},"author":1,"featured_media":0,"comment_status":"open","ping_status":"open","sticky":false,"template":"","format":"standard","meta":{"footnotes":""},"categories":[],"tags":[1395,512],"class_list":["post-17844","post","type-post","status-publish","format-standard","hentry","tag-bby-mesleki-etkinlikler-arsivi","tag-internet-konferansi"],"_links":{"self":[{"href":"https:\/\/www.bbyhaber.com\/bby\/wp-json\/wp\/v2\/posts\/17844"}],"collection":[{"href":"https:\/\/www.bbyhaber.com\/bby\/wp-json\/wp\/v2\/posts"}],"about":[{"href":"https:\/\/www.bbyhaber.com\/bby\/wp-json\/wp\/v2\/types\/post"}],"author":[{"embeddable":true,"href":"https:\/\/www.bbyhaber.com\/bby\/wp-json\/wp\/v2\/users\/1"}],"replies":[{"embeddable":true,"href":"https:\/\/www.bbyhaber.com\/bby\/wp-json\/wp\/v2\/comments?post=17844"}],"version-history":[{"count":0,"href":"https:\/\/www.bbyhaber.com\/bby\/wp-json\/wp\/v2\/posts\/17844\/revisions"}],"wp:attachment":[{"href":"https:\/\/www.bbyhaber.com\/bby\/wp-json\/wp\/v2\/media?parent=17844"}],"wp:term":[{"taxonomy":"category","embeddable":true,"href":"https:\/\/www.bbyhaber.com\/bby\/wp-json\/wp\/v2\/categories?post=17844"},{"taxonomy":"post_tag","embeddable":true,"href":"https:\/\/www.bbyhaber.com\/bby\/wp-json\/wp\/v2\/tags?post=17844"}],"curies":[{"name":"wp","href":"https:\/\/api.w.org\/{rel}","templated":true}]}}