{"id":17817,"date":"2015-11-11T16:18:00","date_gmt":"2015-11-11T14:18:00","guid":{"rendered":"http:\/\/www.bbyhaber.com\/bby\/?p=17817"},"modified":"2016-05-20T13:17:22","modified_gmt":"2016-05-20T10:17:22","slug":"halk-kutuphanelerinde-e-yayinlarin-hizmeti-calistayi-sona-erdi","status":"publish","type":"post","link":"https:\/\/www.bbyhaber.com\/bby\/2015\/11\/11\/halk-kutuphanelerinde-e-yayinlarin-hizmeti-calistayi-sona-erdi","title":{"rendered":"Halk K\u00fct\u00fcphanelerinde E-Yay\u0131nlar\u0131n Hizmeti \u00e7al\u0131\u015ftay\u0131 sona erdi"},"content":{"rendered":"<p style=\"text-align: justify;\"><img loading=\"lazy\" decoding=\"async\" class=\"alignleft\" src=\"http:\/\/www.bbyhaber.com\/bby\/wp-content\/uploads\/2012\/06\/e-kitap.jpg\" alt=\"\" width=\"277\" height=\"146\" \/>K\u00fclt\u00fcr ve Turizm Bakanl\u0131\u011f\u0131 K\u00fct\u00fcphaneler ve Yay\u0131mlar Genel M\u00fcd\u00fcrl\u00fc\u011f\u00fc taraf\u0131ndan haz\u0131rlanan, &#8220;Halk K\u00fct\u00fcphanelerinde E-yay\u0131nlar\u0131n Hizmete Sunulmas\u0131 \u00c7al\u0131\u015ftay\u0131&#8221;, bug\u00fcnk\u00fc oturumlar\u0131n ard\u0131ndan sona erdi. Taksim Grand \u00d6ztan\u0131k Hotel&#8217;de ger\u00e7ekle\u015ftirilen ve Avrupa Birli\u011fi Teknik Destek ve Bilgi De\u011fi\u015fim Ofisi (TAIEX) program\u0131 deste\u011fiyle haz\u0131rlanan \u00e7al\u0131\u015ftay\u0131n sonunda, \u00e7al\u0131\u015fma gruplar\u0131nca raporlar haz\u0131rland\u0131.<!--more--><\/p>\n<p style=\"text-align: justify;\"><strong><a href=\"http:\/\/www.cumhuriyet.com.tr\/koseyazisi\/413435\/E-kutuphanelere_hacker_tehdidi.html\" target=\"_blank\"><span style=\"color: #ff0000;\">Konuyla ilgili Cumhuriyet&#8217;ten\u00a0Metin Celal&#8217;in &#8220;E-k\u00fct\u00fcphanelere hacker tehdidi&#8221; yaz\u0131s\u0131 i\u00e7in t\u0131klay\u0131n\u0131z.<\/span><\/a><\/strong><\/p>\n<p style=\"text-align: justify;\">\u00c7al\u0131\u015ftaya ili\u015fkin AA muhabirine a\u00e7\u0131klamada bulunan K\u00fct\u00fcphaneler ve Yay\u0131mlar Genel M\u00fcd\u00fcrl\u00fc\u011f\u00fc Materyal Sa\u011flama \u015eube M\u00fcd\u00fcr\u00fc Ender G\u00fcng\u00f6r, kat\u0131l\u0131mc\u0131lar\u0131n, &#8220;telif&#8221;, &#8220;teknoloji&#8221; ve &#8220;k\u00fct\u00fcphanelerde hizmet sunumu&#8221; \u015feklinde 3 gruptan olu\u015ftu\u011funu ve \u00e7al\u0131\u015ftay sonras\u0131 raporlar\u0131n haz\u0131rland\u0131\u011f\u0131n\u0131 belirtti.<\/p>\n<p style=\"text-align: justify;\">G\u00fcng\u00f6r, haz\u0131rlanan raporlar\u0131n, son oturumda okundu\u011funu ve yeni g\u00f6r\u00fc\u015flerin al\u0131nd\u0131\u011f\u0131n\u0131 ifade ederek, &#8220;Raporda kat\u0131l\u0131mc\u0131lar\u0131n hepsinin ortak g\u00f6r\u00fc\u015f\u00fc, elektronik yay\u0131nlar\u0131n halk k\u00fct\u00fcphanelerinde hizmete sunulmas\u0131n\u0131n do\u011fru ve gecikmi\u015f bir karar oldu\u011fu y\u00f6n\u00fcnde. Bununla ilgili, yasal sorunlar\u0131n, yaz\u0131l\u0131m sorununun ve di\u011fer sorunlar\u0131n halledilmesi i\u00e7in, meslek \u00f6rg\u00fctleri, k\u00fct\u00fcphaneciler, yaz\u0131l\u0131mc\u0131lar ve akademisyenlerden olu\u015fan bir ekiple, bu konuda ne yapabiliriz, s\u00fcreci nas\u0131l h\u0131zland\u0131rabiliriz, onun \u00e7al\u0131\u015fmas\u0131 yap\u0131lacak&#8221; dedi.<\/p>\n<p style=\"text-align: justify;\">\u00c7al\u0131\u015ftay\u0131n Teknoloji Grup Ba\u015fkan\u0131, Ankara \u00dcniversitesi Bilgi ve Belge Y\u00f6netimi \u00f6\u011fretim \u00fcyesi ve rekt\u00f6r dan\u0131\u015fman\u0131 Prof. Dr. Do\u011fan At\u0131lgan da \u00e7al\u0131\u015ftay\u0131n halk k\u00fct\u00fcphanelerinin verdikleri hizmet a\u00e7\u0131s\u0131ndan \u00f6nemine vurgu yaparak, &#8220;Elektronik yay\u0131nc\u0131l\u0131k, art\u0131k T\u00fcrkiye&#8217;de \u00e7ok b\u00fcy\u00fck geli\u015fme s\u00fcreci ya\u015f\u0131yor. Bizim k\u00fct\u00fcphanecilerimiz ve yay\u0131nc\u0131lar\u0131m\u0131z bu geli\u015fmelere ayak uydurmak zorunda. Hem teknolojik altyap\u0131 hem de hizmet ucu olarak, kendimizi bu geli\u015fmelere uydurmak zorunday\u0131z&#8221; diye konu\u015ftu.<\/p>\n<p style=\"text-align: justify;\">\u00c7al\u0131\u015ftay\u0131n, yay\u0131nc\u0131lar, k\u00fct\u00fcphaneciler ve akademisyenleri bir araya getirdi\u011fini ve \u00e7ok verimli bir \u00e7al\u0131\u015fma oldu\u011funun alt\u0131n\u0131 \u00e7izen At\u0131lgan, &#8220;Burada yay\u0131nc\u0131lar, hangi verilere ve nas\u0131l bir teknolojiye sahip olduklar\u0131n\u0131 g\u00f6rd\u00fcler. K\u00fct\u00fcphaneciler de yay\u0131nc\u0131lar\u0131n potansiyelini tan\u0131d\u0131. Bu iki hizmet ucunu bir araya getirerek, \u00f6n\u00fcm\u00fczdeki s\u00fcre\u00e7te \u00fclkemizde elektronik yay\u0131nc\u0131l\u0131\u011f\u0131n halka y\u00f6nelik hizmetler verdirilmesinde \u00f6nemli bir yol al\u0131nd\u0131&#8221; ifadelerini kulland\u0131.<\/p>\n<p style=\"text-align: justify;\">\u0130ki g\u00fcn s\u00fcren \u00e7al\u0131\u015ftaya, meslek \u00f6rg\u00fctleri, akademisyenler, k\u00fct\u00fcphaneciler, yay\u0131nc\u0131lar, yaz\u0131l\u0131m ve donan\u0131mc\u0131lar kat\u0131ld\u0131.<\/p>\n<p style=\"text-align: justify;\">Kaynak:<a href=\"http:\/\/www.memurlar.net\/\" target=\"_blank\">http:\/\/www.memurlar.net\/<\/a><\/p>\n","protected":false},"excerpt":{"rendered":"<p>K\u00fclt\u00fcr ve Turizm Bakanl\u0131\u011f\u0131 K\u00fct\u00fcphaneler ve Yay\u0131mlar Genel M\u00fcd\u00fcrl\u00fc\u011f\u00fc taraf\u0131ndan haz\u0131rlanan, &#8220;Halk K\u00fct\u00fcphanelerinde E-yay\u0131nlar\u0131n Hizmete Sunulmas\u0131 \u00c7al\u0131\u015ftay\u0131&#8221;, bug\u00fcnk\u00fc oturumlar\u0131n ard\u0131ndan sona erdi. Taksim Grand \u00d6ztan\u0131k Hotel&#8217;de ger\u00e7ekle\u015ftirilen ve Avrupa Birli\u011fi Teknik Destek ve Bilgi De\u011fi\u015fim Ofisi (TAIEX) program\u0131 deste\u011fiyle haz\u0131rlanan \u00e7al\u0131\u015ftay\u0131n sonunda, \u00e7al\u0131\u015fma gruplar\u0131nca raporlar haz\u0131rland\u0131.<\/p>\n","protected":false},"author":1,"featured_media":0,"comment_status":"open","ping_status":"open","sticky":false,"template":"","format":"standard","meta":{"footnotes":""},"categories":[1],"tags":[801],"class_list":["post-17817","post","type-post","status-publish","format-standard","hentry","category-genel","tag-halk-kutuphaneleri-e-yayinlar"],"_links":{"self":[{"href":"https:\/\/www.bbyhaber.com\/bby\/wp-json\/wp\/v2\/posts\/17817"}],"collection":[{"href":"https:\/\/www.bbyhaber.com\/bby\/wp-json\/wp\/v2\/posts"}],"about":[{"href":"https:\/\/www.bbyhaber.com\/bby\/wp-json\/wp\/v2\/types\/post"}],"author":[{"embeddable":true,"href":"https:\/\/www.bbyhaber.com\/bby\/wp-json\/wp\/v2\/users\/1"}],"replies":[{"embeddable":true,"href":"https:\/\/www.bbyhaber.com\/bby\/wp-json\/wp\/v2\/comments?post=17817"}],"version-history":[{"count":0,"href":"https:\/\/www.bbyhaber.com\/bby\/wp-json\/wp\/v2\/posts\/17817\/revisions"}],"wp:attachment":[{"href":"https:\/\/www.bbyhaber.com\/bby\/wp-json\/wp\/v2\/media?parent=17817"}],"wp:term":[{"taxonomy":"category","embeddable":true,"href":"https:\/\/www.bbyhaber.com\/bby\/wp-json\/wp\/v2\/categories?post=17817"},{"taxonomy":"post_tag","embeddable":true,"href":"https:\/\/www.bbyhaber.com\/bby\/wp-json\/wp\/v2\/tags?post=17817"}],"curies":[{"name":"wp","href":"https:\/\/api.w.org\/{rel}","templated":true}]}}