{"id":1779,"date":"2011-12-16T11:55:34","date_gmt":"2011-12-16T11:55:34","guid":{"rendered":"http:\/\/www.bbyhaber.com\/bby\/?p=1779"},"modified":"2012-04-04T07:11:25","modified_gmt":"2012-04-04T07:11:25","slug":"tkd-istanbul-subesi-yayinlarindan-bir-kitap-sureli-yayinlarin-yonetimi","status":"publish","type":"post","link":"https:\/\/www.bbyhaber.com\/bby\/2011\/12\/16\/tkd-istanbul-subesi-yayinlarindan-bir-kitap-sureli-yayinlarin-yonetimi","title":{"rendered":"TKD \u0130stanbul \u015eubesi Yay\u0131nlar\u0131ndan Bir Kitap-S\u00fcreli Yay\u0131nlar\u0131n Y\u00f6netimi"},"content":{"rendered":"<p style=\"text-align: justify;\"><a href=\"http:\/\/www.bbyhaber.com\/bby\/wp-content\/uploads\/kitaptanitim-kitapkapaklari\/SureliYayinlarinYonetimi.jpg\"><img loading=\"lazy\" decoding=\"async\" class=\"alignleft\" title=\"S\u00fcreli Yay\u0131nlar\u0131n Y\u00f6netimi\" src=\"http:\/\/www.bbyhaber.com\/bby\/wp-content\/uploads\/kitaptanitim-kitapkapaklari\/SureliYayinlarinYonetimi.jpg\" alt=\"\" width=\"250\" height=\"351\" \/><\/a>\u0130stanbul \u00dcniversitesi Bilgi ve Belge Y\u00f6netimi \u00f6\u011fretim \u00fcyesi Do\u00e7. Dr. H\u00fclya Dilek Kayao\u011flu taraf\u0131ndan haz\u0131rlanarak 2008 y\u0131l\u0131nda ilk bas\u0131m\u0131 yay\u0131nlanan \u201cS\u00fcreli Yay\u0131nlar\u0131n Y\u00f6netimi\u201d adl\u0131 kitab\u0131n, g\u00f6zden ge\u00e7irilmi\u015f ve geni\u015fletilmi\u015f ikinci bas\u0131m\u0131 T\u00fcrk K\u00fct\u00fcphaneciler Derne\u011fi \u0130stanbul \u015eubesi taraf\u0131ndan yay\u0131nland\u0131.<!--more--><\/p>\n<p style=\"text-align: justify;\">K\u00fct\u00fcphane ve bilgi merkezlerinde s\u00fcreli yay\u0131n y\u00f6netimine ili\u015fkin temel ilkeleri, kavramlar\u0131 ve s\u00fcre\u00e7leri inceleyen bu \u00e7al\u0131\u015fmada; k\u00fct\u00fcphane b\u00fct\u00e7elerinin b\u00fcy\u00fck bir b\u00f6l\u00fcm\u00fcn\u00fcn ayr\u0131ld\u0131\u011f\u0131 ve g\u00fcncel bilginin kayna\u011f\u0131 olan s\u00fcreli yay\u0131nlara ili\u015fkin geni\u015f bir perspektif sunulmaktad\u0131r.<\/p>\n<p style=\"text-align: justify;\">&#8220;Kitab\u0131n i\u00e7eri\u011fini, s\u00fcreli yay\u0131n terminolojisi, t\u00fcrleri, d\u00fcnya ve T\u00fcrkiye ba\u015fl\u0131klar\u0131 alt\u0131nda tarih\u00e7esi ve se\u00e7iminden yararland\u0131rmaya kadar t\u00fcm s\u00fcreli yay\u0131n i\u015f ak\u0131\u015f\u0131 olu\u015fturmaktad\u0131r. A\u011flar \u00fczerinden eri\u015filen ve yap\u0131lan lisans s\u00f6zle\u015fmeleriyle belirli bir s\u00fcre ve ko\u015fullar alt\u0131nda &#8220;kullan\u0131m hakk\u0131&#8221; sat\u0131n al\u0131nan elektronik s\u00fcreli yay\u0131nlara y\u00f6nelik temel i\u015f ve i\u015flemler de her b\u00f6l\u00fcmde ayr\u0131ca irdelenmektedir.&#8221; (Arka kapaktan) Mesle\u011fimiz ad\u0131na \u00f6nemli katk\u0131lar sa\u011flayaca\u011f\u0131na inand\u0131\u011f\u0131m\u0131z &#8220;S\u00fcreli Yay\u0131nlar\u0131n Y\u00f6netimi&#8221; kitab\u0131n\u0131 \u015fubemizden temin edebilirsiniz.<\/p>\n<p><strong>Bibliyografik Kay\u0131t:<\/strong><br \/>\nKayao\u011flu, H\u00fclya Dilek<br \/>\nS\u00fcreli Yay\u0131nlar\u0131n Y\u00f6netimi\/H\u00fclya Dilek Kayao\u011flu<br \/>\n-g\u00f6z. ge\u00e7. ve gen. 2. bs.<br \/>\n\u0130stanbul: T\u00fcrk K\u00fct\u00fcphaneciler Derne\u011fi \u0130stanbul \u015eubesi, 2011<br \/>\nxvii, 252 s. ; 21 cm.<br \/>\nISBN: 978-975-6351-34-5<\/p>\n<p style=\"text-align: justify;\">Kaynak: http:\/\/www.istanbulkutuphaneci.org\/<\/p>\n","protected":false},"excerpt":{"rendered":"<p>\u0130stanbul \u00dcniversitesi Bilgi ve Belge Y\u00f6netimi \u00f6\u011fretim \u00fcyesi Do\u00e7. Dr. H\u00fclya Dilek Kayao\u011flu taraf\u0131ndan haz\u0131rlanarak 2008 y\u0131l\u0131nda ilk bas\u0131m\u0131 yay\u0131nlanan \u201cS\u00fcreli Yay\u0131nlar\u0131n Y\u00f6netimi\u201d adl\u0131 kitab\u0131n, g\u00f6zden ge\u00e7irilmi\u015f ve geni\u015fletilmi\u015f ikinci bas\u0131m\u0131 T\u00fcrk K\u00fct\u00fcphaneciler Derne\u011fi \u0130stanbul \u015eubesi taraf\u0131ndan yay\u0131nland\u0131.<\/p>\n","protected":false},"author":1,"featured_media":0,"comment_status":"open","ping_status":"open","sticky":false,"template":"","format":"standard","meta":{"footnotes":""},"categories":[1],"tags":[1408],"class_list":["post-1779","post","type-post","status-publish","format-standard","hentry","category-genel","tag-kitap-tanitimlari"],"_links":{"self":[{"href":"https:\/\/www.bbyhaber.com\/bby\/wp-json\/wp\/v2\/posts\/1779"}],"collection":[{"href":"https:\/\/www.bbyhaber.com\/bby\/wp-json\/wp\/v2\/posts"}],"about":[{"href":"https:\/\/www.bbyhaber.com\/bby\/wp-json\/wp\/v2\/types\/post"}],"author":[{"embeddable":true,"href":"https:\/\/www.bbyhaber.com\/bby\/wp-json\/wp\/v2\/users\/1"}],"replies":[{"embeddable":true,"href":"https:\/\/www.bbyhaber.com\/bby\/wp-json\/wp\/v2\/comments?post=1779"}],"version-history":[{"count":0,"href":"https:\/\/www.bbyhaber.com\/bby\/wp-json\/wp\/v2\/posts\/1779\/revisions"}],"wp:attachment":[{"href":"https:\/\/www.bbyhaber.com\/bby\/wp-json\/wp\/v2\/media?parent=1779"}],"wp:term":[{"taxonomy":"category","embeddable":true,"href":"https:\/\/www.bbyhaber.com\/bby\/wp-json\/wp\/v2\/categories?post=1779"},{"taxonomy":"post_tag","embeddable":true,"href":"https:\/\/www.bbyhaber.com\/bby\/wp-json\/wp\/v2\/tags?post=1779"}],"curies":[{"name":"wp","href":"https:\/\/api.w.org\/{rel}","templated":true}]}}