{"id":17786,"date":"2015-11-04T15:00:44","date_gmt":"2015-11-04T12:00:44","guid":{"rendered":"http:\/\/www.bbyhaber.com\/bby\/?p=17786"},"modified":"2015-11-15T16:30:02","modified_gmt":"2015-11-15T14:30:02","slug":"tkd-istanbul-subesi-tuyap-kitap-fuarinda","status":"publish","type":"post","link":"https:\/\/www.bbyhaber.com\/bby\/2015\/11\/04\/tkd-istanbul-subesi-tuyap-kitap-fuarinda","title":{"rendered":"TKD \u0130stanbul \u015eubesi T\u00fcyap Kitap Fuar\u0131nda"},"content":{"rendered":"<p style=\"text-align: justify;\"><img loading=\"lazy\" decoding=\"async\" class=\"alignleft\" src=\"http:\/\/www.bbyhaber.com\/bby\/wp-content\/uploads\/2015\/11\/tkd-istanbul-fuar.jpg\" alt=\"\" width=\"242\" height=\"111\" \/>T\u00fcyap 34. Uluslararas\u0131 istanbul kitap fuar\u0131 7 kas\u0131m cumartesi g\u00fcn\u00fc a\u00e7\u0131l\u0131yor. T\u00fcrk K\u00fct\u00fcphaneciler Derne\u011fi \u0130stanbul \u015eubesi her y\u0131l oldu\u011fu gibi bu y\u0131l da T\u00dcYAP Kitap Fuar\u0131nda stant a\u00e7arak halkla ili\u015fkiler \u00e7al\u0131\u015fmas\u0131n\u0131 s\u00fcrd\u00fcr\u00fcyor.\u00a0 T\u00fcrk K\u00fct\u00fcphaneciler Derne\u011fi \u00a07 Kas\u0131m- 15 kas\u0131m tarihleri aras\u0131nda 4. Salon&#8217;da 129 Numaral\u0131 Stantta t\u00fcm meslekta\u015flar\u0131m\u0131z\u0131n, dostlar\u0131m\u0131z\u0131n ziyaretini bekliyoruz.<!--more--> Bu y\u0131l fuar\u0131n il g\u00fcn\u00fc \u00f6zel bir s\u00f6yle\u015fimiz var. T\u00fcrk K\u00fct\u00fcphaneciler Derne\u011fi \u0130stanbul \u015eubesi olarak\u00a0 &#8220;Okuma K\u00fclt\u00fcr\u00fc Payda\u015flar\u0131&#8221;n\u0131 yan yana getirerek bir s\u00f6yle\u015fi yap\u0131yoruz.<\/p>\n<p style=\"text-align: justify;\">\u00a0 &#8220;Okuma K\u00fclt\u00fcr\u00fc Payda\u015flar\u0131 Bulu\u015fuyor&#8221;<\/p>\n<p style=\"text-align: justify;\">Metin Celal, T\u00fcrkiye Yay\u0131nc\u0131lar Birli\u011fi Ba\u015fkan\u0131<\/p>\n<p style=\"text-align: justify;\">Dr. Muammer Y\u0131ld\u0131z, \u0130stanbul \u0130l Milli E\u011fitim M\u00fcd\u00fcr\u00fc<\/p>\n<p style=\"text-align: justify;\">Dr. Fatih Erdo\u011fan Mavibulut Yay\u0131nlar\u0131 Kurucusu, Yazar, Yay\u0131nc\u0131, Akademisyen<\/p>\n<p style=\"text-align: justify;\">Ayd\u0131n \u0130leri T\u00fcrk K\u00fct\u00fcphaneciler Derne\u011fi Genel Ba\u015fkan Yard\u0131mc\u0131s\u0131-Okul K\u00fct\u00fcphanecileri Derne\u011fi Ba\u015fkan\u0131<\/p>\n<p style=\"text-align: justify;\">Fuar\u0131n a\u00e7\u0131l\u0131\u015f g\u00fcn\u00fc olan 7 Kas\u0131m 2015 Cumartesi G\u00fcn\u00fc<\/p>\n<div style=\"text-align: justify;\">17.45 &#8211; 18.45 \u00a0saatleri aras\u0131nda T\u00dcYAP B\u00fcy\u00fckada Salonunda t\u00fcm meslekta\u015flar\u0131m\u0131z\u0131, BBY \u00f6\u011frencilerini, k\u00fct\u00fcphane ve k\u00fct\u00fcphaneci dostlar\u0131n\u0131, okuma k\u00fclt\u00fcr\u00fc payda\u015flar\u0131n\u0131 ve t\u00fcm halk\u0131m\u0131z\u0131 aram\u0131zda g\u00f6rmekten mutluluk duyaca\u011f\u0131z.<\/div>\n<div style=\"text-align: justify;\">T\u00fcrk K\u00fct\u00fcphaneciler Derne\u011fi \u0130stanbul \u015eubesi<\/div>\n<div style=\"text-align: justify;\">T\u00fcrk K\u00fct\u00fcphaneciler Derne\u011fi Genel Merkezi<\/div>\n<div style=\"text-align: justify;\">&#8230;<\/div>\n<div style=\"text-align: justify;\">\n<div><em><strong>Ayd\u0131n \u0130leri<\/strong><\/em><\/div>\n<div><em><strong>T\u00fcrk K\u00fct\u00fcphaneciler Derne\u011fi Genel Ba\u015fkan Yard\u0131mc\u0131s\u0131<\/strong><\/em><\/div>\n<div><em><strong>Okul K\u00fct\u00fcphanecileri Derne\u011fi Ba\u015fkan\u0131<\/strong><\/em><\/div>\n<\/div>\n","protected":false},"excerpt":{"rendered":"<p>T\u00fcyap 34. Uluslararas\u0131 istanbul kitap fuar\u0131 7 kas\u0131m cumartesi g\u00fcn\u00fc a\u00e7\u0131l\u0131yor. T\u00fcrk K\u00fct\u00fcphaneciler Derne\u011fi \u0130stanbul \u015eubesi her y\u0131l oldu\u011fu gibi bu y\u0131l da T\u00dcYAP Kitap Fuar\u0131nda stant a\u00e7arak halkla ili\u015fkiler \u00e7al\u0131\u015fmas\u0131n\u0131 s\u00fcrd\u00fcr\u00fcyor.\u00a0 T\u00fcrk K\u00fct\u00fcphaneciler Derne\u011fi \u00a07 Kas\u0131m- 15 kas\u0131m tarihleri aras\u0131nda 4. Salon&#8217;da 129 Numaral\u0131 Stantta t\u00fcm meslekta\u015flar\u0131m\u0131z\u0131n, dostlar\u0131m\u0131z\u0131n ziyaretini bekliyoruz.<\/p>\n","protected":false},"author":1,"featured_media":0,"comment_status":"open","ping_status":"open","sticky":false,"template":"","format":"standard","meta":{"footnotes":""},"categories":[1476,1493,588],"tags":[1420],"class_list":["post-17786","post","type-post","status-publish","format-standard","hentry","category-aydin-ileri","category-kitap-fuarlari-2","category-kitap-fuarlari","tag-tkd-istanbul"],"_links":{"self":[{"href":"https:\/\/www.bbyhaber.com\/bby\/wp-json\/wp\/v2\/posts\/17786"}],"collection":[{"href":"https:\/\/www.bbyhaber.com\/bby\/wp-json\/wp\/v2\/posts"}],"about":[{"href":"https:\/\/www.bbyhaber.com\/bby\/wp-json\/wp\/v2\/types\/post"}],"author":[{"embeddable":true,"href":"https:\/\/www.bbyhaber.com\/bby\/wp-json\/wp\/v2\/users\/1"}],"replies":[{"embeddable":true,"href":"https:\/\/www.bbyhaber.com\/bby\/wp-json\/wp\/v2\/comments?post=17786"}],"version-history":[{"count":0,"href":"https:\/\/www.bbyhaber.com\/bby\/wp-json\/wp\/v2\/posts\/17786\/revisions"}],"wp:attachment":[{"href":"https:\/\/www.bbyhaber.com\/bby\/wp-json\/wp\/v2\/media?parent=17786"}],"wp:term":[{"taxonomy":"category","embeddable":true,"href":"https:\/\/www.bbyhaber.com\/bby\/wp-json\/wp\/v2\/categories?post=17786"},{"taxonomy":"post_tag","embeddable":true,"href":"https:\/\/www.bbyhaber.com\/bby\/wp-json\/wp\/v2\/tags?post=17786"}],"curies":[{"name":"wp","href":"https:\/\/api.w.org\/{rel}","templated":true}]}}