{"id":17783,"date":"2015-11-04T14:51:39","date_gmt":"2015-11-04T11:51:39","guid":{"rendered":"http:\/\/www.bbyhaber.com\/bby\/?p=17783"},"modified":"2015-11-30T16:30:17","modified_gmt":"2015-11-30T14:30:17","slug":"bilgi-okuryazarligi-kitabi-calistayi-duyurusu-05-aralik-2015","status":"publish","type":"post","link":"https:\/\/www.bbyhaber.com\/bby\/2015\/11\/04\/bilgi-okuryazarligi-kitabi-calistayi-duyurusu-05-aralik-2015","title":{"rendered":"Bilgi Okuryazarl\u0131\u011f\u0131 Kitab\u0131 \u00c7al\u0131\u015ftay\u0131 Duyurusu-05 Aral\u0131k 2015"},"content":{"rendered":"<div>\n<div>\n<div>\n<div>\n<div>\n<p style=\"text-align: justify;\"><img loading=\"lazy\" decoding=\"async\" class=\"alignleft\" src=\"http:\/\/www.bbyhaber.com\/bby\/wp-content\/uploads\/2015\/11\/bilgi-okuryazarligi-kitabi-duyuru.jpg\" alt=\"\" width=\"342\" height=\"152\" \/>Okul K\u00fct\u00fcphanecileri Derne\u011fi olarak, mesle\u011fimizi ve meslekta\u015flar\u0131m\u0131z\u0131 geli\u015ftirmek ad\u0131na ba\u015flatt\u0131\u011f\u0131m\u0131z \u00e7al\u0131\u015fmalar\u0131 t\u00fcm meslekta\u015flar\u0131m\u0131z\u0131n kat\u0131l\u0131m\u0131 ve deste\u011fi ile devam ettirerek birlikte \u00fcretmeyi s\u00fcrd\u00fcr\u00fcyoruz.<!--more--><\/p>\n<p style=\"text-align: justify;\">B\u0130LG\u0130 OKURYAZARLI\u011eI K\u0130TABI \u00c7ALI\u015eTAYI<\/p>\n<p>\u00d6n\u00fcm\u00fczdeki d\u00f6nemde \u0130lk olarak \u0130lkokul, Ortaokul, Lise Bilgi\u00a0 Okuryazarl\u0131\u011f\u0131 ders\/\u00e7al\u0131\u015fma kitab\u0131 (e-kitap, bas\u0131l\u0131, online sistem) haz\u0131rlamak i\u00e7in yola \u00e7\u0131k\u0131yoruz. Deneyimlerimizi payla\u015farak, kollektif kararlar alarak alan\u0131m\u0131zdaki kaynak ihtiyac\u0131n\u0131 kar\u015f\u0131lamay\u0131 hedefliyoruz. Bilgi Okuryazarl\u0131\u011f\u0131 konusunda deneyimleri olan, birlikte \u00fcretmek isteyen,t\u00fcm meslekta\u015flar\u0131m\u0131z\u0131 05 Aral\u0131k 2015 Cumartesi g\u00fcn\u00fc saat: 09.00 da Marmara E\u011fitim Kurumlar\u0131&#8217;na davet ediyoruz.<\/p>\n<p><strong>Konu: Bilgi Okuryazarl\u0131\u011f\u0131 Kitab\u0131<\/strong><\/p>\n<p>\u00c7al\u0131\u015fmalar her seviyeye g\u00f6re d\u00fczenlenecektir. 1. s\u0131n\u0131ftan 12. s\u0131n\u0131fa kadar t\u00fcm seviyelerde \u00e7al\u0131\u015facak, \u00f6neri sunacak, \u00fcretecek meslekta\u015flar\u0131m\u0131za ihtiyac\u0131m\u0131z bulunmaktad\u0131r. \u00c7al\u0131\u015ftay sonras\u0131nda 1-2 ay gibi k\u0131sa s\u00fcrede bu \u00e7al\u0131\u015fma tamamlanmas\u0131 planlanmaktad\u0131r.<\/p>\n<p>Hedefimiz: Ortak deneyimlerimizden kaynak bir kitap haz\u0131rlamak.<\/p>\n<p>\u00c7al\u0131\u015fmalara katk\u0131 sunacak, g\u00f6rev alabilecek t\u00fcm meslekta\u015flar\u0131m\u0131zdan a\u015fa\u011f\u0131daki formu gerekli planlamalar ve haz\u0131rl\u0131klar\u0131 \u00f6ndecen yapabilmek i\u00e7in <strong><span style=\"color: #ff0000;\">30 Kas\u0131m 2015<\/span><\/strong> tarihine kadar doldurmas\u0131n\u0131 rica ediyoruz.<\/p>\n<p><a href=\"https:\/\/docs.google.com\/forms\/d\/15wMDuP5sLnzcLFp6cNLf6p4IJCrjvXhMjyhHNYlsUzI\/viewform\" target=\"_blank\">https:\/\/docs.google.com\/forms\/<wbr>d\/<wbr>15wMDuP5sLnzcLFp6cNLf6p4IJCrjv<wbr>XhMjyhHNYlsUzI\/viewform<\/wbr><\/wbr><\/wbr><\/a><\/p>\n<p>Ayr\u0131ca ba\u015fka i\u015f planlar\u0131 ve fiziksel uzakl\u0131k nedeniyle kat\u0131lamayacak\u00a0 mesekta\u015flar\u0131m\u0131z dernek ileti\u015fim adresine konuya dair g\u00f6r\u00fc\u015f ve \u00f6neri ve\u00a0 uygulama deneyimlerini yazabilir.<\/p>\n<\/div>\n<\/div>\n<\/div>\n<\/div>\n<\/div>\n","protected":false},"excerpt":{"rendered":"<p>Okul K\u00fct\u00fcphanecileri Derne\u011fi olarak, mesle\u011fimizi ve meslekta\u015flar\u0131m\u0131z\u0131 geli\u015ftirmek ad\u0131na ba\u015flatt\u0131\u011f\u0131m\u0131z \u00e7al\u0131\u015fmalar\u0131 t\u00fcm meslekta\u015flar\u0131m\u0131z\u0131n kat\u0131l\u0131m\u0131 ve deste\u011fi ile devam ettirerek birlikte \u00fcretmeyi s\u00fcrd\u00fcr\u00fcyoruz.<\/p>\n","protected":false},"author":1,"featured_media":0,"comment_status":"open","ping_status":"open","sticky":false,"template":"","format":"standard","meta":{"footnotes":""},"categories":[1],"tags":[],"class_list":["post-17783","post","type-post","status-publish","format-standard","hentry","category-genel"],"_links":{"self":[{"href":"https:\/\/www.bbyhaber.com\/bby\/wp-json\/wp\/v2\/posts\/17783"}],"collection":[{"href":"https:\/\/www.bbyhaber.com\/bby\/wp-json\/wp\/v2\/posts"}],"about":[{"href":"https:\/\/www.bbyhaber.com\/bby\/wp-json\/wp\/v2\/types\/post"}],"author":[{"embeddable":true,"href":"https:\/\/www.bbyhaber.com\/bby\/wp-json\/wp\/v2\/users\/1"}],"replies":[{"embeddable":true,"href":"https:\/\/www.bbyhaber.com\/bby\/wp-json\/wp\/v2\/comments?post=17783"}],"version-history":[{"count":0,"href":"https:\/\/www.bbyhaber.com\/bby\/wp-json\/wp\/v2\/posts\/17783\/revisions"}],"wp:attachment":[{"href":"https:\/\/www.bbyhaber.com\/bby\/wp-json\/wp\/v2\/media?parent=17783"}],"wp:term":[{"taxonomy":"category","embeddable":true,"href":"https:\/\/www.bbyhaber.com\/bby\/wp-json\/wp\/v2\/categories?post=17783"},{"taxonomy":"post_tag","embeddable":true,"href":"https:\/\/www.bbyhaber.com\/bby\/wp-json\/wp\/v2\/tags?post=17783"}],"curies":[{"name":"wp","href":"https:\/\/api.w.org\/{rel}","templated":true}]}}