{"id":1776,"date":"2011-12-15T19:17:32","date_gmt":"2011-12-15T19:17:32","guid":{"rendered":"http:\/\/www.bbyhaber.com\/bby\/?p=1776"},"modified":"2012-09-07T17:53:11","modified_gmt":"2012-09-07T14:53:11","slug":"bien-seramik-okul-kutuphanesi-yaptirdi","status":"publish","type":"post","link":"https:\/\/www.bbyhaber.com\/bby\/2011\/12\/15\/bien-seramik-okul-kutuphanesi-yaptirdi","title":{"rendered":"Bien Seramik Okul K\u00fct\u00fcphanesi Yapt\u0131rd\u0131"},"content":{"rendered":"<p style=\"text-align: justify;\">Bien Seramik, Bilecik K\u0131z Teknik ve Meslek Lisesi\u2019ne k\u00fct\u00fcphane yapt\u0131rd\u0131.\u00a0 Bilecik\u2019in en b\u00fcy\u00fck seramik \u00fcreticilerinden olan Bien Seramik, sekt\u00f6rdeki ba\u015far\u0131s\u0131n\u0131 sosyal sanayicilik y\u00f6n\u00fcyle de ta\u00e7land\u0131r\u0131yor. Bilecik\u2019in sosyal hayat\u0131na en \u00e7ok katk\u0131 sa\u011flayan firmalardan birisi olan Bien Seramik, \u00f6zellikle e\u011fitime yapt\u0131\u011f\u0131 yat\u0131r\u0131mlarla dikkat \u00e7ekiyor.<!--more--><\/p>\n<p style=\"text-align: justify;\">Bien Seramik\u2019in son yat\u0131r\u0131m\u0131 ise, Bilecik K\u0131z Teknik ve Meslek Lisesi\u2019ne k\u00fct\u00fcphane yapmak oldu. Bien Seramik Y\u00f6netim kurulu Ba\u015fkan\u0131 Ali Ercan taraf\u0131ndan, hayat\u0131n\u0131 kaybeden ablas\u0131 Meliha Ercan ad\u0131na yapt\u0131r\u0131lan k\u00fct\u00fcphane d\u00fczenlenen bir t\u00f6renle a\u00e7\u0131ld\u0131.\u00a0 T\u00f6rene, Bilecik Vali Yard\u0131mc\u0131s\u0131 S\u00fcleyman Deniz, Milli E\u011fitim M\u00fcd\u00fcr Yard\u0131mc\u0131s\u0131 Enver Kandil, Bien Seramik Y\u00f6netim Kurulu Ba\u015fkan\u0131 Ali Ercan\u2019\u0131n kat\u0131ld\u0131.<\/p>\n<p style=\"text-align: justify;\">\u00a0A\u00e7\u0131l\u0131\u015fta konu\u015fan Vali Yard\u0131mc\u0131s\u0131 S\u00fcleyman Deniz, en kal\u0131c\u0131 yat\u0131r\u0131m\u0131n e\u011fitime yap\u0131lan yat\u0131r\u0131m oldu\u011funu belirtirken, Bien Seramik Y\u00f6netim Kurulu Ba\u015fkan\u0131 Ali Ercan\u2019a te\u015fekk\u00fcr etti.Okul M\u00fcd\u00fcr\u00fc Meryem Avcu\u2019da, konu\u015fmas\u0131nda ger\u00e7ek bilgi kaynaklar\u0131n\u0131n k\u00fct\u00fcphaneler oldu\u011funu, hi\u00e7bir e\u011flencenin okumak gibi ucuz, hi\u00e7bir zevkinde okumak kadar kal\u0131c\u0131 olamayaca\u011f\u0131n\u0131 belirterek, okulun misyonu gere\u011fi okumaya \u00f6nem verildi\u011fini ve bu k\u00fclt\u00fcrel mekanlar\u0131n daha da donan\u0131ml\u0131 hale getirilerek etkili ve verimli bir \u015fekilde kullan\u0131lmas\u0131 gerekti\u011fini ifade etti. Avcu, okula kazand\u0131rd\u0131klar\u0131 bu g\u00fczel k\u00fct\u00fcphaneden dolay\u0131 hay\u0131r sever i\u015fadam\u0131 Ali Ercan\u2019a te\u015fekk\u00fcr etti.<\/p>\n<p style=\"text-align: justify;\">T\u00fcm \u00f6\u011frenciler ad\u0131na konu\u015fan k\u00fct\u00fcphane kul\u00fcb\u00fc \u00f6\u011frencisi Damla Borucu ise te\u015fekk\u00fcr konu\u015fmas\u0131nda k\u00fct\u00fcphane ile birlikte Meliha Ercan ad\u0131n\u0131n ya\u015fat\u0131laca\u011f\u0131n\u0131 dile getirdi.Vali Yard\u0131mc\u0131s\u0131 S\u00fcleyman Deniz taraf\u0131ndan bu anlaml\u0131 katk\u0131lar\u0131ndan dolay\u0131 Ali Ercan\u2019a plaket takdim edildi ve k\u00fct\u00fcphanenin a\u00e7\u0131l\u0131\u015f\u0131 yap\u0131ld\u0131.<\/p>\n<p style=\"text-align: justify;\">Kaynak: http:\/\/www.haber11.net\/<\/p>\n","protected":false},"excerpt":{"rendered":"<p>Bien Seramik, Bilecik K\u0131z Teknik ve Meslek Lisesi\u2019ne k\u00fct\u00fcphane yapt\u0131rd\u0131.\u00a0 Bilecik\u2019in en b\u00fcy\u00fck seramik \u00fcreticilerinden olan Bien Seramik, sekt\u00f6rdeki ba\u015far\u0131s\u0131n\u0131 sosyal sanayicilik y\u00f6n\u00fcyle de ta\u00e7land\u0131r\u0131yor. Bilecik\u2019in sosyal hayat\u0131na en \u00e7ok katk\u0131 sa\u011flayan firmalardan birisi olan Bien Seramik, \u00f6zellikle e\u011fitime yapt\u0131\u011f\u0131 yat\u0131r\u0131mlarla dikkat \u00e7ekiyor.<\/p>\n","protected":false},"author":1,"featured_media":0,"comment_status":"open","ping_status":"open","sticky":false,"template":"","format":"standard","meta":{"footnotes":""},"categories":[],"tags":[845],"class_list":["post-1776","post","type-post","status-publish","format-standard","hentry","tag-okul-kutuphaneleri"],"_links":{"self":[{"href":"https:\/\/www.bbyhaber.com\/bby\/wp-json\/wp\/v2\/posts\/1776"}],"collection":[{"href":"https:\/\/www.bbyhaber.com\/bby\/wp-json\/wp\/v2\/posts"}],"about":[{"href":"https:\/\/www.bbyhaber.com\/bby\/wp-json\/wp\/v2\/types\/post"}],"author":[{"embeddable":true,"href":"https:\/\/www.bbyhaber.com\/bby\/wp-json\/wp\/v2\/users\/1"}],"replies":[{"embeddable":true,"href":"https:\/\/www.bbyhaber.com\/bby\/wp-json\/wp\/v2\/comments?post=1776"}],"version-history":[{"count":0,"href":"https:\/\/www.bbyhaber.com\/bby\/wp-json\/wp\/v2\/posts\/1776\/revisions"}],"wp:attachment":[{"href":"https:\/\/www.bbyhaber.com\/bby\/wp-json\/wp\/v2\/media?parent=1776"}],"wp:term":[{"taxonomy":"category","embeddable":true,"href":"https:\/\/www.bbyhaber.com\/bby\/wp-json\/wp\/v2\/categories?post=1776"},{"taxonomy":"post_tag","embeddable":true,"href":"https:\/\/www.bbyhaber.com\/bby\/wp-json\/wp\/v2\/tags?post=1776"}],"curies":[{"name":"wp","href":"https:\/\/api.w.org\/{rel}","templated":true}]}}