{"id":17721,"date":"2015-10-06T10:20:12","date_gmt":"2015-10-06T07:20:12","guid":{"rendered":"http:\/\/www.bbyhaber.com\/bby\/?p=17721"},"modified":"2016-04-13T14:22:02","modified_gmt":"2016-04-13T11:22:02","slug":"ankos-akademi-egitimleri-basliyor","status":"publish","type":"post","link":"https:\/\/www.bbyhaber.com\/bby\/2015\/10\/06\/ankos-akademi-egitimleri-basliyor","title":{"rendered":"ANKOS Akademi E\u011fitimleri Ba\u015fl\u0131yor"},"content":{"rendered":"<p style=\"text-align: justify;\"><img loading=\"lazy\" decoding=\"async\" class=\"alignleft\" src=\"http:\/\/www.bbyhaber.com\/bby\/wp-content\/uploads\/2016\/02\/ankos-akademi.jpg\" alt=\"\" width=\"142\" height=\"77\" \/>Bilgi hizmetleri alan\u0131nda \u00e7al\u0131\u015fanlar\u0131n uygulamaya dayal\u0131 becerilerini artt\u0131rmak, mesleki uzmanla\u015fmay\u0131 \u00f6n plana \u00e7\u0131kartmak ve en \u00f6nemlisi yetkinliklerin hayata ge\u00e7irilmesini sa\u011flamak amac\u0131 ile Mart 2015\u2019te ANKOS \u00e7at\u0131s\u0131 alt\u0131nda kurulan ANKOS Akademi Kas\u0131m ay\u0131 i\u00e7erisinde e\u011fitimlere ba\u015fl\u0131yor\u2026\u00c7evrimi\u00e7i uzaktan ger\u00e7ekle\u015ftirilecek ilk e\u011fitim programlar\u0131 &#8220;<strong>A\u00e7\u0131k Eri\u015fim ve DSpace<\/strong>&#8221; ile &#8220;<strong>Elektronik Kaynaklar\u0131n Se\u00e7im ve Y\u00f6netimi<\/strong>&#8221; konular\u0131nda olacak:<!--more--><\/p>\n<p style=\"text-align: justify;\">&#8211; Son y\u0131llar\u0131n en \u00f6nemli konular\u0131ndan <strong>A\u00e7\u0131k Eri\u015fim, Kurumsal Ar\u015fiv ve DSpace<\/strong> ile ilgili kendimi daha fazla geli\u015ftirmeliyim, bu alanlarda uzmanla\u015fmal\u0131y\u0131m. \u00dcniversitemin g\u00f6r\u00fcn\u00fcrl\u00fc\u011f\u00fcn\u00fc artt\u0131r\u0131rken ayn\u0131 zamanda ara\u015ft\u0131rman\u0131n bir par\u00e7as\u0131 ve yenilik\u00e7i bir ekip \u00fcyesi olarak ara\u015ft\u0131rma toplulu\u011funun i\u00e7erisinde yerimi almal\u0131y\u0131m.<\/p>\n<p style=\"text-align: justify;\"><strong>veya<\/strong><\/p>\n<p style=\"text-align: justify;\">&#8211; K\u00fct\u00fcphane b\u00fct\u00e7elerimiz s\u0131n\u0131rl\u0131 ve b\u00fct\u00e7emizin yakla\u015f\u0131k %90\u2019\u0131 <strong>elektronik kaynaklar<\/strong>a harcan\u0131yor. B\u00fct\u00e7emizi daha efektif kullanabilmek, <strong>elektronik kaynaklar konusunda uzmanla\u015fabilmek<\/strong> ve daha iyi hizmet verebilmek i\u00e7in <strong>elektronik kaynaklar\u0131n se\u00e7imi, y\u00f6netimi ve hukuki s\u00fcre\u00e7leri<\/strong> hakk\u0131nda daha fazla bilgi sahibi olmal\u0131y\u0131m.<\/p>\n<p style=\"text-align: justify;\">\u00a0Diyorsan\u0131z;<\/p>\n<p style=\"text-align: justify;\" align=\"center\"><strong>\u2026Bu E\u011fitim Programlar\u0131 Tam Size G\u00f6re :\u2026<\/strong><strong><\/strong><\/p>\n<p style=\"text-align: justify;\">Konular\u0131nda uzman ki\u015filer taraf\u0131ndan, Kas\u0131m ay\u0131 i\u00e7erisinde verilecek ilk e\u011fitim programlar\u0131 ve ba\u015fvuru \u015fartlar\u0131na ili\u015fkin ayr\u0131nt\u0131l\u0131 bilgiler <span style=\"color: #ff0000;\"><strong>12 Ekim 2015 <\/strong><\/span>tarihinde sizlerle payla\u015f\u0131lacak.<\/p>\n","protected":false},"excerpt":{"rendered":"<p>Bilgi hizmetleri alan\u0131nda \u00e7al\u0131\u015fanlar\u0131n uygulamaya dayal\u0131 becerilerini artt\u0131rmak, mesleki uzmanla\u015fmay\u0131 \u00f6n plana \u00e7\u0131kartmak ve en \u00f6nemlisi yetkinliklerin hayata ge\u00e7irilmesini sa\u011flamak amac\u0131 ile Mart 2015\u2019te ANKOS \u00e7at\u0131s\u0131 alt\u0131nda kurulan ANKOS Akademi Kas\u0131m ay\u0131 i\u00e7erisinde e\u011fitimlere ba\u015fl\u0131yor\u2026\u00c7evrimi\u00e7i uzaktan ger\u00e7ekle\u015ftirilecek ilk e\u011fitim programlar\u0131 &#8220;A\u00e7\u0131k Eri\u015fim ve DSpace&#8221; ile &#8220;Elektronik Kaynaklar\u0131n Se\u00e7im ve Y\u00f6netimi&#8221; konular\u0131nda olacak:<\/p>\n","protected":false},"author":1,"featured_media":0,"comment_status":"open","ping_status":"open","sticky":false,"template":"","format":"standard","meta":{"footnotes":""},"categories":[1536,1],"tags":[],"class_list":["post-17721","post","type-post","status-publish","format-standard","hentry","category-ankos-akademi","category-genel"],"_links":{"self":[{"href":"https:\/\/www.bbyhaber.com\/bby\/wp-json\/wp\/v2\/posts\/17721"}],"collection":[{"href":"https:\/\/www.bbyhaber.com\/bby\/wp-json\/wp\/v2\/posts"}],"about":[{"href":"https:\/\/www.bbyhaber.com\/bby\/wp-json\/wp\/v2\/types\/post"}],"author":[{"embeddable":true,"href":"https:\/\/www.bbyhaber.com\/bby\/wp-json\/wp\/v2\/users\/1"}],"replies":[{"embeddable":true,"href":"https:\/\/www.bbyhaber.com\/bby\/wp-json\/wp\/v2\/comments?post=17721"}],"version-history":[{"count":0,"href":"https:\/\/www.bbyhaber.com\/bby\/wp-json\/wp\/v2\/posts\/17721\/revisions"}],"wp:attachment":[{"href":"https:\/\/www.bbyhaber.com\/bby\/wp-json\/wp\/v2\/media?parent=17721"}],"wp:term":[{"taxonomy":"category","embeddable":true,"href":"https:\/\/www.bbyhaber.com\/bby\/wp-json\/wp\/v2\/categories?post=17721"},{"taxonomy":"post_tag","embeddable":true,"href":"https:\/\/www.bbyhaber.com\/bby\/wp-json\/wp\/v2\/tags?post=17721"}],"curies":[{"name":"wp","href":"https:\/\/api.w.org\/{rel}","templated":true}]}}