{"id":17714,"date":"2015-10-06T01:05:37","date_gmt":"2015-10-05T22:05:37","guid":{"rendered":"http:\/\/www.bbyhaber.com\/bby\/?p=17714"},"modified":"2015-10-06T10:14:18","modified_gmt":"2015-10-06T07:14:18","slug":"bir-baska-ogrenme-deneyimi-yasayan-kutuphane","status":"publish","type":"post","link":"https:\/\/www.bbyhaber.com\/bby\/2015\/10\/06\/bir-baska-ogrenme-deneyimi-yasayan-kutuphane","title":{"rendered":"Bir ba\u015fka \u00f6\u011frenme deneyimi: Ya\u015fayan K\u00fct\u00fcphane"},"content":{"rendered":"<p style=\"text-align: justify;\"><img loading=\"lazy\" decoding=\"async\" class=\"alignleft\" src=\"http:\/\/i.radikal.com.tr\/150x113\/2015\/10\/05\/201510051527_02.jpg\" alt=\"\" width=\"216\" height=\"122\" \/>The Human Library \u00f6\u011frenme deneyimini bir ba\u015fka boyuta ta\u015f\u0131yor. G\u00f6n\u00fcll\u00fclerin hikayelerini anlatmak i\u00e7in ba\u015fvurdu\u011fu, ilgilenenlerin de onlar\u0131 dinledi\u011fi bu proje 15 senedir, 70&#8217;ten fazla \u00fclkede devam ediyor. Danimarka\u2019da ba\u015flayan ve di\u011fer \u00fclkeler de yay\u0131lan \u0130nsan K\u00fct\u00fcphanesi veya Ya\u015fayan K\u00fct\u00fcphane olarak tabir edilebilecek bu olu\u015fum, hem g\u00f6n\u00fcll\u00fclerine hem de dinleyicilere bamba\u015fka bir deneyim sunuyor. Hayat hikayelerini bu k\u00fct\u00fcphaneye bildiren ki\u015filer, ilgilenen insanlar\u0131n kendilerini bu k\u00fct\u00fcphaneden<!--more--> \u2018almas\u0131n\u0131\u2019 bekliyor ve kar\u015f\u0131s\u0131ndaki insana belirlenen s\u00fcre \u00e7er\u00e7evesinde hayat\u0131n\u0131, hikayesini anlat\u0131yor. Ya\u015fayan K\u00fct\u00fcphane, genellikle toplum i\u00e7inde tek tiple\u015ftirilmi\u015f veya d\u0131\u015flanm\u0131\u015f gruplara mensup olan insanlar\u0131n hikayelerine k\u00fct\u00fcphanesinde yer veriyor.<\/p>\n<p style=\"text-align: justify;\">2000 senesinde \u2018Stop the Violence\u2019 (\u015eiddeti Durdurun) isimli bir gen\u00e7lik organizasyonun projesi olarak ba\u015flayan \u0130nsan K\u00fct\u00fcphanesi\u2019nin yarat\u0131c\u0131lar\u0131, Ya\u015fayan K\u00fct\u00fcphane\u2019yi ba\u015flatmaktaki ama\u00e7lar\u0131n\u0131n insanlar aras\u0131ndaki ileti\u015fimi kuvvetlendirmekten ziyade farkl\u0131 k\u00fclt\u00fcrlerden, de\u011fi\u015fik ya\u015fam bi\u00e7imlerine sahip olan insanlar aras\u0131ndaki anlay\u0131\u015f\u0131 desteklemek ve bunun i\u00e7in alan yaratmak oldu\u011funu s\u00f6yl\u00fcyorlar. Hayat\u0131n hi\u00e7bir paydas\u0131nda yollar\u0131n\u0131n kesi\u015fmeyece\u011fini d\u00fc\u015f\u00fcnen insanlar\u0131 bulu\u015fturarak olas\u0131 \u00f6n yarg\u0131lar\u0131 ve kal\u0131pla\u015fm\u0131\u015f fikirleri k\u0131rmay\u0131 ama\u00e7l\u0131yorlar. \u2018Projenin bir di\u011fer amac\u0131 da ya\u015fad\u0131\u011f\u0131m\u0131z toplumun i\u00e7indeki insanlara dair fikirlerimizin tutarl\u0131l\u0131\u011f\u0131n\u0131 saptayabilmek i\u00e7in tart\u0131\u015fmaya a\u00e7mak\u2019 diyor yetkililer. \u2018 Tek tip d\u00fc\u015f\u00fcnce tarz\u0131m\u0131z\u0131 ve \u00f6n yarg\u0131lar\u0131m\u0131z\u0131, zor sorular\u0131n kabul edildi\u011fi, beklendi\u011fi ve takdir edildi\u011fi sorularla, olumlu bir \u00e7er\u00e7evede tart\u0131\u015fmaya a\u00e7mak istedi\u011fimiz \u015fey.\u2019 diye de ekliyorlar. \u0130\u015fte bu insanlar\u0131n kitap oldu\u011fu bu projenin, d\u00fcnyan\u0131n \u00e7e\u015fitli yerlerinde d\u00fczenlenmi\u015f etkinliklerinden foto\u011fraflar:<\/p>\n<div id=\"1\"><img loading=\"lazy\" decoding=\"async\" src=\"http:\/\/i.radikal.com.tr\/150x113\/2015\/10\/05\/201510051527_01.jpg\" alt=\"\" width=\"352\" height=\"198\" \/><\/div>\n<div id=\"2\">\n<div id=\"3\">\n<p><img loading=\"lazy\" decoding=\"async\" src=\"http:\/\/i.radikal.com.tr\/150x113\/2015\/10\/05\/201510051527_02.jpg\" alt=\"\" width=\"354\" height=\"199\" \/><\/p>\n<\/div>\n<div id=\"4\">\n<div>\n<p style=\"text-align: justify;\"><em>\u00d6rne\u011fin bu Human Library etkinli\u011finde dileyenler bir d\u00fcnya vatanda\u015f\u0131, eczac\u0131 ve\u00a0homeopat, \u015fih, soka\u011fa \u00e7\u0131kma korkusu olan bir bisiklet\u00e7i, vegan ve &#8216;sorgulayan bir hr\u0131stiyan&#8217;\u0131n hikayelerini dinleme f\u0131rsat\u0131 yakalam\u0131\u015f.<\/em><\/p>\n<\/div>\n<div>\n<div><img loading=\"lazy\" decoding=\"async\" src=\"http:\/\/i.radikal.com.tr\/150x113\/2015\/10\/05\/201510051528_03.jpg\" alt=\"\" width=\"358\" height=\"244\" \/><\/div>\n<\/div>\n<\/div>\n<\/div>\n<p style=\"text-align: justify;\">Ya\u015fayan K\u00fct\u00fcphane i\u00e7in T\u00fcrkiye&#8217;de de farkl\u0131 olu\u015fumlar zaman zaman etkinlikler d\u00fczenlemi\u015f. \u00d6zellikle Toplum G\u00f6n\u00fcll\u00fclleri Vakf\u0131&#8217;n\u0131n ger\u00e7ekle\u015ftirdi\u011fi etkinliklere ilgi b\u00fcy\u00fck olmu\u015f. Bir kapasite geli\u015ftirme program\u0131 olarak d\u00fczenlenen Ya\u015fayan K\u00fct\u00fcphane, \u0130stanbul Bilgi \u00dcniversitesi Gen\u00e7lik \u00c7al\u0131\u015fmalar\u0131 Birimi, Gen\u00e7 Engelliler Gen\u00e7lik ve Spor Kul\u00fcb\u00fc Derne\u011fi&#8217;nin program ortakl\u0131\u011f\u0131nda ger\u00e7ekle\u015fmi\u015f. Mu\u011fla, Kocaeli, Ankara, \u0130stanbul, \u0130zmir ve Mersin&#8217;de d\u00fczenlenen etkinliklere kat\u0131l\u0131m hayli y\u00fcksek olmu\u015f. Bu hareketin ilk ad\u0131m\u0131 ve bu haberin as\u0131l konusu olan Danimarka \u00e7\u0131k\u0131\u015fl\u0131 Human Library&#8217;nin ise Human Library Turkey ya da Human Library Istanbul isimli bir olu\u015fumu yok.<\/p>\n<p>Kaynak:\u00a0http:\/\/www.radikal.com.tr\/<\/p>\n","protected":false},"excerpt":{"rendered":"<p>The Human Library \u00f6\u011frenme deneyimini bir ba\u015fka boyuta ta\u015f\u0131yor. G\u00f6n\u00fcll\u00fclerin hikayelerini anlatmak i\u00e7in ba\u015fvurdu\u011fu, ilgilenenlerin de onlar\u0131 dinledi\u011fi bu proje 15 senedir, 70&#8217;ten fazla \u00fclkede devam ediyor. Danimarka\u2019da ba\u015flayan ve di\u011fer \u00fclkeler de yay\u0131lan \u0130nsan K\u00fct\u00fcphanesi veya Ya\u015fayan K\u00fct\u00fcphane olarak tabir edilebilecek bu olu\u015fum, hem g\u00f6n\u00fcll\u00fclerine hem de dinleyicilere bamba\u015fka bir deneyim sunuyor. Hayat hikayelerini [&hellip;]<\/p>\n","protected":false},"author":129,"featured_media":0,"comment_status":"open","ping_status":"open","sticky":false,"template":"","format":"standard","meta":{"footnotes":""},"categories":[1],"tags":[168],"class_list":["post-17714","post","type-post","status-publish","format-standard","hentry","category-genel","tag-yasayan-kutuphane"],"_links":{"self":[{"href":"https:\/\/www.bbyhaber.com\/bby\/wp-json\/wp\/v2\/posts\/17714"}],"collection":[{"href":"https:\/\/www.bbyhaber.com\/bby\/wp-json\/wp\/v2\/posts"}],"about":[{"href":"https:\/\/www.bbyhaber.com\/bby\/wp-json\/wp\/v2\/types\/post"}],"author":[{"embeddable":true,"href":"https:\/\/www.bbyhaber.com\/bby\/wp-json\/wp\/v2\/users\/129"}],"replies":[{"embeddable":true,"href":"https:\/\/www.bbyhaber.com\/bby\/wp-json\/wp\/v2\/comments?post=17714"}],"version-history":[{"count":0,"href":"https:\/\/www.bbyhaber.com\/bby\/wp-json\/wp\/v2\/posts\/17714\/revisions"}],"wp:attachment":[{"href":"https:\/\/www.bbyhaber.com\/bby\/wp-json\/wp\/v2\/media?parent=17714"}],"wp:term":[{"taxonomy":"category","embeddable":true,"href":"https:\/\/www.bbyhaber.com\/bby\/wp-json\/wp\/v2\/categories?post=17714"},{"taxonomy":"post_tag","embeddable":true,"href":"https:\/\/www.bbyhaber.com\/bby\/wp-json\/wp\/v2\/tags?post=17714"}],"curies":[{"name":"wp","href":"https:\/\/api.w.org\/{rel}","templated":true}]}}