{"id":17699,"date":"2015-09-28T15:23:48","date_gmt":"2015-09-28T12:23:48","guid":{"rendered":"http:\/\/www.bbyhaber.com\/bby\/?p=17699"},"modified":"2015-09-28T15:30:48","modified_gmt":"2015-09-28T12:30:48","slug":"nbtcktphn-nobetci-kutuphane","status":"publish","type":"post","link":"https:\/\/www.bbyhaber.com\/bby\/2015\/09\/28\/nbtcktphn-nobetci-kutuphane","title":{"rendered":"@nbtcktphn N\u00f6bet\u00e7i k\u00fct\u00fcphane"},"content":{"rendered":"<p class=\"\\&quot;MsoNormal\\&quot;\" style=\"text-align: justify;\"><img loading=\"lazy\" decoding=\"async\" class=\"alignleft\" src=\"http:\/\/bbyhaber.com\/bby\/wp-content\/uploads\/2015\/09\/nobetcikutuphane.jpg\" alt=\"\" width=\"209\" height=\"130\" \/>Bu haftaki r\u00f6portaj konuklar\u0131m\u0131z Cemil Sobac\u0131 ve Caner Paland\u00f6kenler. \u0130kisi de \u00e7ok sosyal, ikisi de eski futbolcu ve ikisi de kitap a\u015f\u0131\u011f\u0131. Cemil Sobac\u0131 bir hayal kuruyor, Caner Paland\u00f6kenler de arkada\u015f\u0131n\u0131n hayaline ortak oluyor, destek oluyor. &#8220;Hadi&#8221; diyorlar ve yola \u00e7\u0131k\u0131yorlar. Ve hayal &#8220;N\u00f6bet\u00e7i k\u00fct\u00fcphane&#8221;yi ger\u00e7e\u011fe d\u00f6n\u00fc\u015ft\u00fcr\u00fcyorlar.<!--more--><\/p>\n<p class=\"\\&quot;MsoNormal\\&quot;\" style=\"text-align: justify;\"><strong><span>Ye\u015fillikler aras\u0131nda, d\u00f6rt taraf\u0131 camdan olan bir katl\u0131 bina. O kadar cici bir yer ki. \u00c7ukurova \u00dcniversitesi giri\u015finde Park Bah\u00e7e&#8217;nin hemen i\u00e7inde. Mutlaka zaman yarat\u0131p gidip g\u00f6rmeli, ikram edilen kahveyi \u00e7ay\u0131 i\u00e7ip kitap okumal\u0131s\u0131n\u0131z.<\/span><\/strong><\/p>\n<p class=\"\\&quot;MsoNormal\\&quot;\" style=\"text-align: justify;\"><strong><span>Hafta i\u00e7i r\u00f6portaj karesinden sosyal medyada payla\u015f\u0131m yapt\u0131\u011f\u0131mda kimse o mekan\u0131n Adana&#8217;da oldu\u011funa inanamad\u0131. Sadece 4 ki\u015fi neresi oldu\u011funu bildi\u2026 <\/span><\/strong><\/p>\n<p class=\"\\&quot;MsoNormal\\&quot;\" style=\"text-align: justify;\"><strong><span>Buyurun detaylar\u0131 beraber okuyal\u0131m\u2026<\/span><\/strong><\/p>\n<p class=\"\\&quot;MsoNormal\\&quot;\" style=\"text-align: justify;\"><strong><span>Cemil Sobac\u0131 ve Caner Paland\u00f6ken kimdir, biraz kendinizden bahseder misiniz?<\/span><\/strong><\/p>\n<p class=\"\\&quot;MsoNormal\\&quot;\" style=\"text-align: justify;\"><strong><span>Caner Paland\u00f6kenler:<\/span><\/strong><span>1984 Adana do\u011fumluyum. \u0130ktisat mezunuyum. Cemil ile hayat\u0131m\u0131z\u0131n uzun bir b\u00f6l\u00fcm\u00fc futbol ile ge\u00e7ti. \u0130kimiz de Adanaspor&#8217;un alt yap\u0131s\u0131nda oynad\u0131k.<\/span><\/p>\n<p class=\"\\&quot;MsoNormal\\&quot;\" style=\"text-align: justify;\"><strong><span>Cemil Sobac\u0131:<\/span><\/strong><span> Marmara \u0130leti\u015fim, Sinema mezunuyum.<\/span><\/p>\n<p class=\"\\&quot;MsoNormal\\&quot;\" style=\"text-align: justify;\"><strong><span>Nerden \u00e7\u0131kt\u0131 bu &#8220;N\u00f6bet\u00e7i k\u00fct\u00fcphane&#8221;?<\/span><\/strong><\/p>\n<p class=\"\\&quot;MsoNormal\\&quot;\" style=\"text-align: justify;\"><strong><span>Cemil Sobac\u0131:<\/span><\/strong><span>\u00c7ocuklu\u011fumdan beri arma\u011fan vermeyi \u00e7ok severim. Babam mobilyac\u0131lar sitesi i\u00e7inde sandalyeci, \u00e7ocukken giderdim esnafa paray\u0131 hep haftal\u0131k \u00f6derdi. Mesela kebap\u00e7\u0131ya gider yerdik, babam hesaba yazd\u0131r\u0131rd\u0131 sonra toplu \u00f6derdi. Bir g\u00fcn arkada\u015flar\u0131m\u0131 toplay\u0131p gittim yedik i\u00e7tik, &#8220;Babam\u0131n hesab\u0131na yaz\u0131n&#8221; demi\u015ftim, o zamandan ba\u015flam\u0131\u015f ben de arma\u011fanla\u015fmak. (G\u00fcl\u00fcyor) Bu fikri ben ortaya att\u0131m ama o kadar da \u015fey bir fikir de\u011fil, ihtiya\u00e7tan ortaya \u00e7\u0131kan bir fikir.<\/span><\/p>\n<p class=\"\\&quot;MsoNormal\\&quot;\" style=\"text-align: justify;\"><strong><span>\u00c7ukurova \u00dcniversitesi i\u00e7erisinde bir k\u00fct\u00fcphane vard\u0131, hani o y\u00fczden neden 2. K\u00fct\u00fcphane ihtiyac\u0131 do\u011fdu?<\/span><\/strong><\/p>\n<p class=\"\\&quot;MsoNormal\\&quot;\" style=\"text-align: justify;\"><strong><span>Cemil Sobac\u0131:<\/span><\/strong><span> \u00c7ok \u00e7ok farkl\u0131. B\u00fct\u00fcn k\u00fct\u00fcphaneler ak\u015fam 5&#8217;te kapan\u0131r, bizim buran\u0131n \u00f6zelli\u011fi gece de a\u00e7\u0131k olmas\u0131. Asl\u0131nda biz kendi evimizde ba\u015flam\u0131\u015ft\u0131k asl\u0131nda<\/span><\/p>\n<p class=\"\\&quot;MsoNormal\\&quot;\" style=\"text-align: justify;\"><strong><span>Nas\u0131l yani?<\/span><\/strong><\/p>\n<p class=\"\\&quot;MsoNormal\\&quot;\" style=\"text-align: justify;\"><strong><span>C.S.:<\/span><\/strong><span> Evin teras\u0131n\u0131 k\u00fct\u00fcphaneye \u00e7evirdik, gece gelenleri k\u00fct\u00fcphanede misafir ediyorduk. Sonra bunu d\u0131\u015far\u0131ya ta\u015f\u0131mak istedik ama art\u0131 bir deste\u011fe ihtiyac\u0131m\u0131z vard\u0131. Samsung&#8217;un &#8220;Hayallerinin pe\u015finden git&#8221; yar\u0131\u015fmas\u0131na kat\u0131ld\u0131k, finalist olduk. Sonra hemen s\u0131ca\u011f\u0131 s\u0131ca\u011f\u0131na kollar\u0131 s\u0131vad\u0131k i\u015fe giri\u015ftik. Buray\u0131 \u00e7ok sevdik, hemen gelip Park Balcal\u0131&#8217;n\u0131n i\u015fletme sahibi ile g\u00f6r\u00fc\u015ft\u00fck, &#8220;Buras\u0131 \u00e7ok cici g\u00f6r\u00fcn\u00fcyor, a\u011fa\u00e7lar i\u00e7inde b\u00f6yle bir \u015fey yapmay\u0131 d\u00fc\u015f\u00fcn\u00fcyoruz&#8221; dedik. Sonuna kadar destek oldular.<\/span><\/p>\n<p class=\"\\&quot;MsoNormal\\&quot;\" style=\"text-align: justify;\"><strong><span>Saat d\u0131\u015f\u0131nda ba\u015fka farkl\u0131 ne?<\/span><\/strong><\/p>\n<p class=\"\\&quot;MsoNormal\\&quot;\" style=\"text-align: justify;\"><strong><span>Caner Paland\u00f6kenler:<\/span><\/strong><span> Resmi tatillerde a\u00e7\u0131\u011f\u0131z. \u0130nsanlar\u0131n bo\u015f zamanlar\u0131nda de\u011ferlendirmek istedikleri 3-5 saatleri var bunu da k\u00fct\u00fcphanelerde ge\u00e7irmek istiyorlar. <\/span><\/p>\n<p class=\"\\&quot;MsoNormal\\&quot;\" style=\"text-align: justify;\"><strong><span>Cemil Sobac\u0131:<\/span><\/strong><span> Yeni nesil sosyal k\u00fct\u00fcphane gibi anlat\u0131yoruz biz buray\u0131.<\/span><\/p>\n<p class=\"\\&quot;MsoNormal\\&quot;\" style=\"text-align: justify;\"><strong><span>&#8220;\u015e\u015f\u015fttt sessiz olun, konu\u015fmay\u0131n!&#8221; durumu yok yani?<\/span><\/strong><\/p>\n<p class=\"\\&quot;MsoNormal\\&quot;\" style=\"text-align: justify;\"><strong><span>C.S.:<\/span><\/strong><span> Hay\u0131r hay\u0131r yok. \u00c7ay, kahve, pasta, b\u00f6rek veriyoruz, etkinlikler yap\u0131yoruz. Evli bek\u00e2r, gen\u00e7, ya\u015fl\u0131, \u00e7al\u0131\u015fan, akademisyenlerin oldu\u011fu bir mek\u00e2n buras\u0131. Eline kekini al\u0131p gelen de var. Payla\u015fma yeri buras\u0131 ayn\u0131 zamanda.<\/span><\/p>\n<p class=\"\\&quot;MsoNormal\\&quot;\" style=\"text-align: justify;\"><strong><span>Bir g\u00fcnde ka\u00e7 ki\u015fi ziyaret ediyor?<\/span><\/strong><\/p>\n<p class=\"\\&quot;MsoNormal\\&quot;\" style=\"text-align: justify;\"><strong><span>C.S.:<\/span><\/strong><span> G\u00fcn bazl\u0131 \u00f6l\u00e7medik ama 7 ayda tekil ki\u015fi olarak 3 bin ki\u015fiyi ge\u00e7ti. Toplam ziyaret olarak da 15-20 bini buldu.<\/span><\/p>\n<p class=\"\\&quot;MsoNormal\\&quot;\" style=\"text-align: justify;\"><strong><span>En k\u00fc\u00e7\u00fck ziyaret\u00e7iniz de 7 ya\u015f\u0131ndaym\u0131\u015f, \u00f6yle mi?<\/span><\/strong><\/p>\n<p class=\"\\&quot;MsoNormal\\&quot;\" style=\"text-align: justify;\"><strong><span>C.S.:<\/span><\/strong><span> Evet, Can. Annesi tan\u0131\u015ft\u0131rd\u0131 onu burayla.<\/span><\/p>\n<p class=\"\\&quot;MsoNormal\\&quot;\" style=\"text-align: justify;\"><strong><span>Caner Paland\u00f6kenler:<\/span><\/strong><span> \u00c7ocuklar\u0131n anneleriyle gidip kitap okuyabilecekleri, a\u011fabey, ablalarla birlikte etkinlikler yapaca\u011f\u0131 yerler laz\u0131m.<\/span><\/p>\n<p class=\"\\&quot;MsoNormal\\&quot;\" style=\"text-align: justify;\"><strong><span>C.S.: <\/span><\/strong><span>Can&#8217;dan daha k\u00fc\u00e7\u00fck ziyaret\u00e7imiz vard\u0131 ve annesi &#8220;Ben kitap sat\u0131n almak istemiyorum. \u00c7ocu\u011fuma kitab\u0131n sat\u0131n al\u0131nabilir de\u011fil de edinilir ve payla\u015f\u0131l\u0131r bir \u015fey oldu\u011funu kavramas\u0131n\u0131 istiyorum&#8221; demi\u015fti. Ve ger\u00e7ekten etkileyen bir durumdu. <\/span><\/p>\n<p class=\"\\&quot;MsoNormal\\&quot;\" style=\"text-align: justify;\"><strong><span>Ger\u00e7ekten s\u00fcper bir yer olmu\u015f!<\/span><\/strong><\/p>\n<p class=\"\\&quot;MsoNormal\\&quot;\" style=\"text-align: justify;\"><strong><span>C.S.:<\/span><\/strong><span> Aynen. \u00dctopya! \u0130nsanlara olabiliri g\u00f6sterdik biz. Gece can\u0131 s\u0131k\u0131lan gelip kitap okuyor insanlar. <\/span><\/p>\n<p class=\"\\&quot;MsoNormal\\&quot;\" style=\"text-align: justify;\"><strong><span>Mimarisi de s\u00fcper!<\/span><\/strong><\/p>\n<p class=\"\\&quot;MsoNormal\\&quot;\" style=\"text-align: justify;\"><strong><span>C.S.: <\/span><\/strong><span>\u00d6zel mimar gelip tasar\u0131m yapmad\u0131. Biz fikirlerimizi s\u00f6yledik olur mu dedik, olur dediler. Oturduk kendimiz yapt\u0131k.<\/span><\/p>\n<p class=\"\\&quot;MsoNormal\\&quot;\" style=\"text-align: justify;\"><strong><span>B\u00f6yle bir k\u00fct\u00fcphane ba\u015fka nerede var?<\/span><\/strong><\/p>\n<p class=\"\\&quot;MsoNormal\\&quot;\" style=\"text-align: justify;\"><strong><span>C.S.:<\/span><\/strong><span> Hi\u00e7bir yerde yok, bu tarzda da bu ruhu yans\u0131tan da.<\/span><\/p>\n<p class=\"\\&quot;MsoNormal\\&quot;\" style=\"text-align: justify;\"><strong><span>Buras\u0131 bir dernek de\u011fil, vak\u0131f de\u011fil, ki\u015fiye ait de\u011fil?<\/span><\/strong><\/p>\n<p class=\"\\&quot;MsoNormal\\&quot;\" style=\"text-align: justify;\"><strong><span>C.P.:<\/span><\/strong><span> M\u00fclkiyete kar\u015f\u0131y\u0131z zaten. G\u00fczel bir \u015fey yap\u0131yorsan\u0131z bu herkesin olmal\u0131.<\/span><\/p>\n<p class=\"\\&quot;MsoNormal\\&quot;\" style=\"text-align: justify;\"><strong><span>Nas\u0131l d\u00f6nd\u00fcr\u00fcyorsunuz pek, d\u00f6ner sermaye gibi bir \u015fey mi var?<\/span><\/strong><\/p>\n<p class=\"\\&quot;MsoNormal\\&quot;\" style=\"text-align: justify;\"><strong><span>C.S.: <\/span><\/strong><span>Hay\u0131r hay\u0131r. Sadece kumbara var. Herkes i\u00e7inden ne ge\u00e7erse atar ama atmasa da olur. O da ufak tefek giderler i\u00e7in birikir ve de yeni a\u00e7\u0131lacak k\u00fct\u00fcphane i\u00e7in. <\/span><\/p>\n<p class=\"\\&quot;MsoNormal\\&quot;\" style=\"text-align: justify;\"><strong><span>G\u00fcn\u00fcn ka\u00e7 saati burada ge\u00e7iyor?<\/span><\/strong><\/p>\n<p class=\"\\&quot;MsoNormal\\&quot;\" style=\"text-align: justify;\"><strong><span>C.P.:<\/span><\/strong><span> 16:00 gibi a\u00e7ar\u0131z, gece 2&#8217;de de kapat\u0131r\u0131z diye planlad\u0131k ama o kadar etki etti ki sabah 9&#8217;dan gece 2&#8217;ye kadar a\u00e7\u0131\u011f\u0131z. Haftan\u0131n 7 g\u00fcn\u00fc a\u00e7\u0131k.<\/span><\/p>\n<p class=\"\\&quot;MsoNormal\\&quot;\" style=\"text-align: justify;\"><strong><span>7\/24 buradas\u0131n\u0131z, b\u00fct\u00fcn enerjiniz burada ge\u00e7iyor. Ee para da kazanm\u0131yorsunuz! Deli misiniz diyece\u011fim ama bilemedim?<\/span><\/strong><\/p>\n<p class=\"\\&quot;MsoNormal\\&quot;\" style=\"text-align: justify;\"><strong><span>C.P.:<\/span><\/strong><span> (G\u00fcl\u00fcyorlar) Bize zaten herkes deli diyor!<\/span><\/p>\n<p class=\"\\&quot;MsoNormal\\&quot;\" style=\"text-align: justify;\"><strong><span>C.S.:<\/span><\/strong><span> Evet, ger\u00e7ek hayatla \u00f6rt\u00fc\u015fmeyen bir i\u015f gibi bu. S\u00fcrekli sat\u0131n alma, s\u00fcrekli bir \u015feylere sahip olma gibi. Fark ettik ki g\u00fcnde 1500 kalorilik besin insana yeter. Eee bize de yetiyor, fazlas\u0131 ne i\u015fe yarar ki!<\/span><\/p>\n<p class=\"\\&quot;MsoNormal\\&quot;\" style=\"text-align: justify;\"><strong><span>Mand\u0131ra Filozofu mant\u0131\u011f\u0131 yani!?<\/span><\/strong><\/p>\n<p class=\"\\&quot;MsoNormal\\&quot;\" style=\"text-align: justify;\"><strong><span>C.S.:<\/span><\/strong><span> (G\u00fcl\u00fcyor) Sigaram\u0131z yok, alkol deseniz o da \u00e7ok yok. D\u00fc\u015f\u00fcnd\u00fcm en fazla neye para harc\u0131yorum diye bakt\u0131m ki kitaba, en fazla zaman\u0131 neye harc\u0131yorum? Yine kitaba! O zaman ak\u0131ll\u0131k yapay\u0131m, okumak istedi\u011fim kitaplar\u0131n b\u011fy\u011fk k\u0131sm\u0131n\u0131 alay\u0131m kendime alan yarat\u0131m. E kendime yapm\u0131\u015fken ba\u015fkalar\u0131yla da payla\u015fay\u0131m dedim ve ba\u015flad\u0131k. <\/span><\/p>\n<p class=\"\\&quot;MsoNormal\\&quot;\" style=\"text-align: justify;\"><strong><span>C.P.:<\/span><\/strong><span> Her \u015feye sahip olabilirsiniz. Mesela anneler babalar \u00e7ocuklar kariyer sahibi olsun diye deli paralar d\u00f6k\u00fcyor. \u0130stedi\u011finiz kadar paraya sahip olup sosyal olmay\u0131nca, sosyal zenginle\u015fmeyince hi\u00e7bir \u015fey de\u011filsiniz.<\/span><\/p>\n<p class=\"\\&quot;MsoNormal\\&quot;\" style=\"text-align: justify;\"><strong><span>C.S.:<\/span><\/strong><span> Her ili\u015fki paraya dayanm\u0131\u015f biz bundan uza\u011f\u0131z. Para kazanm\u0131yorsunuz ama kan veriyorsunuz! Para kazanm\u0131yorsunuz ama b\u00f6bre\u011finizi veriyorsunuz. Ayn\u0131 \u015fey! Bak\u0131n \u015fu a\u011faca, neredeyse y\u00fczy\u0131ll\u0131k bir a\u011fa\u00e7. Adam\u0131n biri gelmi\u015f tohumunu atm\u0131\u015f seneler ge\u00e7mi\u015f, bak\u0131n \u015fimdi sizinle bu a\u011fac\u0131n alt\u0131nda r\u00f6portaj yap\u0131yoruz. Her \u015fey para de\u011fil.<\/span><\/p>\n<p class=\"\\&quot;MsoNormal\\&quot;\" style=\"text-align: justify;\"><strong><span>Hep burada m\u0131s\u0131n\u0131z?<\/span><\/strong><\/p>\n<p class=\"\\&quot;MsoNormal\\&quot;\" style=\"text-align: justify;\"><strong><span>C.S.:<\/span><\/strong><span> Hay\u0131r okurlara da b\u0131rakt\u0131k. Kilitlemiyoruz. Gelin okuyun, gidin gibi.<\/span><\/p>\n<p class=\"\\&quot;MsoNormal\\&quot;\" style=\"text-align: justify;\"><strong><span>H\u0131rs\u0131z filan?<\/span><\/strong><\/p>\n<p class=\"\\&quot;MsoNormal\\&quot;\" style=\"text-align: justify;\"><strong><span>C.S.:<\/span><\/strong><span> Var tabii ama su\u00e7lular olay mahalline 2 defa gelirmi\u015f. Birincisinde bir \u015fey \u00e7alar ikincisinde yine gelir okuyucu olur. \u00c7ok da k\u00f6t\u00fc d\u00fc\u015f\u00fcnmemek laz\u0131m&#8230;<\/span><\/p>\n<p class=\"\\&quot;MsoNormal\\&quot;\" style=\"text-align: justify;\"><strong><span>C.P.: <\/span><\/strong><span>S\u00fcrekli g\u00fcvensizlik ortam\u0131 i\u00e7inde bulunursan\u0131z her \u015feyinizi kontrol eder hala geliyorsunuz. Ama insanlara g\u00fcven odakl\u0131 yer yapt\u0131\u011f\u0131n\u0131zda ileti\u015fimi de veriyor, paran\u0131z\u0131 da veriyor, zaman\u0131n\u0131z\u0131 da veriyor. Bir otokontrol oluyor.<\/span><\/p>\n<p class=\"\\&quot;MsoNormal\\&quot;\" style=\"text-align: justify;\"><strong><span>C.S.:<\/span><\/strong><span> Tabii ki giden \u015feyler oluyor ama biz gidenden \u00e7ok gelenle ilgileniyoruz. Ama evinden Ya\u015far Kemal serisi getiren insan da var.<\/span><\/p>\n<p class=\"\\&quot;MsoNormal\\&quot;\" style=\"text-align: justify;\"><strong><span>\u015eimdi ikincisi Turgut \u00d6zal Bulvar\u0131&#8217;nda m\u0131 a\u00e7\u0131lacak?<\/span><\/strong><\/p>\n<p class=\"\\&quot;MsoNormal\\&quot;\" style=\"text-align: justify;\"><strong><span>C.S.:<\/span><\/strong><span> Evet, \u015fuanda 70 bin TL filan toplayabildik. 100 bine tamamlan\u0131nca oraya da a\u00e7aca\u011f\u0131z.<\/span><\/p>\n<p class=\"\\&quot;MsoNormal\\&quot;\" style=\"text-align: justify;\"><strong><span>Sizi bu i\u015finde ennn \u00fczen \u015fey ne?<\/span><\/strong><\/p>\n<p class=\"\\&quot;MsoNormal\\&quot;\" style=\"text-align: justify;\"><strong><span>C.S.:<\/span><\/strong><span> \u015eehirde karar vericilerle bu i\u015fleri b\u00fcy\u00fctememek.<\/span><\/p>\n<p class=\"\\&quot;MsoNormal\\&quot;\" style=\"text-align: justify;\"><strong><span>C.P.:<\/span><\/strong><span> Asl\u0131nda okuyucularla buran\u0131n b\u00fcy\u00fcmesi laz\u0131m.<\/span><\/p>\n<p class=\"\\&quot;MsoNormal\\&quot;\" style=\"text-align: justify;\"><strong><span>C.S.:<\/span><\/strong><span> Sabah 8&#8217;de gelip buran\u0131n temizli\u011fini yapan okurlar var, \u00e7ay kahve paras\u0131 zaten b\u0131rak\u0131lan paralarla al\u0131n\u0131yor. Hatta okuyucu &#8220;Buras\u0131 bizim karde\u015fim&#8221; dese yeridir yani. Buras\u0131 bir \u015fekilde kendi kendine d\u00f6n\u00fcyor.<\/span><\/p>\n<p class=\"\\&quot;MsoNormal\\&quot;\" style=\"text-align: justify;\"><strong><span>Etkinlikleriniz de var de\u011fil mi?<\/span><\/strong><\/p>\n<p class=\"\\&quot;MsoNormal\\&quot;\" style=\"text-align: justify;\"><strong><span>C.P.:<\/span><\/strong><span> Evet. Hatta ge\u00e7en sene en fazla etkinli\u011fi biz yapm\u0131\u015f\u0131zd\u0131r. Mesela \u015fimdi &#8220;Evde festival&#8221; diye bir d\u00fc\u015f\u00fcncemiz var. Alt yap\u0131 \u00e7al\u0131\u015fmalar\u0131na ba\u015flad\u0131k. Buraya her \u015fehirden insan geliyor, bu k\u00fclt\u00fcr\u00fc harmanlamak istiyoruz. <\/span><\/p>\n<p class=\"\\&quot;MsoNormal\\&quot;\" style=\"text-align: justify;\"><strong><span>Son olarak eklemek istedikleriniz?<\/span><\/strong><\/p>\n<p class=\"\\&quot;MsoNormal\\&quot;\" style=\"text-align: justify;\"><strong><span>C.S.:<\/span><\/strong><a href=\"http:\/\/www.nbtcktphn.com\" target=\"_blank\"><span><span>http:\/\/www.nbtcktphn.com\/<\/span><\/span><\/a><span>ve <\/span><a href=\"http:\/\/www.fonlabeni.com\/\" target=\"_blank\"><span><span>www.fonlabeni.com<\/span><\/span><\/a><span> web sitelerimizden, facebook sayfam\u0131zdan bize ula\u015fabilirler. Yeni jenerasyona \u00e7ok g\u00fcveniyorum. Sevdikleri \u015feye sahip \u00e7\u0131k\u0131p, arkas\u0131nda duruyorlar. Kendi ku\u015fa\u011f\u0131m\u0131zdan m\u0131 yoksa 90 ku\u015fa\u011f\u0131ndan m\u0131 destek al\u0131yorsunuz deseniz onlardan daha \u00e7ok destek al\u0131yoruz. N\u00f6bet\u00e7i k\u00fct\u00fcphanenin bu kadar ziyaret\u00e7isi olduysa onlar\u0131n sayesinde oldu.<\/span><\/p>\n<p class=\"\\&quot;MsoNormal\\&quot;\" style=\"text-align: justify;\">Kaynak: <a href=\"http:\/\/sosyal.hurriyet.com.tr\/yazar\/duygu-sedefoglu_548\/burasi-nobetci-kutuphane_30176621\" target=\"_blank\">http:\/\/sosyal.hurriyet.com.tr\/<\/a><\/p>\n","protected":false},"excerpt":{"rendered":"<p>Bu haftaki r\u00f6portaj konuklar\u0131m\u0131z Cemil Sobac\u0131 ve Caner Paland\u00f6kenler. \u0130kisi de \u00e7ok sosyal, ikisi de eski futbolcu ve ikisi de kitap a\u015f\u0131\u011f\u0131. Cemil Sobac\u0131 bir hayal kuruyor, Caner Paland\u00f6kenler de arkada\u015f\u0131n\u0131n hayaline ortak oluyor, destek oluyor. &#8220;Hadi&#8221; diyorlar ve yola \u00e7\u0131k\u0131yorlar. Ve hayal &#8220;N\u00f6bet\u00e7i k\u00fct\u00fcphane&#8221;yi ger\u00e7e\u011fe d\u00f6n\u00fc\u015ft\u00fcr\u00fcyorlar.<\/p>\n","protected":false},"author":1,"featured_media":0,"comment_status":"open","ping_status":"open","sticky":false,"template":"","format":"standard","meta":{"footnotes":""},"categories":[1],"tags":[797],"class_list":["post-17699","post","type-post","status-publish","format-standard","hentry","category-genel","tag-nobetci-kutuphane"],"_links":{"self":[{"href":"https:\/\/www.bbyhaber.com\/bby\/wp-json\/wp\/v2\/posts\/17699"}],"collection":[{"href":"https:\/\/www.bbyhaber.com\/bby\/wp-json\/wp\/v2\/posts"}],"about":[{"href":"https:\/\/www.bbyhaber.com\/bby\/wp-json\/wp\/v2\/types\/post"}],"author":[{"embeddable":true,"href":"https:\/\/www.bbyhaber.com\/bby\/wp-json\/wp\/v2\/users\/1"}],"replies":[{"embeddable":true,"href":"https:\/\/www.bbyhaber.com\/bby\/wp-json\/wp\/v2\/comments?post=17699"}],"version-history":[{"count":0,"href":"https:\/\/www.bbyhaber.com\/bby\/wp-json\/wp\/v2\/posts\/17699\/revisions"}],"wp:attachment":[{"href":"https:\/\/www.bbyhaber.com\/bby\/wp-json\/wp\/v2\/media?parent=17699"}],"wp:term":[{"taxonomy":"category","embeddable":true,"href":"https:\/\/www.bbyhaber.com\/bby\/wp-json\/wp\/v2\/categories?post=17699"},{"taxonomy":"post_tag","embeddable":true,"href":"https:\/\/www.bbyhaber.com\/bby\/wp-json\/wp\/v2\/tags?post=17699"}],"curies":[{"name":"wp","href":"https:\/\/api.w.org\/{rel}","templated":true}]}}