{"id":17680,"date":"2015-09-17T13:39:10","date_gmt":"2015-09-17T10:39:10","guid":{"rendered":"http:\/\/www.bbyhaber.com\/bby\/?p=17680"},"modified":"2016-01-18T13:42:34","modified_gmt":"2016-01-18T11:42:34","slug":"vali-erdogan-bektasdan-kutuphanelere-destekbizim-adam-gibi-bir-kutuphaneye-ihtiyacimiz-var","status":"publish","type":"post","link":"https:\/\/www.bbyhaber.com\/bby\/2015\/09\/17\/vali-erdogan-bektasdan-kutuphanelere-destekbizim-adam-gibi-bir-kutuphaneye-ihtiyacimiz-var","title":{"rendered":"Vali Erdo\u011fan Bekta\u015f&#8217;dan k\u00fct\u00fcphanelere destek:Bizim adam gibi bir k\u00fct\u00fcphaneye ihtiyac\u0131m\u0131z var"},"content":{"rendered":"<p style=\"text-align: justify;\"><img loading=\"lazy\" decoding=\"async\" class=\"alignleft\" src=\"http:\/\/www.bbyhaber.com\/bby\/wp-content\/uploads\/2015\/09\/manisa.jpg\" alt=\"\" width=\"262\" height=\"145\" \/>Manisa Valisi Erdo\u011fan Bekta\u015f, K\u00fclt\u00fcr Bakanl\u0131\u011f\u0131&#8217;n\u0131n, \u015eehzadeler Kaymakaml\u0131\u011f\u0131&#8217;na ayr\u0131lan eski askeri hastane bah\u00e7esi i\u00e7erisinde Manisa&#8217;n\u0131n tamam\u0131na hitap edecek b\u00fcy\u00fck bir k\u00fct\u00fcphane \u00e7al\u0131\u015fmas\u0131 i\u00e7erisinde olduklar\u0131n\u0131 belirtti. K\u00fct\u00fcphane yapman\u0131n sadece bakanl\u0131\u011f\u0131n g\u00f6revi olmad\u0131\u011f\u0131n\u0131 kaydeden Vali Bekta\u015f, ba\u015fta b\u00fcy\u00fck\u015fehir belediyesi olmak \u00fczere il\u00e7e belediye ba\u015fkanlar\u0131na \u2018<strong><span style=\"color: #ff0000;\">\u015fehir olacaksa k\u00fct\u00fcphanesi de olacak bunun lami cimi yok<\/span><\/strong>&#8216; \u015feklinde tepki g\u00f6sterdi.<!--more--> Vali Erdo\u011fan Bekta\u015f, Manisa&#8217;ya yeni bir k\u00fct\u00fcphane kazand\u0131rma \u00e7al\u0131\u015fmas\u0131 i\u00e7erisinde olduklar\u0131n\u0131 s\u00f6yledi. \u015eehzadeler Kaymakaml\u0131\u011f\u0131&#8217;na ayr\u0131lan eski askeri hastane bah\u00e7esi i\u00e7erisinde K\u00fclt\u00fcr Bakanl\u0131\u011f\u0131 taraf\u0131ndan, Manisa&#8217;n\u0131n tamam\u0131na hitap edecek b\u00fcy\u00fck bir k\u00fct\u00fcphane yapacaklar\u0131n\u0131 belirten Vali Erdo\u011fan Bekta\u015f, \u015fehrin k\u00fct\u00fcphaneye ihtiyac\u0131 oldu\u011funu s\u00f6yledi.<\/p>\n<p><strong>&#8220;K\u00dcT\u00dcPHANE YETERS\u0130Z DE\u011e\u0130L K\u00dcT\u00dcPHANE YOK&#8221;<\/strong><\/p>\n<p style=\"text-align: justify;\">Manisa&#8217;daki k\u00fct\u00fcphanenin yetersiz de\u011fil, k\u00fct\u00fcphanenin olmad\u0131\u011f\u0131n\u0131 kaydeden Vali Bekta\u015f, &#8220;B\u00f6yle bir k\u00fct\u00fcphane olmaz. O k\u00fct\u00fcphane birka\u00e7 \u00e7ocu\u011fun s\u0131nava haz\u0131rland\u0131\u011f\u0131 ders mekan\u0131. En fazla otuz \u00e7ocuk yararlanabilir. <strong><span style=\"color: #ff0000;\"><em>K\u00fct\u00fcphane ders \u00e7al\u0131\u015fma mekan\u0131 de\u011fildir.<\/em><\/span><\/strong> \u015eehrin k\u00fct\u00fcphaneye ihtiyac\u0131 oldu\u011fu gibi \u00f6zellikle b\u00fcy\u00fck il\u00e7elerimizin de k\u00fct\u00fcphaneye ihtiyac\u0131 var. K\u00fct\u00fcphaneyi ille bakanl\u0131k yapmaz, belediyelerde yapar, \u00fcniversitelerde yapar. \u015eehzadeler Kaymakaml\u0131\u011f\u0131&#8217;na ayr\u0131lan eski askeri hastane bah\u00e7esi i\u00e7erisinde K\u00fclt\u00fcr Bakanl\u0131\u011f\u0131 taraf\u0131ndan, Manisa&#8217;n\u0131n tamam\u0131na hitap edecek b\u00fcy\u00fck bir k\u00fct\u00fcphane \u00e7al\u0131\u015fmas\u0131 i\u00e7erisindeyiz&#8221; dedi.<\/p>\n<p style=\"text-align: justify;\"><strong>&#8220;ADAM G\u0130B\u0130\u2026&#8221;<\/strong><\/p>\n<p style=\"text-align: justify;\">K\u00fct\u00fcphaneyi sadece bakanl\u0131\u011f\u0131n de\u011fil belediyelerinde yapmas\u0131 gerekti\u011fini belirten Vali Bekta\u015f, &#8220;Her mahalleye bir k\u00fct\u00fcphane yap\u0131lmas\u0131 gerekir. Bizim Manisa&#8217;da k\u00fct\u00fcphane diye bildi\u011fimiz kurum bir mahalle k\u00fct\u00fcphanesinin \u00f6zelli\u011fine sahip de\u011fil. B\u00f6yle bir k\u00fct\u00fcphane olmaz. Herkes otursun ben mahalleme nas\u0131l bir k\u00fct\u00fcphane yapabilirim diye bunun gayreti i\u00e7erisine girsin. Bug\u00fcn Turgutlu&#8217;nun da, Salihli&#8217;nin de, Akhisar&#8217;\u0131nda adam gibi bir k\u00fct\u00fcphaneye ihtiyac\u0131 var. <strong><span style=\"color: #ff0000;\">Bug\u00fcn k\u00fct\u00fcphane olmadan \u015fehir olunmaz.<\/span><\/strong> Bu \u00e7ocuk oyunca\u011f\u0131 de\u011fildir. \u015eehirlerde bir ana k\u00fct\u00fcphane olur. Birde mahalle k\u00fct\u00fcphaneleri olur. Kitaba ula\u015fma ortam\u0131 olur. Bu ka\u00e7\u0131n\u0131lmaz bir \u015feydir&#8221; dedi.<\/p>\n<p style=\"text-align: justify;\"><strong>BELED\u0130YELER\u0130 ELE\u015eT\u0130RD\u0130<\/strong><\/p>\n<p style=\"text-align: justify;\">Vali Bekta\u015f, son olarak \u015f\u00f6yle konu\u015ftu: &#8220;Biz e\u011fer bir bu\u00e7uk milyon n\u00fcfuslu bir \u015fehir olacaksak <strong><span style=\"color: #ff0000;\">bizim adam gibi bir k\u00fct\u00fcphaneye ihtiyac\u0131m\u0131z var.<\/span><\/strong> Oturup bunlar\u0131 \u00e7\u00f6zece\u011fiz. \u0130l\u00e7e belediye ba\u015fkanlar\u0131, kaymakamlar\u0131, milli e\u011fitim m\u00fcd\u00fcrleri bu konuda oturup kafa yorsun. <strong><span style=\"color: #ff0000;\">\u015eehir olacaksa k\u00fct\u00fcphane olacak. Bunun lami cimi yok<\/span>.<\/strong> Burada yapaca\u011f\u0131z. \u0130mkan bulursak il\u00e7elere de yapaca\u011f\u0131z. Ama bu sadece k\u00fclt\u00fcr bakanl\u0131\u011f\u0131 ve bize ba\u011fl\u0131 de\u011fil. B\u00fcy\u00fck\u015fehrin de oturup 17 il\u00e7eme 17 k\u00fct\u00fcphane yap\u0131yorum desin. Bizim oldu\u011fu gibi bu b\u00fcy\u00fck\u015fehrinde, il\u00e7e belediyelerin de g\u00f6revi.&#8221;<\/p>\n<p style=\"text-align: justify;\">Kaynak: http:\/\/www.manisahavadisleri.com\/<\/p>\n","protected":false},"excerpt":{"rendered":"<p>Manisa Valisi Erdo\u011fan Bekta\u015f, K\u00fclt\u00fcr Bakanl\u0131\u011f\u0131&#8217;n\u0131n, \u015eehzadeler Kaymakaml\u0131\u011f\u0131&#8217;na ayr\u0131lan eski askeri hastane bah\u00e7esi i\u00e7erisinde Manisa&#8217;n\u0131n tamam\u0131na hitap edecek b\u00fcy\u00fck bir k\u00fct\u00fcphane \u00e7al\u0131\u015fmas\u0131 i\u00e7erisinde olduklar\u0131n\u0131 belirtti. K\u00fct\u00fcphane yapman\u0131n sadece bakanl\u0131\u011f\u0131n g\u00f6revi olmad\u0131\u011f\u0131n\u0131 kaydeden Vali Bekta\u015f, ba\u015fta b\u00fcy\u00fck\u015fehir belediyesi olmak \u00fczere il\u00e7e belediye ba\u015fkanlar\u0131na \u2018\u015fehir olacaksa k\u00fct\u00fcphanesi de olacak bunun lami cimi yok&#8216; \u015feklinde tepki g\u00f6sterdi.<\/p>\n","protected":false},"author":1,"featured_media":0,"comment_status":"open","ping_status":"open","sticky":false,"template":"","format":"standard","meta":{"footnotes":""},"categories":[1],"tags":[1436,820],"class_list":["post-17680","post","type-post","status-publish","format-standard","hentry","category-genel","tag-kutuphaneler","tag-mahalle-kutuphaneleri"],"_links":{"self":[{"href":"https:\/\/www.bbyhaber.com\/bby\/wp-json\/wp\/v2\/posts\/17680"}],"collection":[{"href":"https:\/\/www.bbyhaber.com\/bby\/wp-json\/wp\/v2\/posts"}],"about":[{"href":"https:\/\/www.bbyhaber.com\/bby\/wp-json\/wp\/v2\/types\/post"}],"author":[{"embeddable":true,"href":"https:\/\/www.bbyhaber.com\/bby\/wp-json\/wp\/v2\/users\/1"}],"replies":[{"embeddable":true,"href":"https:\/\/www.bbyhaber.com\/bby\/wp-json\/wp\/v2\/comments?post=17680"}],"version-history":[{"count":0,"href":"https:\/\/www.bbyhaber.com\/bby\/wp-json\/wp\/v2\/posts\/17680\/revisions"}],"wp:attachment":[{"href":"https:\/\/www.bbyhaber.com\/bby\/wp-json\/wp\/v2\/media?parent=17680"}],"wp:term":[{"taxonomy":"category","embeddable":true,"href":"https:\/\/www.bbyhaber.com\/bby\/wp-json\/wp\/v2\/categories?post=17680"},{"taxonomy":"post_tag","embeddable":true,"href":"https:\/\/www.bbyhaber.com\/bby\/wp-json\/wp\/v2\/tags?post=17680"}],"curies":[{"name":"wp","href":"https:\/\/api.w.org\/{rel}","templated":true}]}}