{"id":17619,"date":"2015-09-10T09:51:41","date_gmt":"2015-09-10T06:51:41","guid":{"rendered":"http:\/\/www.bbyhaber.com\/bby\/?p=17619"},"modified":"2015-09-10T09:51:41","modified_gmt":"2015-09-10T06:51:41","slug":"her-10-okuldan-6%e2%80%99sinda-kutuphane-yok","status":"publish","type":"post","link":"https:\/\/www.bbyhaber.com\/bby\/2015\/09\/10\/her-10-okuldan-6%e2%80%99sinda-kutuphane-yok","title":{"rendered":"Her 10 okuldan 6\u2019s\u0131nda k\u00fct\u00fcphane yok"},"content":{"rendered":"<p style=\"text-align: justify;\"><img loading=\"lazy\" decoding=\"async\" class=\"alignleft\" src=\"http:\/\/www.bbyhaber.com\/bby\/wp-content\/uploads\/2015\/09\/ileri.jpg\" alt=\"\" width=\"137\" height=\"138\" \/>Milli E\u011fitim Bakanl\u0131\u011f\u0131, 2015-2019 y\u0131llar\u0131n\u0131 kapsayan stratejik plan\u0131 a\u00e7\u0131klad\u0131. Plana g\u00f6re okullardaki k\u00fct\u00fcphane oran\u0131n\u0131n y\u00fczde 39.2\u2019den y\u00fczde 50\u2019ye y\u00fckseltilmesi hedefleniyor. Demek oluyor ki, T\u00fcrkiye\u2019deki okular\u0131n yakla\u015f\u0131k y\u00fczde 60\u2019\u0131nda k\u00fct\u00fcphane bulunmuyor. Konu hakk\u0131nda bilgi ald\u0131\u011f\u0131m\u0131z Okul K\u00fct\u00fcphanecileri Derne\u011fi Ba\u015fkan\u0131 Ayd\u0131n \u0130leri, son y\u0131llarda Milli E\u011fitim Bakanl\u0131\u011f\u0131\u2019n\u0131n okul k\u00fct\u00fcphaneleriyle ilgili olumlu \u00e7al\u0131\u015fmalar\u0131n\u0131n oldu\u011funu, ancak bunlar\u0131n yetersiz kald\u0131\u011f\u0131n\u0131 aktard\u0131.<!--more--><\/p>\n<p style=\"text-align: justify;\">\u0130leri, planda a\u00e7\u0131klanan y\u00fczde 39 rakam\u0131n\u0131n da ger\u00e7e\u011fi yans\u0131tmad\u0131\u011f\u0131n\u0131 belirterek, \u201cOkullarda g\u00fcncel, bilimsel, \u00e7a\u011fda\u015f e\u011fitim m\u00fcfredat\u0131yla desteklenen yay\u0131nlar yok. Yeterince kitap yok. Bu nedenle olanlara k\u00fct\u00fcphane de\u011fil, kitap odas\u0131 demek gerekiyor\u201d dedi. \u00c7o\u011fu okulda k\u00fct\u00fcphane bulunmamas\u0131n\u0131n e\u011fitimde e\u015fitlik ilkesine ayk\u0131r\u0131 oldu\u011funu vurgulayan \u0130leri, \u201cK\u00fct\u00fcphane ile e\u011fitim g\u00f6ren \u00f6\u011frenciler, mutlaka di\u011ferlerinden birka\u00e7 ad\u0131m \u00f6nde olacakt\u0131r. Bu da \u00e7ocuklar\u0131 haks\u0131z rekabete s\u00fcr\u00fcklemek demektir. Her \u00e7ocuk e\u015fit e\u011fitim alma hakk\u0131na sahip olmal\u0131, bakanl\u0131k bunun imk\u00e2nlar\u0131n\u0131 sa\u011flamal\u0131. Ancak g\u00f6r\u00fcnen o ki, 2019 y\u0131l\u0131na kadar b\u00f6yle bir hedefleri yok\u201d dedi.<\/p>\n<p style=\"text-align: justify;\">Ayd\u0131n \u0130leri, okullarda var olan k\u00fct\u00fcphanelerin de, en temel unsurundan, yani k\u00fct\u00fcphaneciden yoksun oldu\u011funun alt\u0131n\u0131 \u00e7izdi. \u0130leri, MEB\u2019in k\u00fct\u00fcphaneci istihdam\u0131 yapmak i\u00e7in kadro a\u00e7mas\u0131 gerekti\u011fini belirtti. \u00d6te yandan 4+4+4 e\u011fitim sisteminin hayata ge\u00e7mesiyle birlikte, okullardaki k\u00fct\u00fcphanelerin bir b\u00f6l\u00fcm\u00fc s\u0131n\u0131f a\u00e7\u0131lmas\u0131 i\u00e7in bo\u015falt\u0131lm\u0131\u015f, baz\u0131lar\u0131 da mescide d\u00f6n\u00fc\u015ft\u00fcr\u00fclm\u00fc\u015ft\u00fc.<\/p>\n<p style=\"text-align: justify;\">Kaynak: http:\/\/kulturservisi.com\/<\/p>\n","protected":false},"excerpt":{"rendered":"<p>Milli E\u011fitim Bakanl\u0131\u011f\u0131, 2015-2019 y\u0131llar\u0131n\u0131 kapsayan stratejik plan\u0131 a\u00e7\u0131klad\u0131. Plana g\u00f6re okullardaki k\u00fct\u00fcphane oran\u0131n\u0131n y\u00fczde 39.2\u2019den y\u00fczde 50\u2019ye y\u00fckseltilmesi hedefleniyor. Demek oluyor ki, T\u00fcrkiye\u2019deki okular\u0131n yakla\u015f\u0131k y\u00fczde 60\u2019\u0131nda k\u00fct\u00fcphane bulunmuyor. Konu hakk\u0131nda bilgi ald\u0131\u011f\u0131m\u0131z Okul K\u00fct\u00fcphanecileri Derne\u011fi Ba\u015fkan\u0131 Ayd\u0131n \u0130leri, son y\u0131llarda Milli E\u011fitim Bakanl\u0131\u011f\u0131\u2019n\u0131n okul k\u00fct\u00fcphaneleriyle ilgili olumlu \u00e7al\u0131\u015fmalar\u0131n\u0131n oldu\u011funu, ancak bunlar\u0131n yetersiz kald\u0131\u011f\u0131n\u0131 [&hellip;]<\/p>\n","protected":false},"author":1,"featured_media":0,"comment_status":"open","ping_status":"open","sticky":false,"template":"","format":"standard","meta":{"footnotes":""},"categories":[1476,1],"tags":[1436,716,845],"class_list":["post-17619","post","type-post","status-publish","format-standard","hentry","category-aydin-ileri","category-genel","tag-kutuphaneler","tag-mescit-kutuphane","tag-okul-kutuphaneleri"],"_links":{"self":[{"href":"https:\/\/www.bbyhaber.com\/bby\/wp-json\/wp\/v2\/posts\/17619"}],"collection":[{"href":"https:\/\/www.bbyhaber.com\/bby\/wp-json\/wp\/v2\/posts"}],"about":[{"href":"https:\/\/www.bbyhaber.com\/bby\/wp-json\/wp\/v2\/types\/post"}],"author":[{"embeddable":true,"href":"https:\/\/www.bbyhaber.com\/bby\/wp-json\/wp\/v2\/users\/1"}],"replies":[{"embeddable":true,"href":"https:\/\/www.bbyhaber.com\/bby\/wp-json\/wp\/v2\/comments?post=17619"}],"version-history":[{"count":0,"href":"https:\/\/www.bbyhaber.com\/bby\/wp-json\/wp\/v2\/posts\/17619\/revisions"}],"wp:attachment":[{"href":"https:\/\/www.bbyhaber.com\/bby\/wp-json\/wp\/v2\/media?parent=17619"}],"wp:term":[{"taxonomy":"category","embeddable":true,"href":"https:\/\/www.bbyhaber.com\/bby\/wp-json\/wp\/v2\/categories?post=17619"},{"taxonomy":"post_tag","embeddable":true,"href":"https:\/\/www.bbyhaber.com\/bby\/wp-json\/wp\/v2\/tags?post=17619"}],"curies":[{"name":"wp","href":"https:\/\/api.w.org\/{rel}","templated":true}]}}