{"id":17607,"date":"2015-09-09T00:40:17","date_gmt":"2015-09-08T21:40:17","guid":{"rendered":"http:\/\/www.bbyhaber.com\/bby\/?p=17607"},"modified":"2015-09-09T10:42:47","modified_gmt":"2015-09-09T07:42:47","slug":"istanbul-sehir-kutuphanesi-calistayi-gerceklestirildi","status":"publish","type":"post","link":"https:\/\/www.bbyhaber.com\/bby\/2015\/09\/09\/istanbul-sehir-kutuphanesi-calistayi-gerceklestirildi","title":{"rendered":"&#8220;\u0130stanbul \u015eehir K\u00fct\u00fcphanesi \u00c7al\u0131\u015ftay\u0131&#8221; ger\u00e7ekle\u015ftirildi"},"content":{"rendered":"<p style=\"text-align: justify;\"><img loading=\"lazy\" decoding=\"async\" class=\"alignleft\" src=\"http:\/\/www.edirnehaber.org\/files\/news\/a67d115e933338374155fce5482674ef.jpg\" alt=\"\" width=\"211\" height=\"115\" \/>\u0130stanbul B\u00fcy\u00fck\u015fehir Belediyesi K\u00fct\u00fcphane ve M\u00fczeler M\u00fcd\u00fcr\u00fc Ramazan Minder, \u00e7al\u0131\u015ftaya ili\u015fkin yapt\u0131\u011f\u0131 a\u00e7\u0131klamada, \u0130stanbul i\u00e7in yeni ve b\u00fcy\u00fck bir \u015fehir k\u00fct\u00fcphanesi kurulmas\u0131 noktas\u0131nda k\u00fclt\u00fcr camias\u0131nda ciddi bir beklentinin s\u00f6z konusu oldu\u011funu s\u00f6yledi. Minder, \u0130stanbul&#8217;u temsil edebilecek kapasitede bir k\u00fct\u00fcphanenin olmad\u0131\u011f\u0131n\u0131 belirterek, &#8220;\u0130stanbul&#8217;da yayg\u0131n vaziyette \u00e7ok say\u0131da ara\u015ft\u0131rma, \u00fcniversite, halk k\u00fct\u00fcphanemiz bulunuyor.<!--more--> \u015eehrimizi gerek mimarisiyle temsil edebilecek gerekse de koleksiyon yap\u0131s\u0131 itibar\u0131yla b\u00fct\u00fcn ara\u015ft\u0131rmac\u0131lar\u0131m\u0131z\u0131n ihtiya\u00e7lar\u0131n\u0131 giderecek bir \u015fehir k\u00fct\u00fcphanesi kurulmas\u0131 noktas\u0131nda \u0130stanbul B\u00fcy\u00fck\u015fehir Belediye Ba\u015fkanl\u0131\u011f\u0131m\u0131z\u0131n bir \u00e7al\u0131\u015fmas\u0131 var&#8221; diye konu\u015ftu.<\/p>\n<p style=\"text-align: justify;\">\u00d6zellikle \u0130stanbul B\u00fcy\u00fck\u015fehir Belediye Ba\u015fkan\u0131 Kadir Topba\u015f&#8217;\u0131n hedefledi\u011fi bir \u015fehir k\u00fct\u00fcphanesi projesi oldu\u011funu vurgulayan Minder, \u015f\u00f6yle konu\u015ftu:<\/p>\n<p style=\"text-align: justify;\">&#8220;Bu projeyi biraz daha payda\u015flar\u0131m\u0131zla payla\u015f\u0131p, k\u00fct\u00fcphanenin nas\u0131l olmas\u0131 gerekti\u011finin yan\u0131 s\u0131ra i\u00e7eri\u011fini, mimarisini, bulundu\u011fu lokasyonu se\u00e7me noktas\u0131nda \u00f6ncelikle bir \u00e7al\u0131\u015ftay yapma hedefimiz vard\u0131. Burada yakla\u015f\u0131k 100&#8217;e yak\u0131n akademisyen, sanat\u00e7\u0131, mimar, k\u00fct\u00fcphaneci, yazar, sahaf ve kitabevi sahiplerinden olu\u015fan bir grubun oldu\u011fu \u00e7al\u0131\u015ftay i\u00e7indeyiz. Amac\u0131m\u0131z, elde edilecek fikir birli\u011fini raporlar haline getirip B\u00fcy\u00fck\u015fehir Belediye Ba\u015fkanl\u0131\u011f\u0131m\u0131za sunmak ve ondan sonraki s\u00fcre\u00e7te de \u0130stanbul&#8217;a b\u00fcy\u00fck bir \u015fehir k\u00fct\u00fcphanesi kazand\u0131rmakt\u0131r. Her \u00fclkenin d\u00fcnya \u00e7ap\u0131nda \u015f\u00f6hret bulmu\u015f, b\u00fcy\u00fck k\u00fct\u00fcphaneleri var. T\u00fcrkiye Cumhuriyeti&#8217;nin de 2023 hedefleri s\u00f6z konusu. Bu hedeflere ula\u015fabilmek i\u00e7in ayn\u0131 zamanda k\u00fct\u00fcphanecilik olarak da bunun altyap\u0131s\u0131n\u0131 doldurmam\u0131z gerekiyor.&#8221;<\/p>\n<p style=\"text-align: justify;\">Kaynak:\u00a0https:\/\/www.sapanca.com.tr\/sapanca-da-istanbul-sehir-kutuphanesi-calistayi-\/haberi\/5696<\/p>\n","protected":false},"excerpt":{"rendered":"<p>\u0130stanbul B\u00fcy\u00fck\u015fehir Belediyesi K\u00fct\u00fcphane ve M\u00fczeler M\u00fcd\u00fcr\u00fc Ramazan Minder, \u00e7al\u0131\u015ftaya ili\u015fkin yapt\u0131\u011f\u0131 a\u00e7\u0131klamada, \u0130stanbul i\u00e7in yeni ve b\u00fcy\u00fck bir \u015fehir k\u00fct\u00fcphanesi kurulmas\u0131 noktas\u0131nda k\u00fclt\u00fcr camias\u0131nda ciddi bir beklentinin s\u00f6z konusu oldu\u011funu s\u00f6yledi. Minder, \u0130stanbul&#8217;u temsil edebilecek kapasitede bir k\u00fct\u00fcphanenin olmad\u0131\u011f\u0131n\u0131 belirterek, &#8220;\u0130stanbul&#8217;da yayg\u0131n vaziyette \u00e7ok say\u0131da ara\u015ft\u0131rma, \u00fcniversite, halk k\u00fct\u00fcphanemiz bulunuyor.<\/p>\n","protected":false},"author":129,"featured_media":0,"comment_status":"open","ping_status":"open","sticky":false,"template":"","format":"standard","meta":{"footnotes":""},"categories":[1,1602],"tags":[1436],"class_list":["post-17607","post","type-post","status-publish","format-standard","hentry","category-genel","category-sehir-kutuphaneleri","tag-kutuphaneler"],"_links":{"self":[{"href":"https:\/\/www.bbyhaber.com\/bby\/wp-json\/wp\/v2\/posts\/17607"}],"collection":[{"href":"https:\/\/www.bbyhaber.com\/bby\/wp-json\/wp\/v2\/posts"}],"about":[{"href":"https:\/\/www.bbyhaber.com\/bby\/wp-json\/wp\/v2\/types\/post"}],"author":[{"embeddable":true,"href":"https:\/\/www.bbyhaber.com\/bby\/wp-json\/wp\/v2\/users\/129"}],"replies":[{"embeddable":true,"href":"https:\/\/www.bbyhaber.com\/bby\/wp-json\/wp\/v2\/comments?post=17607"}],"version-history":[{"count":0,"href":"https:\/\/www.bbyhaber.com\/bby\/wp-json\/wp\/v2\/posts\/17607\/revisions"}],"wp:attachment":[{"href":"https:\/\/www.bbyhaber.com\/bby\/wp-json\/wp\/v2\/media?parent=17607"}],"wp:term":[{"taxonomy":"category","embeddable":true,"href":"https:\/\/www.bbyhaber.com\/bby\/wp-json\/wp\/v2\/categories?post=17607"},{"taxonomy":"post_tag","embeddable":true,"href":"https:\/\/www.bbyhaber.com\/bby\/wp-json\/wp\/v2\/tags?post=17607"}],"curies":[{"name":"wp","href":"https:\/\/api.w.org\/{rel}","templated":true}]}}