{"id":17605,"date":"2015-09-09T00:23:09","date_gmt":"2015-09-08T21:23:09","guid":{"rendered":"http:\/\/www.bbyhaber.com\/bby\/?p=17605"},"modified":"2015-09-10T09:54:16","modified_gmt":"2015-09-10T06:54:16","slug":"osmaniye%e2%80%99ye-%e2%80%98z-kutuphane%e2%80%99","status":"publish","type":"post","link":"https:\/\/www.bbyhaber.com\/bby\/2015\/09\/09\/osmaniye%e2%80%99ye-%e2%80%98z-kutuphane%e2%80%99","title":{"rendered":"Osmaniye\u2019ye \u2018Z K\u00fct\u00fcphane\u2019"},"content":{"rendered":"<p style=\"text-align: justify;\"><img loading=\"lazy\" decoding=\"async\" class=\"alignleft\" src=\"http:\/\/www.bbyhaber.com\/bby\/wp-content\/uploads\/2015\/02\/z-kutuphane.jpg\" alt=\"\" width=\"223\" height=\"126\" \/>Osmaniye\u2019deki ilk\u00f6\u011fretim okullar\u0131na, k\u0131saca \u2018Z K\u00fct\u00fcphane\u2019 olarak adland\u0131r\u0131lan \u2018Zenginle\u015ftirilmi\u015f K\u00fct\u00fcphane\u2019 kurulmaya ba\u015fland\u0131. MEB\u2019in FAT\u0130H Projesi kapsam\u0131nda Cebelibereket \u0130lkokulu\u2019nda etkile\u015fimli tahta ve internet teknolojileriyle donat\u0131l\u0131p \u00f6\u011frencileri dijital d\u00fcnyayla bulu\u015fturacak Z K\u00fct\u00fcphane\u2019nin kurulumu tamamland\u0131.<!--more--><\/p>\n<p style=\"text-align: justify;\">\u0130l Milli E\u011fitim M\u00fcd\u00fcr\u00fc Ramazan \u00c7elik, Cebelibereket \u0130lkokulu\u2019nu ziyaret ederek \u00e7al\u0131\u015fmalar hakk\u0131nda bilgi ald\u0131. Okul M\u00fcd\u00fcr\u00fc Hatice G\u00fcnt\u00fcrk\u00fcn taraf\u0131ndan kar\u015f\u0131lanan Ramazan \u00c7elik, Z K\u00fct\u00fcphane\u2019de inceleme yapt\u0131. M\u00fcd\u00fcr \u00c7elik, \u00f6\u011fretmenlerle de g\u00f6r\u00fc\u015ferek yeni e\u011fitim \u00f6\u011fretim y\u0131l\u0131 hakk\u0131nda g\u00f6r\u00fc\u015f al\u0131\u015fveri\u015finde bulundu. M\u00fcd\u00fcr \u00c7elik, istenilen ba\u015far\u0131y\u0131 yakalamak ve hedeflere ula\u015fmak i\u00e7in daha gayretli \u00e7al\u0131\u015f\u0131lmas\u0131 gerekti\u011fini s\u00f6yledi. Ramazan \u00c7elik\u2019in okul ziyaretine Maarif M\u00fcfetti\u015fleri Ba\u015fkan\u0131 Ramazan Ayano\u011flu ve Milli E\u011fitim M\u00fcd\u00fcr Yard\u0131mc\u0131s\u0131 Hasan \u00c7ift\u00e7i de kat\u0131ld\u0131.<\/p>\n<p>Kaynak:\u00a0http:\/\/www.hurriyet.com.tr\/egitim\/30017418.asp<\/p>\n","protected":false},"excerpt":{"rendered":"<p>Osmaniye\u2019deki ilk\u00f6\u011fretim okullar\u0131na, k\u0131saca \u2018Z K\u00fct\u00fcphane\u2019 olarak adland\u0131r\u0131lan \u2018Zenginle\u015ftirilmi\u015f K\u00fct\u00fcphane\u2019 kurulmaya ba\u015fland\u0131. MEB\u2019in FAT\u0130H Projesi kapsam\u0131nda Cebelibereket \u0130lkokulu\u2019nda etkile\u015fimli tahta ve internet teknolojileriyle donat\u0131l\u0131p \u00f6\u011frencileri dijital d\u00fcnyayla bulu\u015fturacak Z K\u00fct\u00fcphane\u2019nin kurulumu tamamland\u0131.<\/p>\n","protected":false},"author":129,"featured_media":0,"comment_status":"open","ping_status":"open","sticky":false,"template":"","format":"standard","meta":{"footnotes":""},"categories":[1,1510],"tags":[1436,1447],"class_list":["post-17605","post","type-post","status-publish","format-standard","hentry","category-genel","category-z-kutuphane","tag-kutuphaneler","tag-z-zenginlestirilmis-kutuphaneler"],"_links":{"self":[{"href":"https:\/\/www.bbyhaber.com\/bby\/wp-json\/wp\/v2\/posts\/17605"}],"collection":[{"href":"https:\/\/www.bbyhaber.com\/bby\/wp-json\/wp\/v2\/posts"}],"about":[{"href":"https:\/\/www.bbyhaber.com\/bby\/wp-json\/wp\/v2\/types\/post"}],"author":[{"embeddable":true,"href":"https:\/\/www.bbyhaber.com\/bby\/wp-json\/wp\/v2\/users\/129"}],"replies":[{"embeddable":true,"href":"https:\/\/www.bbyhaber.com\/bby\/wp-json\/wp\/v2\/comments?post=17605"}],"version-history":[{"count":0,"href":"https:\/\/www.bbyhaber.com\/bby\/wp-json\/wp\/v2\/posts\/17605\/revisions"}],"wp:attachment":[{"href":"https:\/\/www.bbyhaber.com\/bby\/wp-json\/wp\/v2\/media?parent=17605"}],"wp:term":[{"taxonomy":"category","embeddable":true,"href":"https:\/\/www.bbyhaber.com\/bby\/wp-json\/wp\/v2\/categories?post=17605"},{"taxonomy":"post_tag","embeddable":true,"href":"https:\/\/www.bbyhaber.com\/bby\/wp-json\/wp\/v2\/tags?post=17605"}],"curies":[{"name":"wp","href":"https:\/\/api.w.org\/{rel}","templated":true}]}}