{"id":17582,"date":"2015-09-07T19:02:55","date_gmt":"2015-09-07T16:02:55","guid":{"rendered":"http:\/\/www.bbyhaber.com\/bby\/?p=17582"},"modified":"2015-09-08T13:18:57","modified_gmt":"2015-09-08T10:18:57","slug":"arsiv-memurlarinin-ozluk-haklarina-dair-aciklama-yapildi-ali-fuat-kartal","status":"publish","type":"post","link":"https:\/\/www.bbyhaber.com\/bby\/2015\/09\/07\/arsiv-memurlarinin-ozluk-haklarina-dair-aciklama-yapildi-ali-fuat-kartal","title":{"rendered":"Ar\u015fiv memurlar\u0131n\u0131n \u00f6zl\u00fck haklar\u0131na dair a\u00e7\u0131klama yap\u0131ld\u0131-Ali Fuat Kartal"},"content":{"rendered":"<p style=\"text-align: justify;\"><img loading=\"lazy\" decoding=\"async\" class=\"alignleft\" src=\"http:\/\/www.bbyhaber.com\/bby\/wp-content\/uploads\/2015\/02\/tapu-bby.jpg\" alt=\"\" width=\"218\" height=\"121\" \/>TKD Genel Ba\u015fkan\u0131 Ali Fuat Kartal ar\u015fiv memurlar\u0131n\u0131n \u00f6zl\u00fck haklar\u0131na dair bir a\u00e7\u0131klama yapt\u0131. A\u00e7\u0131klamaya g\u00f6re, Tapu ve Kadastro Genel M\u00fcd\u00fcrl\u00fc\u011f\u00fc&#8217;nde \u00e7al\u0131\u015fan meslekta\u015flar\u0131m\u0131z\u0131n yap\u0131lacak olan ilgili kanun tasar\u0131s\u0131 ile ar\u015fiv memuru kadrosundan ar\u015fivci kadrosuna ge\u00e7irilmesi d\u00fc\u015f\u00fcn\u00fclmektedir. A\u00e7\u0131klaman\u0131n tam metni \u015f\u00f6yledir:<\/p>\n<p style=\"text-align: justify;\">&#8220;Bilgi ve Belge Y\u00f6netimi B\u00f6l\u00fcm\u00fc mezunu bir k\u0131s\u0131m meslekta\u015f\u0131m\u0131z Tapu ve Kadastro Genel M\u00fcd\u00fcrl\u00fc\u011f\u00fc\u2019nde \u201cAr\u015fiv Memuru\u201d kadrosunda \u00e7al\u0131\u015fmaktad\u0131r. Meslekta\u015flar\u0131m\u0131z\u0131n Teknik Hizmetler s\u0131n\u0131f\u0131na al\u0131n\u0131p \u201cAr\u015fivci\u201d kadrosu verilmesi i\u00e7in ge\u00e7mi\u015fte <span style=\"color: #0000ff;\"><a href=\"http:\/\/www.bbyhaber.com\/bby\/2014\/02\/20\/arsiv-memurlari-icin-yeni-bir-kadro-ihdas-edilmesi-teklif-edildi\/\" target=\"_blank\"><span style=\"color: #0000ff;\">birtak\u0131m giri\u015fimlerimiz<\/span><\/a><\/span> oldu; fakat maalesef Tapu ve Kadastro Genel M\u00fcd\u00fcrl\u00fc\u011f\u00fcn\u00fcn ve Yetkili Sendikan\u0131n gerekli \u00f6zeni g\u00f6stermemeleri sonucu hen\u00fcz olumlu bir ilerleme kaydedilemedi.<!--more--><\/p>\n<p style=\"text-align: justify;\"><strong>Bug\u00fcn (07.09.2015)<\/strong>, Tapu ve Kadastro Genel M\u00fcd\u00fcrl\u00fc\u011f\u00fc\u2019ne yeni atanan G\u00f6khan Kanal ile g\u00f6r\u00fc\u015fmelerimiz oldu ve meslekta\u015flar\u0131m\u0131z\u0131n ma\u011fduriyeti, yap\u0131lmas\u0131 gerekenler gibi konular Say\u0131n Genel M\u00fcd\u00fcre iletildi. Say\u0131n Genel M\u00fcd\u00fcr konuya olumlu yakla\u015ft\u0131 ve TKD ile birlikte \u00e7al\u0131\u015fma konusunda g\u00f6r\u00fc\u015f birli\u011fine var\u0131ld\u0131.<\/p>\n<p style=\"text-align: justify;\">Tapu ve Kadastro Genel M\u00fcd\u00fcrl\u00fc\u011f\u00fc i\u00e7in haz\u0131rlanacak yeni bir kanun tasar\u0131s\u0131 i\u00e7in \u00e7al\u0131\u015fmalara ba\u015flanaca\u011f\u0131 ve bu tasar\u0131da Ar\u015fivci unvan\u0131n yer alacak \u015fekilde d\u00fczenlenece\u011fi.&#8221; bildirildi.<\/p>\n<p style=\"text-align: justify;\">Umar\u0131z bundan sonraki s\u00fcre\u00e7lerde de ayn\u0131 kuruma yine yeniden eski al\u0131mlarda oldu\u011fu gibi kadro a\u00e7\u0131l\u0131r ve atama bekleyen meslekta\u015flar\u0131m\u0131z atanarak ma\u011fduriyetleri giderilmi\u015f olur.<\/p>\n","protected":false},"excerpt":{"rendered":"<p>TKD Genel Ba\u015fkan\u0131 Ali Fuat Kartal ar\u015fiv memurlar\u0131n\u0131n \u00f6zl\u00fck haklar\u0131na dair bir a\u00e7\u0131klama yapt\u0131. A\u00e7\u0131klamaya g\u00f6re, Tapu ve Kadastro Genel M\u00fcd\u00fcrl\u00fc\u011f\u00fc&#8217;nde \u00e7al\u0131\u015fan meslekta\u015flar\u0131m\u0131z\u0131n yap\u0131lacak olan ilgili kanun tasar\u0131s\u0131 ile ar\u015fiv memuru kadrosundan ar\u015fivci kadrosuna ge\u00e7irilmesi d\u00fc\u015f\u00fcn\u00fclmektedir. A\u00e7\u0131klaman\u0131n tam metni \u015f\u00f6yledir: &#8220;Bilgi ve Belge Y\u00f6netimi B\u00f6l\u00fcm\u00fc mezunu bir k\u0131s\u0131m meslekta\u015f\u0131m\u0131z Tapu ve Kadastro Genel M\u00fcd\u00fcrl\u00fc\u011f\u00fc\u2019nde \u201cAr\u015fiv [&hellip;]<\/p>\n","protected":false},"author":1,"featured_media":0,"comment_status":"open","ping_status":"open","sticky":false,"template":"","format":"standard","meta":{"footnotes":""},"categories":[1,1605],"tags":[1096,1398,50],"class_list":["post-17582","post","type-post","status-publish","format-standard","hentry","category-genel","category-teknik-kadro-arsivciler","tag-arsivcilik","tag-bby-ozluk-haklari","tag-ths-kutuphaneci"],"_links":{"self":[{"href":"https:\/\/www.bbyhaber.com\/bby\/wp-json\/wp\/v2\/posts\/17582"}],"collection":[{"href":"https:\/\/www.bbyhaber.com\/bby\/wp-json\/wp\/v2\/posts"}],"about":[{"href":"https:\/\/www.bbyhaber.com\/bby\/wp-json\/wp\/v2\/types\/post"}],"author":[{"embeddable":true,"href":"https:\/\/www.bbyhaber.com\/bby\/wp-json\/wp\/v2\/users\/1"}],"replies":[{"embeddable":true,"href":"https:\/\/www.bbyhaber.com\/bby\/wp-json\/wp\/v2\/comments?post=17582"}],"version-history":[{"count":0,"href":"https:\/\/www.bbyhaber.com\/bby\/wp-json\/wp\/v2\/posts\/17582\/revisions"}],"wp:attachment":[{"href":"https:\/\/www.bbyhaber.com\/bby\/wp-json\/wp\/v2\/media?parent=17582"}],"wp:term":[{"taxonomy":"category","embeddable":true,"href":"https:\/\/www.bbyhaber.com\/bby\/wp-json\/wp\/v2\/categories?post=17582"},{"taxonomy":"post_tag","embeddable":true,"href":"https:\/\/www.bbyhaber.com\/bby\/wp-json\/wp\/v2\/tags?post=17582"}],"curies":[{"name":"wp","href":"https:\/\/api.w.org\/{rel}","templated":true}]}}