{"id":1757,"date":"2011-12-15T06:47:22","date_gmt":"2011-12-15T06:47:22","guid":{"rendered":"http:\/\/www.bbyhaber.com\/bby\/?p=1757"},"modified":"2013-03-06T12:02:18","modified_gmt":"2013-03-06T10:02:18","slug":"devlet-personel-baskanliginin-giresun-universitesine-gonderdigi-teknik-kadro-ile-ilgili-gorus-yazisi","status":"publish","type":"post","link":"https:\/\/www.bbyhaber.com\/bby\/2011\/12\/15\/devlet-personel-baskanliginin-giresun-universitesine-gonderdigi-teknik-kadro-ile-ilgili-gorus-yazisi","title":{"rendered":"Devlet Personel Ba\u015fkanl\u0131\u011f\u0131&#8217;n\u0131n Giresun \u00dcniversitesi&#8217;ne g\u00f6nderdi\u011fi teknik kadro ile ilgili g\u00f6r\u00fc\u015f yaz\u0131s\u0131"},"content":{"rendered":"<p style=\"text-align: justify;\">Giresun \u00dcniversitesi&#8217;nde \u00e7al\u0131\u015fan k\u00fct\u00fcphaneci meslekta\u015flar\u0131m\u0131z teknik kadroya ge\u00e7mi\u015flerdir ve konuya dair Devlet Personel Ba\u015fkanl\u0131\u011f\u0131&#8217;n\u0131n Giresun \u00dcniversitesi&#8217;ne 01\/12\/2011 tarihli\u00a0 teknik kadro ile ilgili g\u00f6nderdi\u011fi g\u00f6r\u00fc\u015f yaz\u0131s\u0131 ektedir.<\/p>\n<p><a href=\"http:\/\/www.bbyhaber.com\/bby\/wp-content\/uploads\/dosyalar\/ths\/GiresunUniv-DevletPersonel-yazisi1.jpg\"><img loading=\"lazy\" decoding=\"async\" class=\"alignnone\" title=\"DPB'nin Giresun \u00dcniversitesi'ne G\u00f6nderdi\u011fi THS ile ilgili yaz\u0131s\u0131-Sayfa 1\" src=\"http:\/\/www.bbyhaber.com\/bby\/wp-content\/uploads\/dosyalar\/ths\/GiresunUniv-DevletPersonel-yazisi1.jpg\" alt=\"\" width=\"267\" height=\"314\" \/><\/a><a href=\"http:\/\/www.bbyhaber.com\/bby\/wp-content\/uploads\/dosyalar\/ths\/GiresunUniv-DevletPersonel-yazisi2.jpg\"><img loading=\"lazy\" decoding=\"async\" class=\"alignnone\" title=\"DPB'nin Giresun \u00dcniversitesi'ne G\u00f6nderdi\u011fi THS ile ilgili yaz\u0131s\u0131-Sayfa 2\" src=\"http:\/\/www.bbyhaber.com\/bby\/wp-content\/uploads\/dosyalar\/ths\/GiresunUniv-DevletPersonel-yazisi2.jpg\" alt=\"\" width=\"294\" height=\"314\" \/><\/a><\/p>\n<p style=\"text-align: justify;\"><span style=\"color: #000080;\"><strong>Kaynak:<\/strong><\/span> TKD Genel Ba\u015fkan\u0131 Ali Fuat KARTAL<\/p>\n","protected":false},"excerpt":{"rendered":"<p>Giresun \u00dcniversitesi&#8217;nde \u00e7al\u0131\u015fan k\u00fct\u00fcphaneci meslekta\u015flar\u0131m\u0131z teknik kadroya ge\u00e7mi\u015flerdir ve konuya dair Devlet Personel Ba\u015fkanl\u0131\u011f\u0131&#8217;n\u0131n Giresun \u00dcniversitesi&#8217;ne 01\/12\/2011 tarihli\u00a0 teknik kadro ile ilgili g\u00f6nderdi\u011fi g\u00f6r\u00fc\u015f yaz\u0131s\u0131 ektedir. Kaynak: TKD Genel Ba\u015fkan\u0131 Ali Fuat KARTAL<\/p>\n","protected":false},"author":1,"featured_media":0,"comment_status":"open","ping_status":"open","sticky":false,"template":"","format":"standard","meta":{"footnotes":""},"categories":[],"tags":[1398,51,50],"class_list":["post-1757","post","type-post","status-publish","format-standard","hentry","tag-bby-ozluk-haklari","tag-teknik-kadro-kutuphaneci","tag-ths-kutuphaneci"],"_links":{"self":[{"href":"https:\/\/www.bbyhaber.com\/bby\/wp-json\/wp\/v2\/posts\/1757"}],"collection":[{"href":"https:\/\/www.bbyhaber.com\/bby\/wp-json\/wp\/v2\/posts"}],"about":[{"href":"https:\/\/www.bbyhaber.com\/bby\/wp-json\/wp\/v2\/types\/post"}],"author":[{"embeddable":true,"href":"https:\/\/www.bbyhaber.com\/bby\/wp-json\/wp\/v2\/users\/1"}],"replies":[{"embeddable":true,"href":"https:\/\/www.bbyhaber.com\/bby\/wp-json\/wp\/v2\/comments?post=1757"}],"version-history":[{"count":0,"href":"https:\/\/www.bbyhaber.com\/bby\/wp-json\/wp\/v2\/posts\/1757\/revisions"}],"wp:attachment":[{"href":"https:\/\/www.bbyhaber.com\/bby\/wp-json\/wp\/v2\/media?parent=1757"}],"wp:term":[{"taxonomy":"category","embeddable":true,"href":"https:\/\/www.bbyhaber.com\/bby\/wp-json\/wp\/v2\/categories?post=1757"},{"taxonomy":"post_tag","embeddable":true,"href":"https:\/\/www.bbyhaber.com\/bby\/wp-json\/wp\/v2\/tags?post=1757"}],"curies":[{"name":"wp","href":"https:\/\/api.w.org\/{rel}","templated":true}]}}