{"id":17529,"date":"2015-08-28T16:54:10","date_gmt":"2015-08-28T13:54:10","guid":{"rendered":"http:\/\/www.bbyhaber.com\/bby\/?p=17529"},"modified":"2015-09-15T13:11:18","modified_gmt":"2015-09-15T10:11:18","slug":"bitlis-il-halk-kutuphanesi-35-yil-onceki-uyelerini-ariyor","status":"publish","type":"post","link":"https:\/\/www.bbyhaber.com\/bby\/2015\/08\/28\/bitlis-il-halk-kutuphanesi-35-yil-onceki-uyelerini-ariyor","title":{"rendered":"Bitlis \u0130l Halk K\u00fct\u00fcphanesi 35 y\u0131l \u00f6nceki \u00fcyelerini ar\u0131yor"},"content":{"rendered":"<p style=\"text-align: justify;\"><img loading=\"lazy\" decoding=\"async\" class=\"alignleft\" src=\"http:\/\/i.milliyet.com.tr\/LocalArticle606x304\/2015\/08\/28\/fft261_mf10879426.Jpeg\" alt=\"\" width=\"282\" height=\"141\" \/>Bitlis \u0130l Halk K\u00fct\u00fcphanesi M\u00fcd\u00fcr Vekili Hakan Y\u00fccel, 35 y\u0131l \u00f6nceki \u00fcyeleri bulup onlar\u0131 yeniden k\u00fct\u00fcphaneye \u00fcye yapmak istedi\u011fini s\u00f6yledi. Y\u00fccel, eski ar\u015fivden 1981 y\u0131l\u0131nda \u00fcye olmu\u015f yakla\u015f\u0131k bin 100 ki\u015fiye ait \u00fcye kart\u0131 bulduklar\u0131n\u0131 ifade ederek, bu \u00fcyelerden bulabildi\u011fini yeniden \u00fcye yapmak istedi\u011fini belirtti. Bitlis \u0130l Halk K\u00fct\u00fcphanesi\u2019nin \u015fu anki yerinin 1981 y\u0131l\u0131nda faaliyete ge\u00e7ti\u011fini hat\u0131rlatan Y\u00fccel, \u201cO y\u0131llarda k\u00fct\u00fcphaneye olduk\u00e7a yo\u011fun bir talep olmu\u015ftur\u201d dedi.<!--more--><\/p>\n<p style=\"text-align: justify;\">Bitlis\u2019te k\u00fct\u00fcphanenin 1953 y\u0131l\u0131ndan bu yana hizmet verdi\u011fini ifade eden Hakan Y\u00fccel, \u201c\u00d6nceden Atat\u00fcrk Camisi\u2019nin civar\u0131nda hizmet veriliyormu\u015f. D\u00f6nemin Valisi Y\u0131lmaz Ergun taraf\u0131ndan \u015fu anki hizmet binam\u0131z 1981 y\u0131l\u0131nda yapt\u0131r\u0131l\u0131p hizmete a\u00e7\u0131lm\u0131\u015f ve o y\u0131ldan beri burada hizmet vermekteyiz\u201d diye konu\u015ftu. 35 y\u0131l \u00f6ncesine ait \u00fcye kartlar\u0131n\u0131 bulduklar\u0131n\u0131 s\u00f6yleyen Y\u00fccel, \u201cBuldu\u011fumuz \u00fcye kartlar\u0131 bilgileri ile \u015fu anda k\u00fct\u00fcphanemizden faydalanan \u00f6\u011frencilerin bilgileri ile kar\u015f\u0131la\u015ft\u0131rd\u0131k. G\u00f6rd\u00fck ki 35 y\u0131l \u00f6nceki \u00fcyelerin \u00e7ocuklar\u0131n\u0131n \u00e7o\u011fu k\u00fct\u00fcphanemizden faydalan\u0131yor. Bu da Bitlis\u2019teki k\u00fct\u00fcphane al\u0131\u015fkanl\u0131\u011f\u0131n\u0131n ne kadar sa\u011flam oldu\u011funu, babadan \u00e7ocu\u011fa ge\u00e7erek g\u00f6steriyor. Bitlis\u2019teki k\u00fct\u00fcphane anlay\u0131\u015f\u0131 ka\u00e7 y\u0131l ge\u00e7erse ge\u00e7sin, teknoloji ne kadar ilerlerse ilerlesin hi\u00e7bir \u015fekilde de\u011fi\u015fmiyor. Bu da bizleri olduk\u00e7a sevindiriyor. K\u00fct\u00fcphanemiz \u00fcye ve Kitap say\u0131s\u0131 bak\u0131m\u0131ndan T\u00fcrkiye\u2019de hat\u0131r\u0131 say\u0131l\u0131r bir konumdad\u0131r\u201d ifadelerini kulland\u0131.<\/p>\n<p style=\"text-align: justify;\"><a href=\"http:\/\/i.milliyet.com.tr\/LocalArticle572x336\/2015\/08\/28\/fft256_mf10879433.Jpeg\"><img loading=\"lazy\" decoding=\"async\" class=\"alignnone\" src=\"http:\/\/i.milliyet.com.tr\/LocalArticle572x336\/2015\/08\/28\/fft256_mf10879433.Jpeg\" alt=\"\" width=\"207\" height=\"166\" \/> <\/a><a href=\"http:\/\/i.milliyet.com.tr\/LocalArticle572x336\/2015\/08\/28\/fft256_mf10879439.Jpeg\"><img loading=\"lazy\" decoding=\"async\" class=\"alignnone\" src=\"http:\/\/i.milliyet.com.tr\/LocalArticle572x336\/2015\/08\/28\/fft256_mf10879439.Jpeg\" alt=\"\" width=\"173\" height=\"167\" \/><\/a><\/p>\n<p style=\"text-align: justify;\">Kaynak: http:\/\/www.milliyet.com.tr\/<\/p>\n","protected":false},"excerpt":{"rendered":"<p>Bitlis \u0130l Halk K\u00fct\u00fcphanesi M\u00fcd\u00fcr Vekili Hakan Y\u00fccel, 35 y\u0131l \u00f6nceki \u00fcyeleri bulup onlar\u0131 yeniden k\u00fct\u00fcphaneye \u00fcye yapmak istedi\u011fini s\u00f6yledi. Y\u00fccel, eski ar\u015fivden 1981 y\u0131l\u0131nda \u00fcye olmu\u015f yakla\u015f\u0131k bin 100 ki\u015fiye ait \u00fcye kart\u0131 bulduklar\u0131n\u0131 ifade ederek, bu \u00fcyelerden bulabildi\u011fini yeniden \u00fcye yapmak istedi\u011fini belirtti. Bitlis \u0130l Halk K\u00fct\u00fcphanesi\u2019nin \u015fu anki yerinin 1981 y\u0131l\u0131nda faaliyete [&hellip;]<\/p>\n","protected":false},"author":1,"featured_media":0,"comment_status":"open","ping_status":"open","sticky":false,"template":"","format":"standard","meta":{"footnotes":""},"categories":[1],"tags":[796,1436],"class_list":["post-17529","post","type-post","status-publish","format-standard","hentry","category-genel","tag-35-yil-onceki-kutuphane-uyeleri","tag-kutuphaneler"],"_links":{"self":[{"href":"https:\/\/www.bbyhaber.com\/bby\/wp-json\/wp\/v2\/posts\/17529"}],"collection":[{"href":"https:\/\/www.bbyhaber.com\/bby\/wp-json\/wp\/v2\/posts"}],"about":[{"href":"https:\/\/www.bbyhaber.com\/bby\/wp-json\/wp\/v2\/types\/post"}],"author":[{"embeddable":true,"href":"https:\/\/www.bbyhaber.com\/bby\/wp-json\/wp\/v2\/users\/1"}],"replies":[{"embeddable":true,"href":"https:\/\/www.bbyhaber.com\/bby\/wp-json\/wp\/v2\/comments?post=17529"}],"version-history":[{"count":0,"href":"https:\/\/www.bbyhaber.com\/bby\/wp-json\/wp\/v2\/posts\/17529\/revisions"}],"wp:attachment":[{"href":"https:\/\/www.bbyhaber.com\/bby\/wp-json\/wp\/v2\/media?parent=17529"}],"wp:term":[{"taxonomy":"category","embeddable":true,"href":"https:\/\/www.bbyhaber.com\/bby\/wp-json\/wp\/v2\/categories?post=17529"},{"taxonomy":"post_tag","embeddable":true,"href":"https:\/\/www.bbyhaber.com\/bby\/wp-json\/wp\/v2\/tags?post=17529"}],"curies":[{"name":"wp","href":"https:\/\/api.w.org\/{rel}","templated":true}]}}