{"id":17526,"date":"2015-08-28T16:40:32","date_gmt":"2015-08-28T13:40:32","guid":{"rendered":"http:\/\/www.bbyhaber.com\/bby\/?p=17526"},"modified":"2015-09-10T09:44:26","modified_gmt":"2015-09-10T06:44:26","slug":"karadeniz-teknik-universitesi-uzman-ilani-son-basvuru-9-eylul-2015","status":"publish","type":"post","link":"https:\/\/www.bbyhaber.com\/bby\/2015\/08\/28\/karadeniz-teknik-universitesi-uzman-ilani-son-basvuru-9-eylul-2015","title":{"rendered":"Karadeniz Teknik \u00dcniversitesi Uzman \u0130lan\u0131-Son Ba\u015fvuru-9 Eyl\u00fcl 2015"},"content":{"rendered":"<p style=\"text-align: justify;\"><a href=\"http:\/\/www.bbyhaber.com\/bby\/category\/bby-is-ilanlari\/\"><img loading=\"lazy\" decoding=\"async\" class=\"alignleft colorbox-9771\" src=\"http:\/\/www.bbyhaber.com\/bby\/wp-content\/uploads\/is-ilanlari-arsivi.jpg\" alt=\"\" width=\"250\" height=\"150\" \/><\/a><strong><\/strong> <span style=\"color: #ff0000;\"><span style=\"color: #000000;\">Karadeniz Teknik \u00dcniversitesi Rekt\u00f6rl\u00fc\u011f\u00fc, &#8220;Fak\u00fcltelerin K\u00fct\u00fcphanecilik veya Ar\u015fivcilik veya D\u00f6k\u00fcmantasyon veya Enformasyon veya Bilgi ve Belge Y\u00f6netimi b\u00f6l\u00fcm\u00fc lisans mezunu olmak.&#8221; \u00f6zel \u015fart\u0131 ile <span style=\"color: #ff0000;\"><strong>1<\/strong><\/span> <strong>uzman k\u00fct\u00fcphaneci<\/strong> alacakt\u0131r. <\/span><!--more--><\/span><\/p>\n<table style=\"color: #000000; font-family: Arial, Tahoma, Verdana; font-size: 15px; line-height: 18px;\" width=\"344\" border=\"1\" cellspacing=\"0\" cellpadding=\"0\">\n<colgroup>\n<col width=\"233\" \/>\n<col width=\"111\" \/> <\/colgroup>\n<tbody>\n<tr>\n<td width=\"233\" height=\"20\">Kadro Unvan<\/td>\n<td width=\"111\"><strong>UZMAN<br \/>\n<\/strong><\/td>\n<\/tr>\n<tr>\n<td height=\"20\">ALES<\/td>\n<td><strong>70<\/strong><\/td>\n<\/tr>\n<tr>\n<td height=\"20\">\u00dcDS\/Dengi<\/td>\n<td><strong>50<\/strong><\/td>\n<\/tr>\n<tr>\n<td height=\"20\">Kadro Say\u0131s\u0131<\/td>\n<td><span style=\"color: #ff0000;\"><strong>1<\/strong><\/span><\/td>\n<\/tr>\n<tr>\n<td height=\"20\">Kadro Derecesi<\/td>\n<td>5<\/td>\n<\/tr>\n<tr>\n<td height=\"20\">Ba\u015fvuru Tipi<\/td>\n<td><strong>Posta, \u015eahsen<\/strong><\/td>\n<\/tr>\n<tr>\n<td height=\"20\">Ba\u015fvuru Yeri<\/td>\n<td><strong>Karadeniz Teknik \u00dcniversitesi Rekt\u00f6rl\u00fck Ana Bina Yaz\u0131 \u0130\u015fleri B\u00fcrosu Ortahisar\/TRABZON<br \/>\n<\/strong><\/td>\n<\/tr>\n<tr>\n<td height=\"20\"><strong style=\"color: #ff0000; font-family: Arial, Tahoma, Verdana; font-size: 15px; line-height: 18px;\">Son Ba\u015fvuru Tarihi<\/strong><\/td>\n<td><span style=\"font-family: Arial, Tahoma, Verdana;\"><span style=\"font-size: 15px;\"><strong>09.09.2015<\/strong><\/span><\/span><\/td>\n<\/tr>\n<tr>\n<td height=\"20\">\u00d6n De\u011ferlendirme Tarihi<\/td>\n<td>09.10.2015<\/td>\n<\/tr>\n<tr>\n<td height=\"20\">S\u0131nav Giri\u015f Tarihi<\/td>\n<td>19.10.2015<\/td>\n<\/tr>\n<tr>\n<td height=\"20\"><span style=\"color: #0000ff;\"><strong>Sonu\u00e7 A\u00e7\u0131klama Tarihi<\/strong><\/span><\/td>\n<td><strong>30.10.2015<\/strong><\/td>\n<\/tr>\n<\/tbody>\n<\/table>\n<p><a href=\"https:\/\/yoksis.yok.gov.tr\/ilansayfa\/?sessionid=42760\" target=\"_blank\"><span style=\"color: #0000ff;\"><strong><span style=\"color: #0000ff;\">Daha fazla bilgi ve belge i\u00e7in t\u0131klay\u0131n\u0131z<\/span><\/strong><\/span><\/a><\/p>\n","protected":false},"excerpt":{"rendered":"<p>Karadeniz Teknik \u00dcniversitesi Rekt\u00f6rl\u00fc\u011f\u00fc, &#8220;Fak\u00fcltelerin K\u00fct\u00fcphanecilik veya Ar\u015fivcilik veya D\u00f6k\u00fcmantasyon veya Enformasyon veya Bilgi ve Belge Y\u00f6netimi b\u00f6l\u00fcm\u00fc lisans mezunu olmak.&#8221; \u00f6zel \u015fart\u0131 ile 1 uzman k\u00fct\u00fcphaneci alacakt\u0131r.<\/p>\n","protected":false},"author":1,"featured_media":0,"comment_status":"open","ping_status":"open","sticky":false,"template":"","format":"standard","meta":{"footnotes":""},"categories":[],"tags":[1393],"class_list":["post-17526","post","type-post","status-publish","format-standard","hentry","tag-bby-is-ilanlari-arsivi"],"_links":{"self":[{"href":"https:\/\/www.bbyhaber.com\/bby\/wp-json\/wp\/v2\/posts\/17526"}],"collection":[{"href":"https:\/\/www.bbyhaber.com\/bby\/wp-json\/wp\/v2\/posts"}],"about":[{"href":"https:\/\/www.bbyhaber.com\/bby\/wp-json\/wp\/v2\/types\/post"}],"author":[{"embeddable":true,"href":"https:\/\/www.bbyhaber.com\/bby\/wp-json\/wp\/v2\/users\/1"}],"replies":[{"embeddable":true,"href":"https:\/\/www.bbyhaber.com\/bby\/wp-json\/wp\/v2\/comments?post=17526"}],"version-history":[{"count":0,"href":"https:\/\/www.bbyhaber.com\/bby\/wp-json\/wp\/v2\/posts\/17526\/revisions"}],"wp:attachment":[{"href":"https:\/\/www.bbyhaber.com\/bby\/wp-json\/wp\/v2\/media?parent=17526"}],"wp:term":[{"taxonomy":"category","embeddable":true,"href":"https:\/\/www.bbyhaber.com\/bby\/wp-json\/wp\/v2\/categories?post=17526"},{"taxonomy":"post_tag","embeddable":true,"href":"https:\/\/www.bbyhaber.com\/bby\/wp-json\/wp\/v2\/tags?post=17526"}],"curies":[{"name":"wp","href":"https:\/\/api.w.org\/{rel}","templated":true}]}}