{"id":1752,"date":"2011-12-14T21:39:22","date_gmt":"2011-12-14T21:39:22","guid":{"rendered":"http:\/\/www.bbyhaber.com\/bby\/?p=1752"},"modified":"2012-05-30T13:16:00","modified_gmt":"2012-05-30T13:16:00","slug":"darendede-gezici-kutuphane-hizmeti-verilmeye-baslandi-malatya","status":"publish","type":"post","link":"https:\/\/www.bbyhaber.com\/bby\/2011\/12\/14\/darendede-gezici-kutuphane-hizmeti-verilmeye-baslandi-malatya","title":{"rendered":"Darende&#8217;de Gezici K\u00fct\u00fcphane Hizmeti Verilmeye Ba\u015fland\u0131-Malatya"},"content":{"rendered":"<p style=\"text-align: justify;\">Darende Kaymakaml\u0131\u011f\u0131, k\u00f6ylerdeki \u00f6\u011frenci ve vatanda\u015flar\u0131n yararlanmas\u0131 amac\u0131yla &#8220;Gezici K\u00fct\u00fcphane&#8221; uygulamas\u0131 ba\u015flatt\u0131. Darende Kaymakaml\u0131\u011f\u0131 Proje Ofisi&#8217;nin katk\u0131lar\u0131 ile Sadrazam Mehmet Pa\u015fa Halk K\u00fct\u00fcphanesi M\u00fcd\u00fcrl\u00fc\u011f\u00fcnce se\u00e7ilen kitaplar kategorilere ayr\u0131larak kolilerle k\u00f6ylere g\u00f6t\u00fcr\u00fcld\u00fc. \u0130lk etapta, Darende civar\u0131ndaki 4 pilot b\u00f6lgede verilecek hizmetin, ilerleyen zamanlarda talebe g\u00f6re geni\u015fletilece\u011fi bildirildi.<!--more--><\/p>\n<p style=\"text-align: justify;\">Gezici K\u00fct\u00fcphane uygulamas\u0131na kat\u0131lan Sadrazam Mehmet Pa\u015fa Halk K\u00fct\u00fcphanesi M\u00fcd\u00fcr\u00fc Nevim Ery\u0131lmaz Do\u011fan, A\u015fa\u011f\u0131ulup\u0131nar 75. Y\u0131l Cumhuriyet \u0130lk\u00f6\u011fretim Okuluna g\u00f6t\u00fcrd\u00fckleri kitaplar\u0131 teslim ederek, okunmayan kitab\u0131n hi\u00e7bir \u015feye fayda sa\u011flamayaca\u011f\u0131n\u0131 belirtti.<\/p>\n<p style=\"text-align: justify;\">Do\u011fan, \u015f\u00f6yle dedi:<\/p>\n<p style=\"text-align: justify;\">&#8220;\u00d6zellikle baz\u0131 k\u00f6ylerimiz ve uzaktaki yerle\u015fim birimlerinde e\u011fitim g\u00f6ren \u00f6\u011frencilerle vatanda\u015flar\u0131m\u0131za kitap okuma al\u0131\u015fkanl\u0131\u011f\u0131n\u0131 kazand\u0131rmak i\u00e7in yeni bir uygulama ba\u015flatt\u0131k. Say\u0131n Kaymakam\u0131m\u0131z Mehmet Akta\u015f&#8217;\u0131n \u00f6nc\u00fcl\u00fc\u011f\u00fcnde gezici k\u00fct\u00fcphane uygulamas\u0131 ile daha \u00e7ok okuyan ve ba\u015far\u0131l\u0131 bir toplum yeti\u015ftirmeyi hedefliyoruz. K\u00fct\u00fcphanemizdeki kitaplar\u0131n i\u00e7inden gruplar\u0131na g\u00f6re belirledi\u011fimiz eserleri kolilere koyarak arac\u0131m\u0131zla k\u00f6ylere g\u00f6t\u00fcrmekteyiz. \u015eimdilik sadece okullar\u0131m\u0131za emaneten veriyoruz. \u0130leride talep olursa k\u00f6y kona\u011f\u0131, kahvehane gibi yerlere de verebiliriz. Hatta talep eden yerlere kitap katk\u0131s\u0131nda bulunabiliriz.&#8221;<\/p>\n<p style=\"text-align: justify;\">Yeni uygulama ile \u00f6\u011frencilerin yan\u0131 s\u0131ra k\u00f6ylerdeki vatanda\u015flar ve \u00f6zellikle kad\u0131nlar\u0131n gezici k\u00fct\u00fcphane f\u0131rsat\u0131n\u0131 de\u011ferlendirmesi gerekti\u011fini vurgulayan Do\u011fan, uygulamay\u0131 uzun s\u00fcre devam ettirmeyi planlad\u0131klar\u0131n kaydetti.<\/p>\n<p style=\"text-align: justify;\">Uygulaman\u0131n, Malatya Valilili\u011fince ba\u015flat\u0131lan &#8220;Malatya Okuyor&#8221; projesinin de y\u00fcr\u00fct\u00fcld\u00fc\u011f\u00fc d\u00f6neme denk gelmesi vatanda\u015flar, okul m\u00fcd\u00fcrleri ve \u00f6\u011frenciler taraf\u0131ndan sevin\u00e7le kar\u015f\u0131land\u0131.<\/p>\n<p style=\"text-align: justify;\">Kaynak: http:\/\/www.haberler.com\/<\/p>\n","protected":false},"excerpt":{"rendered":"<p>Darende Kaymakaml\u0131\u011f\u0131, k\u00f6ylerdeki \u00f6\u011frenci ve vatanda\u015flar\u0131n yararlanmas\u0131 amac\u0131yla &#8220;Gezici K\u00fct\u00fcphane&#8221; uygulamas\u0131 ba\u015flatt\u0131. Darende Kaymakaml\u0131\u011f\u0131 Proje Ofisi&#8217;nin katk\u0131lar\u0131 ile Sadrazam Mehmet Pa\u015fa Halk K\u00fct\u00fcphanesi M\u00fcd\u00fcrl\u00fc\u011f\u00fcnce se\u00e7ilen kitaplar kategorilere ayr\u0131larak kolilerle k\u00f6ylere g\u00f6t\u00fcr\u00fcld\u00fc. \u0130lk etapta, Darende civar\u0131ndaki 4 pilot b\u00f6lgede verilecek hizmetin, ilerleyen zamanlarda talebe g\u00f6re geni\u015fletilece\u011fi bildirildi.<\/p>\n","protected":false},"author":1,"featured_media":0,"comment_status":"open","ping_status":"open","sticky":false,"template":"","format":"standard","meta":{"footnotes":""},"categories":[1486],"tags":[1440],"class_list":["post-1752","post","type-post","status-publish","format-standard","hentry","category-gezici-kutuphane","tag-gezici-kutuphaneler"],"_links":{"self":[{"href":"https:\/\/www.bbyhaber.com\/bby\/wp-json\/wp\/v2\/posts\/1752"}],"collection":[{"href":"https:\/\/www.bbyhaber.com\/bby\/wp-json\/wp\/v2\/posts"}],"about":[{"href":"https:\/\/www.bbyhaber.com\/bby\/wp-json\/wp\/v2\/types\/post"}],"author":[{"embeddable":true,"href":"https:\/\/www.bbyhaber.com\/bby\/wp-json\/wp\/v2\/users\/1"}],"replies":[{"embeddable":true,"href":"https:\/\/www.bbyhaber.com\/bby\/wp-json\/wp\/v2\/comments?post=1752"}],"version-history":[{"count":0,"href":"https:\/\/www.bbyhaber.com\/bby\/wp-json\/wp\/v2\/posts\/1752\/revisions"}],"wp:attachment":[{"href":"https:\/\/www.bbyhaber.com\/bby\/wp-json\/wp\/v2\/media?parent=1752"}],"wp:term":[{"taxonomy":"category","embeddable":true,"href":"https:\/\/www.bbyhaber.com\/bby\/wp-json\/wp\/v2\/categories?post=1752"},{"taxonomy":"post_tag","embeddable":true,"href":"https:\/\/www.bbyhaber.com\/bby\/wp-json\/wp\/v2\/tags?post=1752"}],"curies":[{"name":"wp","href":"https:\/\/api.w.org\/{rel}","templated":true}]}}