{"id":17512,"date":"2015-08-28T00:18:49","date_gmt":"2015-08-27T21:18:49","guid":{"rendered":"http:\/\/www.bbyhaber.com\/bby\/?p=17512"},"modified":"2015-08-28T09:15:57","modified_gmt":"2015-08-28T06:15:57","slug":"minikler-bu-yaz-kutuphanede-doyasiya-eglendi","status":"publish","type":"post","link":"https:\/\/www.bbyhaber.com\/bby\/2015\/08\/28\/minikler-bu-yaz-kutuphanede-doyasiya-eglendi","title":{"rendered":"Minikler Bu Yaz K\u00fct\u00fcphanede Doyas\u0131ya E\u011flendi"},"content":{"rendered":"<p style=\"text-align: justify;\"><img loading=\"lazy\" decoding=\"async\" class=\"alignleft\" src=\"http:\/\/i.milliyet.com.tr\/LocalArticle572x336\/2015\/08\/27\/fft256_mf10867841.Jpeg\" alt=\"\" width=\"247\" height=\"145\" \/>Nil\u00fcfer Belediyesi K\u00fct\u00fcphane M\u00fcd\u00fcrl\u00fc\u011f\u00fc taraf\u0131ndan d\u00fczenlenen \u201cBiz Bu yaz K\u00fct\u00fcphanedeyiz\u201d projesinin 2015 y\u0131l\u0131 bulu\u015fmalar\u0131, \u00dc\u00e7evler K\u00fct\u00fcphanesi\u2019nde yap\u0131lan \u015fenlikle sona erdi. Nil\u00fcfer Belediyesi k\u00fct\u00fcphanelerinde be\u015f y\u0131ld\u0131r d\u00fczenlenen \u201cBiz Bu yaz K\u00fct\u00fcphanedeyiz\u201d projesinin bu y\u0131lki etab\u0131 tamamland\u0131. Yaz boyunca k\u00fct\u00fcphanelerde d\u00fczenlenen faaliyetlere \u00e7ocuklar ebeveynleriyle birlikte kat\u0131ld\u0131. Bilmeceler, boyamalar, masallar ve dev Kitaplardan hik\u00e2yelerle serinleyen minikler, bir yandan k\u00fct\u00fcphane \u00fcyesi olurken di\u011fer yandan arma\u011fan kitaplar ve yeni k\u00fct\u00fcphane arkada\u015flar\u0131 edindi. <!--more--><\/p>\n<p style=\"text-align: justify;\">Psikolog \u00d6zden Karan bulu\u015fmalara konuk olurken, ebeveynlerin \u00e7ocuklar\u0131 ve kendileriyle ilgili merak ettikleri sorular\u0131 yan\u0131tland\u0131. 6 oturumda ger\u00e7ekle\u015ftirilen bulu\u015fmalar\u0131n ard\u0131ndan ebeveynlere \u00d6zden Karan\u2019\u0131n kitab\u0131 arma\u011fan edildi. \u201cBiz Bu Yaz K\u00fct\u00fcphanedeyiz\u201d projesinin 2015 y\u0131l\u0131 bulu\u015fmalar\u0131na 121 ebeveyn ve 156 \u00e7ocuk kat\u0131ld\u0131. Daha \u00f6nce k\u00fct\u00fcphaneye hi\u00e7 gitmemi\u015f 56 \u00e7ocuk, proje sonunda k\u00fct\u00fcphane \u00fcyesi oldu.<\/p>\n<p style=\"text-align: justify;\">Biz Bu Yaz K\u00fct\u00fcphanedeyiz 2015 \u015eenli\u011fi\u2019nde \u00e7ocuklar at\u00f6lyelerde kitap ayrac\u0131 ve kuklalar yaparken m\u00fczikli hik\u00e2yelere kat\u0131ld\u0131. \u00d6zel tasarlanm\u0131\u015f masal \u00e7ad\u0131r\u0131nda ebeveynleriyle birlikte masallar ve hik\u00e2yeler dinleyen \u00e7ocuklar, g\u00f6n\u00fcllerince boyamalar yapt\u0131. \u015eenli\u011fe kat\u0131lan Nil\u00fcfer Belediye Ba\u015fkan\u0131 Mustafa Bozbey, kat\u0131lan ebeveyn ve \u00e7ocuklara te\u015fekk\u00fcr etti. 5 y\u0131ld\u0131r d\u00fczenlenen projenin \u00e7ocuk ve ebeveynler \u00fczerinde \u00f6nemli etkiler yapt\u0131\u011f\u0131n\u0131 ifade ederek, \u201cBu projenin hedefi sadece \u00e7ocuklar\u0131n de\u011fil, ebeveynlerinde kitapla i\u00e7 i\u00e7e olmas\u0131d\u0131r. Kurum olarak bu projeyi \u00e7ok \u00f6nemsiyoruz. 156 \u00e7ocu\u011fumuz bu etkinlikten yararland\u0131. 22 \u00e7ocu\u011fumuz hi\u00e7 kitapla bug\u00fcne kadar kar\u015f\u0131la\u015fmam\u0131\u015f. Anaokuluna gitmeyen bir\u00e7ok \u00e7ocu\u011fumuz da buralarda yer ald\u0131. \u00c7ocuklar bizim i\u00e7in \u00e7ok \u00f6nemli. Ailelere \u00e7ocuklar\u0131 i\u00e7in zaman ay\u0131rmalar\u0131 ricas\u0131nda bulunuyorum. Buralardan kitap al\u0131n\u0131z. \u00c7ocuklar\u0131n iyi yeti\u015fmesi ilk \u00f6nce ailelerin sorumlulu\u011fundad\u0131r. K\u00fct\u00fcphanelerimiz her zaman sizin hizmetindedir. \u00c7ocuklar\u0131n iyi bir yurtta\u015f olmas\u0131 i\u00e7in bu alanlar\u0131 s\u0131k\u00e7a kullan\u0131n\u0131z. Biz i\u00e7in \u00e7ocuklar, kad\u0131nlar ve dezavantajl\u0131 gruplar her zaman \u00f6n plandad\u0131r. Bu projeye katk\u0131 sunan herkesi y\u00fcrekten kutluyorum\u201d dedi. \u015eenlikte, projeye kat\u0131lan \u00e7ocuklara, ebeveynlere kat\u0131l\u0131m, katk\u0131 sunan muhtarlara ve okul m\u00fcd\u00fcrlerine ise te\u015fekk\u00fcr belgelerini Ba\u015fkan Mustafa Bozbey verdi.<\/p>\n<p>Kaynak:\u00a0http:\/\/www.milliyet.com.tr\/<\/p>\n","protected":false},"excerpt":{"rendered":"<p>Nil\u00fcfer Belediyesi K\u00fct\u00fcphane M\u00fcd\u00fcrl\u00fc\u011f\u00fc taraf\u0131ndan d\u00fczenlenen \u201cBiz Bu yaz K\u00fct\u00fcphanedeyiz\u201d projesinin 2015 y\u0131l\u0131 bulu\u015fmalar\u0131, \u00dc\u00e7evler K\u00fct\u00fcphanesi\u2019nde yap\u0131lan \u015fenlikle sona erdi. Nil\u00fcfer Belediyesi k\u00fct\u00fcphanelerinde be\u015f y\u0131ld\u0131r d\u00fczenlenen \u201cBiz Bu yaz K\u00fct\u00fcphanedeyiz\u201d projesinin bu y\u0131lki etab\u0131 tamamland\u0131. Yaz boyunca k\u00fct\u00fcphanelerde d\u00fczenlenen faaliyetlere \u00e7ocuklar ebeveynleriyle birlikte kat\u0131ld\u0131. Bilmeceler, boyamalar, masallar ve dev Kitaplardan hik\u00e2yelerle serinleyen minikler, bir yandan [&hellip;]<\/p>\n","protected":false},"author":129,"featured_media":0,"comment_status":"open","ping_status":"open","sticky":false,"template":"","format":"standard","meta":{"footnotes":""},"categories":[1],"tags":[1451,788,787],"class_list":["post-17512","post","type-post","status-publish","format-standard","hentry","category-genel","tag-belediye-kutuphaneleri","tag-biz-bu-yaz-kutuphanedeyiz","tag-nilufer-belediyesi-kutuphane-mudurlugu"],"_links":{"self":[{"href":"https:\/\/www.bbyhaber.com\/bby\/wp-json\/wp\/v2\/posts\/17512"}],"collection":[{"href":"https:\/\/www.bbyhaber.com\/bby\/wp-json\/wp\/v2\/posts"}],"about":[{"href":"https:\/\/www.bbyhaber.com\/bby\/wp-json\/wp\/v2\/types\/post"}],"author":[{"embeddable":true,"href":"https:\/\/www.bbyhaber.com\/bby\/wp-json\/wp\/v2\/users\/129"}],"replies":[{"embeddable":true,"href":"https:\/\/www.bbyhaber.com\/bby\/wp-json\/wp\/v2\/comments?post=17512"}],"version-history":[{"count":0,"href":"https:\/\/www.bbyhaber.com\/bby\/wp-json\/wp\/v2\/posts\/17512\/revisions"}],"wp:attachment":[{"href":"https:\/\/www.bbyhaber.com\/bby\/wp-json\/wp\/v2\/media?parent=17512"}],"wp:term":[{"taxonomy":"category","embeddable":true,"href":"https:\/\/www.bbyhaber.com\/bby\/wp-json\/wp\/v2\/categories?post=17512"},{"taxonomy":"post_tag","embeddable":true,"href":"https:\/\/www.bbyhaber.com\/bby\/wp-json\/wp\/v2\/tags?post=17512"}],"curies":[{"name":"wp","href":"https:\/\/api.w.org\/{rel}","templated":true}]}}