{"id":17479,"date":"2015-08-24T13:06:58","date_gmt":"2015-08-24T10:06:58","guid":{"rendered":"http:\/\/www.bbyhaber.com\/bby\/?p=17479"},"modified":"2015-08-24T13:09:17","modified_gmt":"2015-08-24T10:09:17","slug":"alevi-eserleri-icin-kutuphane-kurulacak","status":"publish","type":"post","link":"https:\/\/www.bbyhaber.com\/bby\/2015\/08\/24\/alevi-eserleri-icin-kutuphane-kurulacak","title":{"rendered":"Alevi eserleri i\u00e7in k\u00fct\u00fcphane kurulacak"},"content":{"rendered":"<p style=\"text-align: justify;\"><img loading=\"lazy\" decoding=\"async\" class=\"alignleft\" src=\"http:\/\/bbyhaber.com\/bby\/wp-content\/uploads\/2015\/08\/alevi-eserleri.jpg\" alt=\"\" width=\"211\" height=\"117\" \/>Tunceli \u00dcniversitesi b\u00fcnyesinde 2009 y\u0131l\u0131nda kurulan Alevilik Ara\u015ft\u0131rma ve Uygulama Merkezince, Alevilikle ilgili t\u00fcm yay\u0131nlar\u0131n bir arada toplanmas\u0131n\u0131 sa\u011flayacak b\u00fcy\u00fck birk\u00fct\u00fcphane kurulmas\u0131 i\u00e7in \u00e7al\u0131\u015fmalara ba\u015fland\u0131. Tunceli \u00dcniversitesi Alevilik Ara\u015ft\u0131rma ve Uygulama Merkezi M\u00fcd\u00fcr\u00fc Kadir Bulut, AA muhabirine yapt\u0131\u011f\u0131 a\u00e7\u0131klamada, merkezin 2009 y\u0131l\u0131nda kuruldu\u011funu ve 2011 y\u0131l\u0131nda da resmi gazetede yay\u0131mlanmas\u0131yla \u00e7al\u0131\u015fmalar\u0131na ba\u015flad\u0131\u011f\u0131n\u0131 an\u0131msatt\u0131.<!--more--><\/p>\n<p style=\"text-align: justify;\">Merkezin T\u00fcrkiye\u2019de Alevilik ismiyle kurulan ilk merkez oldu\u011funu belirten Bulut, T\u00fcrkiye\u2019de ilk defa Kerbela \u00fczerine yaz\u0131lm\u0131\u015f mersiyeleri bir araya getiren merkezin &#8220;Kerbela Mersiyeleri&#8221; adl\u0131 bir kitab\u0131 bilimsel hayata kazand\u0131rd\u0131\u011f\u0131n\u0131 anlatt\u0131. Son d\u00f6nemlerde Anadolu&#8217;da Alevili\u011fin daha \u00e7ok konu\u015fulmas\u0131, merak uyand\u0131rmas\u0131 \u00fczerine merkez olarak tarihten bug\u00fcne kadar Anadolu topraklar\u0131 i\u00e7erisinde Alevili\u011fe ait b\u00fct\u00fcn nesnel, somut eserlerin bir araya topland\u0131\u011f\u0131 bir k\u00fct\u00fcphane eksikli\u011fi g\u00f6rd\u00fcklerini aktaran Bulut, \u015funlar\u0131 kaydetti:<\/p>\n<p style=\"text-align: justify;\">&#8220;Merkez olarak yine bir ilke imza atarak \u00fclkemizdeki Alevi inanc\u0131na ait k\u00fct\u00fcphane eksikli\u011fin giderilmesi, Alevilik hakk\u0131nda bilimsel bir \u00e7al\u0131\u015fma ya da ara\u015ft\u0131rma yapan insanlara derli toplu kaynaklara ula\u015fabilme kolayl\u0131\u011f\u0131 sa\u011flamak i\u00e7in k\u00fct\u00fcphane talebinde bulunduk. Bu talep \u00f6zellikle Say\u0131n Ba\u015fbakan\u0131m\u0131z Ahmet Davuto\u011flu\u2019nun Dersim ziyaretinin hemen arkas\u0131ndan kent merkezindeki askeri k\u0131\u015fla binas\u0131n\u0131n restorasyonu sonras\u0131 Dersim Kent M\u00fczesi olarak a\u00e7\u0131lmas\u0131 noktas\u0131nda yapt\u0131\u011f\u0131 deste\u011fin hemen arkas\u0131ndan oldu. Biz Dersim&#8217;deki k\u0131\u015fla binas\u0131n\u0131n bir b\u00f6l\u00fcm\u00fcn\u00fcn Alevi inanc\u0131na ait devasa bir k\u00fct\u00fcphane \u015fekline d\u00f6n\u00fc\u015ft\u00fcr\u00fclebilmesi ve \u00fclkemizde tarihten g\u00fcn\u00fcm\u00fcze kadar gelen bu eksikli\u011fin giderilmesi noktas\u0131nda talepte bulunduk. Resmi kurumlar\u0131n bu taleple ilgili olumlu anlamda destek vereceklerini umut ediyoruz.&#8221;<\/p>\n<p style=\"text-align: justify;\">&#8220;K\u00fct\u00fcphane Dersim&#8217;de kurulmal\u0131&#8221;<\/p>\n<p style=\"text-align: justify;\">Alevilik inanc\u0131na ait bu zamana kadar ortaya \u00e7\u0131kan eserlerin hi\u00e7 bir araya gelmedi\u011fini ifade eden Bulut, &#8220;Bu k\u00fct\u00fcphane, Alevi inanc\u0131n\u0131n tarihten g\u00fcn\u00fcm\u00fcze kadar d\u00fcnyan\u0131n bir\u00e7ok yerinde yaz\u0131lm\u0131\u015f ne kadar bilimsel, tarihi eseri, ne kadar \u015feceresi, nefesleri varsa bunlar\u0131n\u0131n hepsinin Dersim\u2019de toplanmas\u0131n\u0131 sa\u011flayacak&#8221; diye konu\u015ftu. Bulut, k\u00fct\u00fcphanenin, Alevili\u011fin merkezi olmas\u0131 ve kaynaklara ula\u015fma kolayl\u0131\u011f\u0131 bak\u0131m\u0131ndan Tunceli&#8217;de kurulmas\u0131 gerekti\u011fini s\u00f6yledi.<\/p>\n<p style=\"text-align: justify;\">Kaynak: http:\/\/www.trthaber.com\/<\/p>\n","protected":false},"excerpt":{"rendered":"<p>Tunceli \u00dcniversitesi b\u00fcnyesinde 2009 y\u0131l\u0131nda kurulan Alevilik Ara\u015ft\u0131rma ve Uygulama Merkezince, Alevilikle ilgili t\u00fcm yay\u0131nlar\u0131n bir arada toplanmas\u0131n\u0131 sa\u011flayacak b\u00fcy\u00fck birk\u00fct\u00fcphane kurulmas\u0131 i\u00e7in \u00e7al\u0131\u015fmalara ba\u015fland\u0131. Tunceli \u00dcniversitesi Alevilik Ara\u015ft\u0131rma ve Uygulama Merkezi M\u00fcd\u00fcr\u00fc Kadir Bulut, AA muhabirine yapt\u0131\u011f\u0131 a\u00e7\u0131klamada, merkezin 2009 y\u0131l\u0131nda kuruldu\u011funu ve 2011 y\u0131l\u0131nda da resmi gazetede yay\u0131mlanmas\u0131yla \u00e7al\u0131\u015fmalar\u0131na ba\u015flad\u0131\u011f\u0131n\u0131 an\u0131msatt\u0131.<\/p>\n","protected":false},"author":1,"featured_media":0,"comment_status":"open","ping_status":"open","sticky":false,"template":"","format":"standard","meta":{"footnotes":""},"categories":[1],"tags":[784],"class_list":["post-17479","post","type-post","status-publish","format-standard","hentry","category-genel","tag-alevilik-kutuphane"],"_links":{"self":[{"href":"https:\/\/www.bbyhaber.com\/bby\/wp-json\/wp\/v2\/posts\/17479"}],"collection":[{"href":"https:\/\/www.bbyhaber.com\/bby\/wp-json\/wp\/v2\/posts"}],"about":[{"href":"https:\/\/www.bbyhaber.com\/bby\/wp-json\/wp\/v2\/types\/post"}],"author":[{"embeddable":true,"href":"https:\/\/www.bbyhaber.com\/bby\/wp-json\/wp\/v2\/users\/1"}],"replies":[{"embeddable":true,"href":"https:\/\/www.bbyhaber.com\/bby\/wp-json\/wp\/v2\/comments?post=17479"}],"version-history":[{"count":0,"href":"https:\/\/www.bbyhaber.com\/bby\/wp-json\/wp\/v2\/posts\/17479\/revisions"}],"wp:attachment":[{"href":"https:\/\/www.bbyhaber.com\/bby\/wp-json\/wp\/v2\/media?parent=17479"}],"wp:term":[{"taxonomy":"category","embeddable":true,"href":"https:\/\/www.bbyhaber.com\/bby\/wp-json\/wp\/v2\/categories?post=17479"},{"taxonomy":"post_tag","embeddable":true,"href":"https:\/\/www.bbyhaber.com\/bby\/wp-json\/wp\/v2\/tags?post=17479"}],"curies":[{"name":"wp","href":"https:\/\/api.w.org\/{rel}","templated":true}]}}