{"id":17476,"date":"2015-08-24T13:00:23","date_gmt":"2015-08-24T11:00:23","guid":{"rendered":"http:\/\/www.bbyhaber.com\/bby\/?p=17476"},"modified":"2016-01-25T16:23:49","modified_gmt":"2016-01-25T14:23:49","slug":"kutuphaneciler-imparatoricesi-rasime-seyhoglu-vefat-etti","status":"publish","type":"post","link":"https:\/\/www.bbyhaber.com\/bby\/2015\/08\/24\/kutuphaneciler-imparatoricesi-rasime-seyhoglu-vefat-etti","title":{"rendered":"K\u00fct\u00fcphaneciler \u0130mparatori\u00e7esi Rasime \u015eeyho\u011flu vefat etti"},"content":{"rendered":"<p style=\"text-align: justify;\"><img loading=\"lazy\" decoding=\"async\" class=\"alignleft\" src=\"http:\/\/bbyhaber.com\/bby\/wp-content\/uploads\/2015\/08\/kutuphaneciler-imparatoricesi-rasime-seyhoglu-vefat-etti.jpg\" alt=\"\" width=\"253\" height=\"140\" \/>Muzaffer \u0130zg\u00fc&#8217;n\u00fcn &#8216;K\u00fct\u00fcphaneciler \u0130mparatori\u00e7esi&#8217; ilan etti\u011fi Rasime \u015eeyho\u011flu, 21 A\u011fustos per\u015fembe g\u00fcn\u00fc ak\u015fam saatlerinde Seferihisar Devlet Hastanesi&#8217;nde yap\u0131lan t\u00fcm m\u00fcdahalelere kar\u015f\u0131n kurtar\u0131lamayarak hakka y\u00fcr\u00fcd\u00fc. 1 Eyl\u00fcl 1930&#8217;da G\u00f6rdes&#8217;te do\u011fan Rasime \u015eeyho\u011flu, \u00e7ocukluk y\u0131llar\u0131n\u0131 Eski Borlu&#8217;da ge\u00e7irdi. Annesi G\u00f6rdesli B\u00fcke Ailesi&#8217;nden Hatice Han\u0131m, babas\u0131 Eski Borlu e\u015fraf\u0131ndan \u015eiri Bey&#8217;dir. 1947 y\u0131l\u0131nda amcas\u0131n\u0131n o\u011flu Kaz\u0131m \u015eeyho\u011flu ile evlendi. Bu evlilikten 4 o\u011flu oldu.1959&#8217;da K\u00f6pr\u00fcba\u015f\u0131 il\u00e7esine g\u00f6\u00e7t\u00fcler. Sonra \u00e7ocuklar\u0131n e\u011fitimi i\u00e7in Salihli&#8217;ye yerle\u015ftiler.<!--more--><\/p>\n<p style=\"text-align: justify;\">E\u015fi ve \u00e7ocuklar\u0131yla T\u00fcrkiye&#8217;nin d\u00f6rt bir k\u00f6\u015fesini dola\u015ft\u0131. Seyahati, halkoyunlar\u0131n\u0131, semah d\u00f6nmeyi, tiyatroyu \u00e7ok seven \u015eeyho\u011flu \u00e7ok zengin bir t\u00fcrk\u00fc da\u011farc\u0131\u011f\u0131na sahipti. Yak\u0131nlar\u0131 ona T\u00fcrk\u00fc Ana diyordu. 2002 y\u0131l\u0131nda dilk\u00f6k\u00fc kanserine yakaland\u0131. A\u011f\u0131r ameliyatlar ge\u00e7irdi. O\u011flu Recai \u015eeyho\u011flu&#8217;nun,annesinin ad\u0131n\u0131 \u00f6l\u00fcms\u00fczle\u015ftirmek ad\u0131na \u00fcretti\u011fi &#8221;k\u00f6ylere k\u00fct\u00fcphane&#8221; projesiyle 2002 y\u0131l\u0131ndan bu yana \u0130zmir,Manisa,Bal\u0131kesir,Bolu ve Tokat k\u00f6ylerinde bu g\u00fcne de\u011fin 39 k\u00fct\u00fcphane a\u00e7t\u0131.\u00c7o\u011funun a\u00e7\u0131l\u0131\u015f\u0131nda t\u00fcrk\u00fc s\u00f6yledi, deyi\u015fler okudu. Kitap ve k\u00fct\u00fcphane a\u015fk\u0131yla kanseri yendi.2005 y\u0131l\u0131nda T\u00fcrk K\u00fct\u00fcphaneciler Derne\u011fi taraf\u0131ndan &#8221;y\u0131l\u0131n k\u00fct\u00fcphanecisi&#8221; se\u00e7ildi.<\/p>\n<p style=\"text-align: justify;\">\u0130zmir&#8217;i Sevenler Platformu.Turizm ve K\u00fclt\u00fcr Bakan\u0131 Atilla Ko\u00e7,Bergama ve Karaba\u011flar Belediyeleri, Ege ve Urla Rotary Kul\u00fcpleri,\u0130stanbul valisi ,T\u00fcrk milli Olimpiyat Komitesi ve \u00e7ok say\u0131da sivil toplum kurulu\u015funca \u00f6d\u00fcllendirilen Rasime \u015eeyho\u011flu.2007 y\u0131l\u0131nda da Cumhurba\u015fkanl\u0131\u011f\u0131 Genel Sekreteri Kemal Nehrozo\u011flu taraf\u0131ndan \u00c7ankaya K\u00f6\u015fk\u00fcnde kabul g\u00f6rd\u00fc.E\u011fit-Der Genel Ba\u015fkanl\u0131\u011f\u0131na ziyarette bulundu.<\/p>\n<p style=\"text-align: justify;\"><strong>13.k\u00fct\u00fcphanenin a\u00e7\u0131ld\u0131\u011f\u0131 g\u00fcn\u00fcn ak\u015fam\u0131 2006 y\u0131l\u0131nda e\u015fini kaybetti.<\/strong><br \/>\nBolu da il Turizm ve K\u00fclt\u00fcr M\u00fcd\u00fcrl\u00fc\u011f\u00fc bir k\u00f6\u015feye ad\u0131n\u0131 verdi. \u0130zmir B\u00fcy\u00fck\u015fehir Belediyesi de 3900 metre uzunlu\u011funda bir soka\u011fa &#8216;K\u00fct\u00fcphaneci Rasime \u015eeyho\u011flu Soka\u011f\u0131 &#8216; ad\u0131n\u0131 verdi. 12 A\u011fustos 2015 te \u0130zmir Valisi Mustafa Toprak taraf\u0131ndan Bergama&#8217;n\u0131n Demircidere Mahallesinde ikinci RAS\u0130ME \u015eEYHO\u011eLU ANI EV\u0130 a\u00e7\u0131ld\u0131. \u0130lk&#8217;i Alia\u011fa&#8217;n\u0131n Hac\u0131\u00f6merli k\u00f6y\u00fcnde a\u00e7\u0131lm\u0131\u015ft\u0131. 22 y\u0131ld\u0131r \u0130zmir de ya\u015f\u0131yordu. 4 o\u011flu 4 gelini ve 7 torunu bulunuyor. &#8216; Cumhuriyet k\u0131z\u0131 olarak k\u00f6ylere k\u00fct\u00fcphane a\u00e7may\u0131 bir yurtta\u015f sorumlulu\u011fu bildim. &#8216; diyen Rasime \u015eeyho\u011flu, hafta ba\u015f\u0131nda Dokuz Eyl\u00fcl \u00dcniversitesi T\u0131p Fak\u00fcltesi Hastanesi&#8217;ne kald\u0131r\u0131ld\u0131. Bug\u00fcn taburcu olmu\u015f, Bademler&#8217;deki o\u011flunun yan\u0131na gelmi\u015fti.<\/p>\n<p style=\"text-align: justify;\">Aniden fenala\u015fan T\u00fcrk\u00fc Ana, Seferihisar Devlet Hastanesi&#8217;ne kald\u0131r\u0131ld\u0131 ama yap\u0131lan t\u00fcm m\u00fcdahalelere kar\u015f\u0131n kurtar\u0131lamad\u0131. (Ak\u015fam saatlerinde, saat 17.20 )<br \/>\nK\u00fct\u00fcphaneciler \u0130mparatori\u00e7esi, uzun s\u00fcredir kalp yetmezli\u011fi, solunum yetersizli\u011fi ve akut b\u00f6brek yetmezli\u011fi s\u0131k\u0131nt\u0131s\u0131 \u00e7ekiyordu. Cenazesi 22 A\u011fustos cumartesi g\u00fcn\u00fc ikindi vakti G\u00fczelbah\u00e7e Cem Evi&#8217;nden kald\u0131r\u0131larak Urla&#8217;n\u0131n Bademler Mahallesi&#8217;nde topra\u011fa verilecek.<\/p>\n<p style=\"text-align: justify;\">Kaynak: http:\/\/www.haberinioku.com\/<\/p>\n","protected":false},"excerpt":{"rendered":"<p>Muzaffer \u0130zg\u00fc&#8217;n\u00fcn &#8216;K\u00fct\u00fcphaneciler \u0130mparatori\u00e7esi&#8217; ilan etti\u011fi Rasime \u015eeyho\u011flu, 21 A\u011fustos per\u015fembe g\u00fcn\u00fc ak\u015fam saatlerinde Seferihisar Devlet Hastanesi&#8217;nde yap\u0131lan t\u00fcm m\u00fcdahalelere kar\u015f\u0131n kurtar\u0131lamayarak hakka y\u00fcr\u00fcd\u00fc. 1 Eyl\u00fcl 1930&#8217;da G\u00f6rdes&#8217;te do\u011fan Rasime \u015eeyho\u011flu, \u00e7ocukluk y\u0131llar\u0131n\u0131 Eski Borlu&#8217;da ge\u00e7irdi. Annesi G\u00f6rdesli B\u00fcke Ailesi&#8217;nden Hatice Han\u0131m, babas\u0131 Eski Borlu e\u015fraf\u0131ndan \u015eiri Bey&#8217;dir. 1947 y\u0131l\u0131nda amcas\u0131n\u0131n o\u011flu Kaz\u0131m \u015eeyho\u011flu ile [&hellip;]<\/p>\n","protected":false},"author":1,"featured_media":0,"comment_status":"open","ping_status":"open","sticky":false,"template":"","format":"standard","meta":{"footnotes":""},"categories":[1],"tags":[778,824],"class_list":["post-17476","post","type-post","status-publish","format-standard","hentry","category-genel","tag-recai-seyhoglu-kutuphaneleri","tag-vefat-eden-meslektaslarimiz"],"_links":{"self":[{"href":"https:\/\/www.bbyhaber.com\/bby\/wp-json\/wp\/v2\/posts\/17476"}],"collection":[{"href":"https:\/\/www.bbyhaber.com\/bby\/wp-json\/wp\/v2\/posts"}],"about":[{"href":"https:\/\/www.bbyhaber.com\/bby\/wp-json\/wp\/v2\/types\/post"}],"author":[{"embeddable":true,"href":"https:\/\/www.bbyhaber.com\/bby\/wp-json\/wp\/v2\/users\/1"}],"replies":[{"embeddable":true,"href":"https:\/\/www.bbyhaber.com\/bby\/wp-json\/wp\/v2\/comments?post=17476"}],"version-history":[{"count":0,"href":"https:\/\/www.bbyhaber.com\/bby\/wp-json\/wp\/v2\/posts\/17476\/revisions"}],"wp:attachment":[{"href":"https:\/\/www.bbyhaber.com\/bby\/wp-json\/wp\/v2\/media?parent=17476"}],"wp:term":[{"taxonomy":"category","embeddable":true,"href":"https:\/\/www.bbyhaber.com\/bby\/wp-json\/wp\/v2\/categories?post=17476"},{"taxonomy":"post_tag","embeddable":true,"href":"https:\/\/www.bbyhaber.com\/bby\/wp-json\/wp\/v2\/tags?post=17476"}],"curies":[{"name":"wp","href":"https:\/\/api.w.org\/{rel}","templated":true}]}}