{"id":17471,"date":"2015-08-21T08:31:28","date_gmt":"2015-08-21T05:31:28","guid":{"rendered":"http:\/\/www.bbyhaber.com\/bby\/?p=17471"},"modified":"2015-08-21T08:31:28","modified_gmt":"2015-08-21T05:31:28","slug":"kirsehir-il-halk-kutuphanesi-binasinin-yikimi-tamamlandi","status":"publish","type":"post","link":"https:\/\/www.bbyhaber.com\/bby\/2015\/08\/21\/kirsehir-il-halk-kutuphanesi-binasinin-yikimi-tamamlandi","title":{"rendered":"K\u0131r\u015fehir \u0130l Halk K\u00fct\u00fcphanesi binas\u0131n\u0131n y\u0131k\u0131m\u0131 tamamland\u0131"},"content":{"rendered":"<p style=\"text-align: justify;\"><img loading=\"lazy\" decoding=\"async\" class=\"alignleft\" src=\"http:\/\/bbyhaber.com\/bby\/wp-content\/uploads\/2015\/08\/kirsehir-il-halk.jpg\" alt=\"\" width=\"247\" height=\"137\" \/>K\u0131r\u015fehir&#8217;de 46 y\u0131l \u00f6nce hizmet vermeye ba\u015flayan \u0130l Halk K\u00fct\u00fcphanesi binas\u0131n\u0131n y\u0131k\u0131m\u0131 ger\u00e7ekle\u015ftirildi. K\u00fct\u00fcphanenin Medrese Mahallesindeki ba\u015fka bir yere ta\u015f\u0131nmas\u0131n\u0131n ard\u0131ndan, Lise Caddesi \u00fczerindeki mevcut binan\u0131n yenilenmesine karar verildi. Yerine yeni k\u00fct\u00fcphane binas\u0131 yap\u0131lmas\u0131 planlanan eski binan\u0131n y\u0131k\u0131m i\u015flemleri bug\u00fcn tamamland\u0131.<!--more--><\/p>\n<p style=\"text-align: justify;\">\u0130\u015f makinesiyle binan\u0131n y\u0131k\u0131m\u0131 ger\u00e7ekle\u015ftirilirken, binan\u0131n yan taraflar\u0131ndaki apartmanlarda baz\u0131 daire ve i\u015f yerleri zarar g\u00f6rd\u00fc. Yan binan\u0131n giri\u015f kat\u0131ndaki i\u015f yerlerine giren moloz par\u00e7alar\u0131 nedeniyle zarar olu\u015ftu. \u0130kinci kattaki bir binan\u0131n balkonunda da hasar meydana geldi. \u0130\u015f yeri zarar g\u00f6ren spor salonu i\u015fletmecisi Mesut Balc\u0131, gazetecilere yapt\u0131\u011f\u0131 a\u00e7\u0131klamada, \u00f6nlem al\u0131nmas\u0131 i\u00e7in m\u00fcracaatta bulunmalar\u0131na ra\u011fmen y\u0131k\u0131lan duvardan dolay\u0131 zarar g\u00f6rd\u00fcklerini s\u00f6yledi. \u0130l Halk K\u00fct\u00fcphanesi yetkililerinden al\u0131nan bilgiye g\u00f6re, k\u00fct\u00fcphane 46 y\u0131ld\u0131r Lise Caddesi&#8217;ndeki yerinde hizmet veriyordu.<\/p>\n<p style=\"text-align: justify;\">Kaynak: http:\/\/www.radikal.com.tr\/<\/p>\n","protected":false},"excerpt":{"rendered":"<p>K\u0131r\u015fehir&#8217;de 46 y\u0131l \u00f6nce hizmet vermeye ba\u015flayan \u0130l Halk K\u00fct\u00fcphanesi binas\u0131n\u0131n y\u0131k\u0131m\u0131 ger\u00e7ekle\u015ftirildi. K\u00fct\u00fcphanenin Medrese Mahallesindeki ba\u015fka bir yere ta\u015f\u0131nmas\u0131n\u0131n ard\u0131ndan, Lise Caddesi \u00fczerindeki mevcut binan\u0131n yenilenmesine karar verildi. Yerine yeni k\u00fct\u00fcphane binas\u0131 yap\u0131lmas\u0131 planlanan eski binan\u0131n y\u0131k\u0131m i\u015flemleri bug\u00fcn tamamland\u0131.<\/p>\n","protected":false},"author":1,"featured_media":0,"comment_status":"open","ping_status":"open","sticky":false,"template":"","format":"standard","meta":{"footnotes":""},"categories":[1],"tags":[1436],"class_list":["post-17471","post","type-post","status-publish","format-standard","hentry","category-genel","tag-kutuphaneler"],"_links":{"self":[{"href":"https:\/\/www.bbyhaber.com\/bby\/wp-json\/wp\/v2\/posts\/17471"}],"collection":[{"href":"https:\/\/www.bbyhaber.com\/bby\/wp-json\/wp\/v2\/posts"}],"about":[{"href":"https:\/\/www.bbyhaber.com\/bby\/wp-json\/wp\/v2\/types\/post"}],"author":[{"embeddable":true,"href":"https:\/\/www.bbyhaber.com\/bby\/wp-json\/wp\/v2\/users\/1"}],"replies":[{"embeddable":true,"href":"https:\/\/www.bbyhaber.com\/bby\/wp-json\/wp\/v2\/comments?post=17471"}],"version-history":[{"count":0,"href":"https:\/\/www.bbyhaber.com\/bby\/wp-json\/wp\/v2\/posts\/17471\/revisions"}],"wp:attachment":[{"href":"https:\/\/www.bbyhaber.com\/bby\/wp-json\/wp\/v2\/media?parent=17471"}],"wp:term":[{"taxonomy":"category","embeddable":true,"href":"https:\/\/www.bbyhaber.com\/bby\/wp-json\/wp\/v2\/categories?post=17471"},{"taxonomy":"post_tag","embeddable":true,"href":"https:\/\/www.bbyhaber.com\/bby\/wp-json\/wp\/v2\/tags?post=17471"}],"curies":[{"name":"wp","href":"https:\/\/api.w.org\/{rel}","templated":true}]}}