{"id":17467,"date":"2015-08-18T10:55:48","date_gmt":"2015-08-18T07:55:48","guid":{"rendered":"http:\/\/www.bbyhaber.com\/bby\/?p=17467"},"modified":"2015-08-18T10:56:59","modified_gmt":"2015-08-18T07:56:59","slug":"online-bilginin-kontrolu","status":"publish","type":"post","link":"https:\/\/www.bbyhaber.com\/bby\/2015\/08\/18\/online-bilginin-kontrolu","title":{"rendered":"Online Bilginin Kontrol\u00fc"},"content":{"rendered":"<p style=\"text-align: justify;\"><img loading=\"lazy\" decoding=\"async\" class=\"alignleft\" src=\"http:\/\/bbyhaber.com\/bby\/wp-content\/uploads\/2015\/08\/online-bilginin-kontrolu.jpg\" alt=\"\" width=\"236\" height=\"131\" \/>Online Bilginin Kontrol\u00fc i\u00e7in yay\u0131nlanan Do\u011frulama El Kitab\u0131, \u00f6zellikle kriz anlar\u0131nda internet ortam\u0131nda h\u0131zl\u0131 \u015fekilde yay\u0131lan bilgilerin do\u011frulu\u011funu kontrol etmek i\u00e7in haz\u0131rlanan bir rehber. European Journalism Centre (EJC) taraf\u0131ndan ge\u00e7ti\u011fimiz sene duyurulan ve Korsan Parti Hareketi\u2019nin \u00f6nc\u00fcl\u00fc\u011f\u00fcnde Mehmet Atakan Fo\u00e7a\u2019n\u0131n edit\u00f6rl\u00fc\u011f\u00fcnde T\u00fcrk\u00e7ele\u015ftirilen \u201cVerification Handbook\u201d &#8211; \u201cDo\u011frulama El Kitab\u0131\u201d yay\u0131mland\u0131. Kitab\u0131n \u0130ngilizce\u2019den T\u00fcrk\u00e7e\u2019ye \u00e7evirisini G\u00fcrkan \u00d6zturan, G\u00fcl\u015fah Deniz, Emre Sorkun, Onurcan \u00d6nal, Berk G\u00f6bekcio\u011flu, Volkan Hatem, \u015eafak Erkol, Atakan Tatar, \u015eevket Uyan\u0131k yapt\u0131.<!--more--><\/p>\n<p style=\"text-align: justify;\"><strong>Online bilgiyi nas\u0131l do\u011frulayaca\u011f\u0131z?<\/strong><\/p>\n<p style=\"text-align: justify;\">Kriz anlar\u0131nda, do\u011fal afetlerde veya \u00e7at\u0131\u015fma hallerinde internette h\u0131zla yay\u0131lan yanl\u0131\u015f bilgi insan hayat\u0131n\u0131 tehdit edebilecek kadar \u00f6nemli hale gelebiliyor. Dezenformasyon ve bilgi kirlili\u011fi i\u00e7erisinden do\u011fru bilgileri ay\u0131klamak, yanl\u0131\u015flar\u0131 d\u00fczeltmek ise kal\u0131c\u0131 hasarlar\u0131n olu\u015fmas\u0131n\u0131 \u00f6nleyebilir.<\/p>\n<p style=\"text-align: justify;\">Bu hedefe ula\u015fabilmek i\u00e7in gazeteciler ve sivil toplum \u00e7al\u0131\u015fanlar\u0131n\u0131n online bilginin nas\u0131l do\u011frulanaca\u011f\u0131, yanl\u0131\u015flar\u0131n nas\u0131l d\u00fczeltilece\u011fi ile ilgili etik ilkelere ve do\u011fru ara\u00e7lara sahip olmas\u0131 gereklili\u011finden yola \u00e7\u0131k\u0131larak haz\u0131rlanan Do\u011frulama El Kitab\u0131 bu anlamda, uzmanlar taraf\u0131ndan uygun ara\u00e7lar ve y\u00f6ntemlerin anlat\u0131ld\u0131\u011f\u0131, tecr\u00fcbelerin ve vaka \u00e7al\u0131\u015fmalar\u0131n\u0131n payla\u015f\u0131ld\u0131\u011f\u0131 bir rehber olma \u00f6zelli\u011fi ta\u015f\u0131yor.<\/p>\n<p style=\"text-align: justify;\"><strong>Bas\u0131l\u0131 hale de gelecek<\/strong><\/p>\n<p style=\"text-align: justify;\">Do\u011frulama El Kitab\u0131, haberciler, yurtta\u015f muhabirler, sosyal \u00e7al\u0131\u015fmac\u0131lar, insani yard\u0131m \u00e7al\u0131\u015fanlar\u0131 ve sivil toplum \u00f6rg\u00fctleri i\u00e7in kaynak olabilir.<\/p>\n<p style=\"text-align: justify;\">Kitap tamamen \u00fccretsiz olup, web sitesinden okunabilece\u011fi gibi PDF, Kindle ve ePub versiyonlar\u0131na da a\u015fa\u011f\u0131daki link \u00fczerinden ula\u015fmak m\u00fcmk\u00fcn.<\/p>\n<p style=\"text-align: justify;\">Yay\u0131nlanmas\u0131 ve yayg\u0131nla\u015ft\u0131r\u0131lmas\u0131 Creative Commons lisans\u0131na tabii olan kitap \u00f6n\u00fcm\u00fczdeki g\u00fcnlerde Do\u011fruluk Pay\u0131 taraf\u0131ndan da bas\u0131l\u0131 hale getirilecek. (EKN)<\/p>\n<p style=\"text-align: justify;\"><a href=\"http:\/\/verificationhandbook.com\/book_tr\/\" target=\"_blank\"><span style=\"color: #0000ff;\">Do\u011frulama El Kitab\u0131\u2019na ula\u015fmak i\u00e7in t\u0131klay\u0131n\u0131z<\/span><\/a><\/p>\n<p>Kaynak:http:\/\/bianet.org\/<\/p>\n","protected":false},"excerpt":{"rendered":"<p>Online Bilginin Kontrol\u00fc i\u00e7in yay\u0131nlanan Do\u011frulama El Kitab\u0131, \u00f6zellikle kriz anlar\u0131nda internet ortam\u0131nda h\u0131zl\u0131 \u015fekilde yay\u0131lan bilgilerin do\u011frulu\u011funu kontrol etmek i\u00e7in haz\u0131rlanan bir rehber. European Journalism Centre (EJC) taraf\u0131ndan ge\u00e7ti\u011fimiz sene duyurulan ve Korsan Parti Hareketi\u2019nin \u00f6nc\u00fcl\u00fc\u011f\u00fcnde Mehmet Atakan Fo\u00e7a\u2019n\u0131n edit\u00f6rl\u00fc\u011f\u00fcnde T\u00fcrk\u00e7ele\u015ftirilen \u201cVerification Handbook\u201d &#8211; \u201cDo\u011frulama El Kitab\u0131\u201d yay\u0131mland\u0131. Kitab\u0131n \u0130ngilizce\u2019den T\u00fcrk\u00e7e\u2019ye \u00e7evirisini G\u00fcrkan \u00d6zturan, [&hellip;]<\/p>\n","protected":false},"author":1,"featured_media":0,"comment_status":"open","ping_status":"open","sticky":false,"template":"","format":"standard","meta":{"footnotes":""},"categories":[1],"tags":[783],"class_list":["post-17467","post","type-post","status-publish","format-standard","hentry","category-genel","tag-online-bilgi"],"_links":{"self":[{"href":"https:\/\/www.bbyhaber.com\/bby\/wp-json\/wp\/v2\/posts\/17467"}],"collection":[{"href":"https:\/\/www.bbyhaber.com\/bby\/wp-json\/wp\/v2\/posts"}],"about":[{"href":"https:\/\/www.bbyhaber.com\/bby\/wp-json\/wp\/v2\/types\/post"}],"author":[{"embeddable":true,"href":"https:\/\/www.bbyhaber.com\/bby\/wp-json\/wp\/v2\/users\/1"}],"replies":[{"embeddable":true,"href":"https:\/\/www.bbyhaber.com\/bby\/wp-json\/wp\/v2\/comments?post=17467"}],"version-history":[{"count":0,"href":"https:\/\/www.bbyhaber.com\/bby\/wp-json\/wp\/v2\/posts\/17467\/revisions"}],"wp:attachment":[{"href":"https:\/\/www.bbyhaber.com\/bby\/wp-json\/wp\/v2\/media?parent=17467"}],"wp:term":[{"taxonomy":"category","embeddable":true,"href":"https:\/\/www.bbyhaber.com\/bby\/wp-json\/wp\/v2\/categories?post=17467"},{"taxonomy":"post_tag","embeddable":true,"href":"https:\/\/www.bbyhaber.com\/bby\/wp-json\/wp\/v2\/tags?post=17467"}],"curies":[{"name":"wp","href":"https:\/\/api.w.org\/{rel}","templated":true}]}}