{"id":17462,"date":"2015-08-18T09:05:29","date_gmt":"2015-08-18T06:05:29","guid":{"rendered":"http:\/\/www.bbyhaber.com\/bby\/?p=17462"},"modified":"2015-08-25T09:10:44","modified_gmt":"2015-08-25T06:10:44","slug":"karabuk-universitesi-ogretim-gorevlisi-ilani-son-basvuru-24-agustos-2015","status":"publish","type":"post","link":"https:\/\/www.bbyhaber.com\/bby\/2015\/08\/18\/karabuk-universitesi-ogretim-gorevlisi-ilani-son-basvuru-24-agustos-2015","title":{"rendered":"Karab\u00fck \u00dcniversitesi \u00d6\u011fretim G\u00f6revlisi \u0130lan\u0131-Son Ba\u015fvuru-24 A\u011fustos 2015"},"content":{"rendered":"<p style=\"text-align: justify;\"><a href=\"http:\/\/www.bbyhaber.com\/bby\/category\/bby-is-ilanlari\/\"><img loading=\"lazy\" decoding=\"async\" class=\"alignleft colorbox-9771\" src=\"http:\/\/www.bbyhaber.com\/bby\/wp-content\/uploads\/is-ilanlari-arsivi.jpg\" alt=\"\" width=\"250\" height=\"150\" \/><\/a><strong>KARAB\u00dcK \u00dcN\u0130VERS\u0130TES\u0130&#8212;&gt;SA\u011eLIK H\u0130ZMETLER\u0130 MESLEK Y\u00dcKSEKOKULU&#8212;&gt;TIBB\u0130 H\u0130ZMETLER VE TEKN\u0130KLER B\u00d6L\u00dcM\u00dc&#8212;&gt;TIBB\u0130 DOK\u00dcMANTASYON VE SEKRETERL\u0130K PR.<\/strong>&#8216;na; <span style=\"color: #ff0000;\">Dok\u00fcmantasyon ve Enformasyon B\u00f6l\u00fcm\u00fc Lisans mezunu olmak.<\/span>, \u00f6zel \u015fart\u0131 ile <strong><span style=\"color: #ff0000;\">1<\/span><\/strong> &#8220;<span style=\"color: #ff0000;\"><strong>\u00d6\u011eRET\u0130M G\u00d6REVL\u0130S\u0130<\/strong><\/span>&#8221; personel al\u0131nacakt\u0131r.<!--more--><\/p>\n<table style=\"color: #000000; font-family: Arial, Tahoma, Verdana; font-size: 15px; line-height: 18px;\" width=\"344\" border=\"1\" cellspacing=\"0\" cellpadding=\"0\">\n<colgroup>\n<col width=\"233\" \/>\n<col width=\"111\" \/> <\/colgroup>\n<tbody>\n<tr>\n<td width=\"233\" height=\"20\">Kadro Unvan<\/td>\n<td width=\"111\"><strong>\u00d6\u011eRET\u0130M G\u00d6REVL\u0130S\u0130<br \/>\n<\/strong><\/td>\n<\/tr>\n<tr>\n<td height=\"20\">ALES<\/td>\n<td><strong>70<\/strong><\/td>\n<\/tr>\n<tr>\n<td height=\"20\">\u00dcDS\/Dengi<\/td>\n<td><\/td>\n<\/tr>\n<tr>\n<td height=\"20\">Kadro Say\u0131s\u0131<\/td>\n<td><span style=\"color: #ff0000;\"><strong>1<\/strong><\/span><\/td>\n<\/tr>\n<tr>\n<td height=\"20\">Kadro Derecesi<\/td>\n<td>2<\/td>\n<\/tr>\n<tr>\n<td height=\"20\">Ba\u015fvuru Tipi<\/td>\n<td><strong>Posta, \u015eahsen<\/strong><\/td>\n<\/tr>\n<tr>\n<td height=\"20\">Ba\u015fvuru Yeri<\/td>\n<td><strong>Karab\u00fck \u00dcniversitesi Sa\u011fl\u0131k Hizmetleri Meslek Y\u00fcksekokulu M\u00fcd\u00fcrl\u00fc\u011f\u00fc<br \/>\n<\/strong><\/td>\n<\/tr>\n<tr>\n<td height=\"20\"><strong style=\"color: #ff0000; font-family: Arial, Tahoma, Verdana; font-size: 15px; line-height: 18px;\">Son Ba\u015fvuru Tarihi<\/strong><\/td>\n<td><span style=\"font-family: Arial, Tahoma, Verdana;\"><span style=\"font-size: 15px;\"><strong>24.08.2015<\/strong><\/span><\/span><\/td>\n<\/tr>\n<tr>\n<td height=\"20\">\u00d6n De\u011ferlendirme Tarihi<\/td>\n<td>28.08.2015<\/td>\n<\/tr>\n<tr>\n<td height=\"20\">S\u0131nav Giri\u015f Tarihi<\/td>\n<td>31.08.2015<\/td>\n<\/tr>\n<tr>\n<td height=\"20\"><span style=\"color: #0000ff;\"><strong>Sonu\u00e7 A\u00e7\u0131klama Tarihi<\/strong><\/span><\/td>\n<td><strong>04.09.20155<\/strong><\/td>\n<\/tr>\n<\/tbody>\n<\/table>\n<p><a href=\"https:\/\/yoksis.yok.gov.tr\/ilansayfa\/?sessionid=41932\" target=\"_blank\"><span style=\"color: #0000ff;\"><strong><span style=\"color: #0000ff;\">Daha fazla bilgi ve belge i\u00e7in t\u0131klay\u0131n\u0131z<\/span><\/strong><\/span><\/a><\/p>\n","protected":false},"excerpt":{"rendered":"<p>KARAB\u00dcK \u00dcN\u0130VERS\u0130TES\u0130&#8212;&gt;SA\u011eLIK H\u0130ZMETLER\u0130 MESLEK Y\u00dcKSEKOKULU&#8212;&gt;TIBB\u0130 H\u0130ZMETLER VE TEKN\u0130KLER B\u00d6L\u00dcM\u00dc&#8212;&gt;TIBB\u0130 DOK\u00dcMANTASYON VE SEKRETERL\u0130K PR.&#8216;na; Dok\u00fcmantasyon ve Enformasyon B\u00f6l\u00fcm\u00fc Lisans mezunu olmak., \u00f6zel \u015fart\u0131 ile 1 &#8220;\u00d6\u011eRET\u0130M G\u00d6REVL\u0130S\u0130&#8221; personel al\u0131nacakt\u0131r.<\/p>\n","protected":false},"author":1,"featured_media":0,"comment_status":"open","ping_status":"open","sticky":false,"template":"","format":"standard","meta":{"footnotes":""},"categories":[],"tags":[1393],"class_list":["post-17462","post","type-post","status-publish","format-standard","hentry","tag-bby-is-ilanlari-arsivi"],"_links":{"self":[{"href":"https:\/\/www.bbyhaber.com\/bby\/wp-json\/wp\/v2\/posts\/17462"}],"collection":[{"href":"https:\/\/www.bbyhaber.com\/bby\/wp-json\/wp\/v2\/posts"}],"about":[{"href":"https:\/\/www.bbyhaber.com\/bby\/wp-json\/wp\/v2\/types\/post"}],"author":[{"embeddable":true,"href":"https:\/\/www.bbyhaber.com\/bby\/wp-json\/wp\/v2\/users\/1"}],"replies":[{"embeddable":true,"href":"https:\/\/www.bbyhaber.com\/bby\/wp-json\/wp\/v2\/comments?post=17462"}],"version-history":[{"count":0,"href":"https:\/\/www.bbyhaber.com\/bby\/wp-json\/wp\/v2\/posts\/17462\/revisions"}],"wp:attachment":[{"href":"https:\/\/www.bbyhaber.com\/bby\/wp-json\/wp\/v2\/media?parent=17462"}],"wp:term":[{"taxonomy":"category","embeddable":true,"href":"https:\/\/www.bbyhaber.com\/bby\/wp-json\/wp\/v2\/categories?post=17462"},{"taxonomy":"post_tag","embeddable":true,"href":"https:\/\/www.bbyhaber.com\/bby\/wp-json\/wp\/v2\/tags?post=17462"}],"curies":[{"name":"wp","href":"https:\/\/api.w.org\/{rel}","templated":true}]}}