{"id":17429,"date":"2015-08-15T00:50:42","date_gmt":"2015-08-14T21:50:42","guid":{"rendered":"http:\/\/www.bbyhaber.com\/bby\/?p=17429"},"modified":"2015-08-17T08:58:35","modified_gmt":"2015-08-17T05:58:35","slug":"diyanetten-kerkuke-mobil-kutuphane","status":"publish","type":"post","link":"https:\/\/www.bbyhaber.com\/bby\/2015\/08\/15\/diyanetten-kerkuke-mobil-kutuphane","title":{"rendered":"Diyanet&#8217;ten Kerk\u00fck&#8217;e &#8216;mobil k\u00fct\u00fcphane&#8217;"},"content":{"rendered":"<p style=\"text-align: justify;\"><img loading=\"lazy\" decoding=\"async\" class=\"alignleft\" src=\"http:\/\/www.bbyhaber.com\/bby\/wp-content\/uploads\/2015\/08\/diyanet-kerkuk.jpg\" alt=\"\" width=\"243\" height=\"136\" \/>T\u00fcrkiye Diyanet Vakf\u0131&#8217;n\u0131n katk\u0131lar\u0131yla Irak&#8217;\u0131n Kerk\u00fck kentinde mobil k\u00fct\u00fcphane projesi ba\u015flat\u0131ld\u0131. Irak T\u00fcrkmenleri Karde\u015flik ve K\u00fclt\u00fcr Derne\u011fi&#8217;nin projesi T\u00fcrkiye Diyanet Vakf\u0131&#8217;n\u0131n deste\u011fiyle hayata ge\u00e7irildi. \u0130kra Seyyar K\u00fct\u00fcphanesi&#8217;nde T\u00fcrk\u00e7e, Arap\u00e7a ve K\u00fcrt\u00e7e kitaplar bulunuyor. Mobil k\u00fct\u00fcphanenin a\u00e7\u0131l\u0131\u015f\u0131na Kerk\u00fck&#8217;\u00fcn \u00f6nde gelen ayd\u0131n ve tan\u0131nm\u0131\u015f gazeteci-yazarlar\u0131 kat\u0131ld\u0131.<!--more--> Daha \u00e7ok ilkokul ve ortaokul \u00f6\u011frencilerine hitap eden k\u00fct\u00fcphane, Kerk\u00fck&#8217;teki okullar\u0131 gezip, \u00e7ocuklar\u0131n kitap okumas\u0131n\u0131 sa\u011flayacak.<\/p>\n<p style=\"text-align: justify;\">Irak&#8217;\u0131n kitap olu\u015fma al\u0131\u015fkanl\u0131\u011f\u0131 kalmad\u0131&#8221;<br \/>\nIrak T\u00fcrkmenleri Karde\u015flik ve K\u00fclt\u00fcr Derne\u011fi Ba\u015fkan Yard\u0131mc\u0131s\u0131 Hi\u015fam Avc\u0131, \u00e7al\u0131\u015fmaya ili\u015fkin, &#8220;Maalesef Irak&#8217;ta internetin ortaya \u00e7\u0131kmas\u0131ndan sonra kitap okuma al\u0131\u015fkanl\u0131\u011f\u0131 \u00e7ok kalmad\u0131. Bu y\u00fczden bizde b\u00f6yle bir proje ortaya att\u0131k. Sa\u011f olsun T\u00fcrkiye Diyanet Vakf\u0131 bu projeyi \u00fcstlendi. \u0130ki aydan beri gereken haz\u0131rl\u0131klar\u0131 yapt\u0131k ve \u00f6zel arabay\u0131 seyyar k\u00fct\u00fcphaneye \u00e7evirdik. Ad\u0131na \u0130kra Seyyar K\u00fct\u00fcphanesi verdik K\u00fct\u00fcphanemiz okullara gidecek. \u00c7ok \u00e7e\u015fitli kitaplara sahip olan k\u00fct\u00fcphanemiz \u00f6\u011frencilerimizin hizmetinde olacak. \u00d6\u011frenciler istedikleri kitab\u0131 iki \u00fc\u00e7 haftal\u0131\u011f\u0131na \u00fccretsiz olarak \u00f6d\u00fcn\u00e7 alma haklar\u0131 var&#8221; dedi.<\/p>\n<p style=\"text-align: justify;\">Seyyar k\u00fct\u00fcphaneye ziyaret\u00e7i ak\u0131n\u0131<br \/>\nA\u00e7\u0131l\u0131\u015f\u0131n\u0131n yap\u0131lmas\u0131yla birlikte t\u00fcm kesimlerin ilgisini \u00e7eken seyyar k\u00fct\u00fcphane hemen hemen t\u00fcm ya\u015flardan ziyaret\u00e7ilerin ak\u0131n\u0131na u\u011frad\u0131. K\u00fct\u00fcphane a\u00e7\u0131l\u0131\u015f\u0131na kat\u0131lan ve k\u00fct\u00fcphane ziyaretinde bulunan Leyla Abdullah, &#8220;Bir kitapsever olarak bu \u00f6nemli \u00e7al\u0131\u015fman\u0131n a\u00e7\u0131l\u0131\u015f\u0131na kat\u0131ld\u0131m. Olduk\u00e7a g\u00fczel bir geli\u015fme. Kerk\u00fck&#8217;\u00fcn cadde ve sokaklar\u0131nda bir seyyar k\u00fct\u00fcphaneyi g\u00f6rmek \u00e7ok g\u00fczel. K\u00fc\u00e7\u00fck b\u00fcy\u00fck ve \u00e7ocuk ve yeti\u015fkin demeden her kesin bu k\u00fct\u00fcphaneden faydalanacakt\u0131r. \u0130nternet, bilgisayar ve cep telefonlar\u0131n\u0131n ortaya \u00e7\u0131kmas\u0131yla birlikte insanlar kitap okuma al\u0131\u015fkanl\u0131\u011f\u0131ndan tam vazge\u00e7mi\u015f durumda. Toplum gazete, dergi ve roman okumaktan vazge\u00e7ti. Bu b\u00fcy\u00fck ve \u00f6nemli proje sayesinde insanlar\u0131n tekrar kitap okumaya te\u015fvik etmesini temenni ediyoruz&#8221; diye konu\u015ftu.<\/p>\n<p>Kaynak:\u00a0http:\/\/www.yenisafak.com\/<\/p>\n","protected":false},"excerpt":{"rendered":"<p>T\u00fcrkiye Diyanet Vakf\u0131&#8217;n\u0131n katk\u0131lar\u0131yla Irak&#8217;\u0131n Kerk\u00fck kentinde mobil k\u00fct\u00fcphane projesi ba\u015flat\u0131ld\u0131. Irak T\u00fcrkmenleri Karde\u015flik ve K\u00fclt\u00fcr Derne\u011fi&#8217;nin projesi T\u00fcrkiye Diyanet Vakf\u0131&#8217;n\u0131n deste\u011fiyle hayata ge\u00e7irildi. \u0130kra Seyyar K\u00fct\u00fcphanesi&#8217;nde T\u00fcrk\u00e7e, Arap\u00e7a ve K\u00fcrt\u00e7e kitaplar bulunuyor. Mobil k\u00fct\u00fcphanenin a\u00e7\u0131l\u0131\u015f\u0131na Kerk\u00fck&#8217;\u00fcn \u00f6nde gelen ayd\u0131n ve tan\u0131nm\u0131\u015f gazeteci-yazarlar\u0131 kat\u0131ld\u0131.<\/p>\n","protected":false},"author":129,"featured_media":0,"comment_status":"open","ping_status":"open","sticky":false,"template":"","format":"standard","meta":{"footnotes":""},"categories":[1],"tags":[782,1440,1436,412],"class_list":["post-17429","post","type-post","status-publish","format-standard","hentry","category-genel","tag-diyanet-vakfi","tag-gezici-kutuphaneler","tag-kutuphaneler","tag-mobil-kutuphane"],"_links":{"self":[{"href":"https:\/\/www.bbyhaber.com\/bby\/wp-json\/wp\/v2\/posts\/17429"}],"collection":[{"href":"https:\/\/www.bbyhaber.com\/bby\/wp-json\/wp\/v2\/posts"}],"about":[{"href":"https:\/\/www.bbyhaber.com\/bby\/wp-json\/wp\/v2\/types\/post"}],"author":[{"embeddable":true,"href":"https:\/\/www.bbyhaber.com\/bby\/wp-json\/wp\/v2\/users\/129"}],"replies":[{"embeddable":true,"href":"https:\/\/www.bbyhaber.com\/bby\/wp-json\/wp\/v2\/comments?post=17429"}],"version-history":[{"count":0,"href":"https:\/\/www.bbyhaber.com\/bby\/wp-json\/wp\/v2\/posts\/17429\/revisions"}],"wp:attachment":[{"href":"https:\/\/www.bbyhaber.com\/bby\/wp-json\/wp\/v2\/media?parent=17429"}],"wp:term":[{"taxonomy":"category","embeddable":true,"href":"https:\/\/www.bbyhaber.com\/bby\/wp-json\/wp\/v2\/categories?post=17429"},{"taxonomy":"post_tag","embeddable":true,"href":"https:\/\/www.bbyhaber.com\/bby\/wp-json\/wp\/v2\/tags?post=17429"}],"curies":[{"name":"wp","href":"https:\/\/api.w.org\/{rel}","templated":true}]}}