{"id":17427,"date":"2015-08-15T00:46:47","date_gmt":"2015-08-14T21:46:47","guid":{"rendered":"http:\/\/www.bbyhaber.com\/bby\/?p=17427"},"modified":"2015-08-17T08:57:34","modified_gmt":"2015-08-17T05:57:34","slug":"karakopru-kutuphanesine-buyuk-ilgi","status":"publish","type":"post","link":"https:\/\/www.bbyhaber.com\/bby\/2015\/08\/15\/karakopru-kutuphanesine-buyuk-ilgi","title":{"rendered":"Karak\u00f6pr\u00fc K\u00fct\u00fcphanesine B\u00fcy\u00fck \u0130lgi"},"content":{"rendered":"<p style=\"text-align: justify;\"><img loading=\"lazy\" decoding=\"async\" class=\"alignleft\" src=\"http:\/\/www.bbyhaber.com\/bby\/wp-content\/uploads\/2015\/08\/karakopru.jpg\" alt=\"\" width=\"240\" height=\"141\" \/>Karak\u00f6pr\u00fc Belediyesi b\u00fcnyesinde a\u00e7\u0131lan k\u00fct\u00fcphane, ders \u00e7al\u0131\u015fan ve Kitap okuma al\u0131\u015fkanl\u0131\u011f\u0131 olan \u00f6\u011frencilerin u\u011frak yeri oldu. Karak\u00f6pr\u00fc Belediyesi b\u00fcnyesinde hizmet veren k\u00fct\u00fcphane yo\u011fun ilgi g\u00f6r\u00fcyor. Kitap kapasitesinin bir hayli fazla oldu\u011fu k\u00fct\u00fcphanede, \u00f6zellikle yaz aylar\u0131nda okullar\u0131n tatil olmas\u0131 ile birlikte \u00fcniversite s\u0131nav\u0131na haz\u0131rlanan \u00f6\u011frencilerin ve kitap okuma al\u0131\u015fkanl\u0131\u011f\u0131 olan vatanda\u015flar\u0131n u\u011frak mekan\u0131 haline geldi.<!--more--> Yakla\u015f\u0131k 300 \u00fcyesinin bulundu\u011fu k\u00fct\u00fcphaneye gelen \u00f6\u011frenciler temiz ve sessiz bir ortamda ders \u00e7al\u0131\u015fma f\u0131rsat\u0131 bulurken, k\u00fct\u00fcphanede bulunan bilgisayar\u0131 da \u00fccretsiz olarak kullan\u0131yorlar. Karak\u00f6pr\u00fc Belediyesi b\u00fcnyesinde a\u00e7\u0131lan k\u00fct\u00fcphaneye gelen \u00f6\u011frenciler, Belediye Ba\u015fkan\u0131 Nihat \u00c7ift\u00e7i\u2019ye kendilerine bu ortam\u0131 sa\u011flad\u0131\u011f\u0131 i\u00e7in te\u015fekk\u00fcr etti.<\/p>\n<p style=\"text-align: justify;\">Evlerinde bulamad\u0131klar\u0131 sesiz ortam\u0131n Karak\u00f6pr\u00fc Belediyesi k\u00fct\u00fcphanesinde bulduklar\u0131n\u0131 ifade eden \u00f6\u011frenciler, \u201cBir \u00fcniversitesi \u00f6\u011frencisi olarak evde bulamad\u0131\u011f\u0131m\u0131z \u00e7al\u0131\u015fma ortam\u0131n\u0131 Karak\u00f6pr\u00fc Belediyesine ait k\u00fct\u00fcphanede buluyoruz. B\u00f6yle ortamlar\u0131n daha da \u00e7o\u011falmas\u0131n\u0131n bizim insanlar\u0131m\u0131z i\u00e7in gerekli oldu\u011funu d\u00fc\u015f\u00fcn\u00fcyoruz. Belediye Ba\u015fkan\u0131m\u0131z Nihat \u00c7ift\u00e7i\u2019ye \u00e7ok te\u015fekk\u00fcr ederiz. K\u00fct\u00fcphaneler insanlar\u0131n okuyarak k\u00fclt\u00fcrel y\u00f6nden kendilerini geli\u015ftirdi\u011fi yerlerdir\u201d diye konu\u015ftu.<\/p>\n<p style=\"text-align: justify;\">Karak\u00f6pr\u00fc Halk K\u00fct\u00fcphanesi yetkilileri, k\u00fct\u00fcphanenin hafta i\u00e7i her g\u00fcn Sabah 08.00 ile ak\u015fam 17.00 saatleri aras\u0131nda halk\u0131n hizmetinde oldu\u011funu iletti.<\/p>\n<p style=\"text-align: justify;\">Kaynak:\u00a0http:\/\/www.milliyet.com.tr<\/p>\n","protected":false},"excerpt":{"rendered":"<p>Karak\u00f6pr\u00fc Belediyesi b\u00fcnyesinde a\u00e7\u0131lan k\u00fct\u00fcphane, ders \u00e7al\u0131\u015fan ve Kitap okuma al\u0131\u015fkanl\u0131\u011f\u0131 olan \u00f6\u011frencilerin u\u011frak yeri oldu. Karak\u00f6pr\u00fc Belediyesi b\u00fcnyesinde hizmet veren k\u00fct\u00fcphane yo\u011fun ilgi g\u00f6r\u00fcyor. Kitap kapasitesinin bir hayli fazla oldu\u011fu k\u00fct\u00fcphanede, \u00f6zellikle yaz aylar\u0131nda okullar\u0131n tatil olmas\u0131 ile birlikte \u00fcniversite s\u0131nav\u0131na haz\u0131rlanan \u00f6\u011frencilerin ve kitap okuma al\u0131\u015fkanl\u0131\u011f\u0131 olan vatanda\u015flar\u0131n u\u011frak mekan\u0131 haline geldi.<\/p>\n","protected":false},"author":129,"featured_media":0,"comment_status":"open","ping_status":"open","sticky":false,"template":"","format":"standard","meta":{"footnotes":""},"categories":[1],"tags":[1451,781,1436],"class_list":["post-17427","post","type-post","status-publish","format-standard","hentry","category-genel","tag-belediye-kutuphaneleri","tag-karakopru-kutuphanesi","tag-kutuphaneler"],"_links":{"self":[{"href":"https:\/\/www.bbyhaber.com\/bby\/wp-json\/wp\/v2\/posts\/17427"}],"collection":[{"href":"https:\/\/www.bbyhaber.com\/bby\/wp-json\/wp\/v2\/posts"}],"about":[{"href":"https:\/\/www.bbyhaber.com\/bby\/wp-json\/wp\/v2\/types\/post"}],"author":[{"embeddable":true,"href":"https:\/\/www.bbyhaber.com\/bby\/wp-json\/wp\/v2\/users\/129"}],"replies":[{"embeddable":true,"href":"https:\/\/www.bbyhaber.com\/bby\/wp-json\/wp\/v2\/comments?post=17427"}],"version-history":[{"count":0,"href":"https:\/\/www.bbyhaber.com\/bby\/wp-json\/wp\/v2\/posts\/17427\/revisions"}],"wp:attachment":[{"href":"https:\/\/www.bbyhaber.com\/bby\/wp-json\/wp\/v2\/media?parent=17427"}],"wp:term":[{"taxonomy":"category","embeddable":true,"href":"https:\/\/www.bbyhaber.com\/bby\/wp-json\/wp\/v2\/categories?post=17427"},{"taxonomy":"post_tag","embeddable":true,"href":"https:\/\/www.bbyhaber.com\/bby\/wp-json\/wp\/v2\/tags?post=17427"}],"curies":[{"name":"wp","href":"https:\/\/api.w.org\/{rel}","templated":true}]}}