{"id":1742,"date":"2011-12-14T16:41:11","date_gmt":"2011-12-14T16:41:11","guid":{"rendered":"http:\/\/www.bbyhaber.com\/bby\/?p=1742"},"modified":"2012-09-05T23:52:15","modified_gmt":"2012-09-05T20:52:15","slug":"bu-kutuphanede-kitaplar-kanli-canli-yasayan-kutuphane","status":"publish","type":"post","link":"https:\/\/www.bbyhaber.com\/bby\/2011\/12\/14\/bu-kutuphanede-kitaplar-kanli-canli-yasayan-kutuphane","title":{"rendered":"Bu k\u00fct\u00fcphanede kitaplar kanl\u0131 canl\u0131-Ya\u015fayan K\u00fct\u00fcphane"},"content":{"rendered":"<p style=\"text-align: justify;\">Bir k\u00fct\u00fcphane d\u00fc\u015f\u00fcn\u00fcn, ayn\u0131 mant\u0131kta gidip kitab\u0131n\u0131z\u0131 se\u00e7iyorsunuz. Formu doldurup arzunuzu yetkili \u015fahsa iletiyorsunuz; kitab\u0131n\u0131z\u0131 al\u0131nca m\u00fcnasip bir masaya oturuyorsunuz. Her \u015fey ayn\u0131, lakin burada kitaplar canl\u0131&#8230; Okumak demek, bu projede \u2018kitab\u0131\u2019 konu\u015fturmak, merak ettiklerinizi sorman\u0131z demek. Ama\u00e7 birbirini tan\u0131mayan iki insan\u0131n muhabbeti de\u011fil tabii, bu okurla kitap bulu\u015fmas\u0131nda ba\u015fka bir gaye var. <!--more-->Kitaplar\u0131n hepsi t\u00fcrl\u00fc \u015fekillerde toplumsal ayr\u0131mc\u0131l\u0131\u011fa maruz kalan, \u2018\u00f6teki\u2019 g\u00f6z\u00fcyle bak\u0131lan ve sadece bu kimlikleri y\u00fcz\u00fcnden itilen, hayatlar\u0131 zorla\u015ft\u0131r\u0131lan insanlar; etnik, dinsel, cinsel, k\u00fclt\u00fcrel, politik az\u0131nl\u0131klar&#8230;<\/p>\n<p style=\"text-align: justify;\">Toplum G\u00f6n\u00fcll\u00fcleri Vakf\u0131 ve \u0130stanbul Bilgi \u00dcniversitesi Gen\u00e7lik \u00c7al\u0131\u015fmalar\u0131 Birimi imzal\u0131, 2010 Avrupa K\u00fclt\u00fcr Ba\u015fkenti Ajans\u0131 destekli Ya\u015fayan K\u00fct\u00fcphane (www.yasayankutuphane.net), ilk kez 2007 Bar\u0131\u015farock\u2019ta denendi. Sonra bir Bar\u0131\u015farock daha, Gepgen\u00e7 Festivali, Sivil Sesler, T\u00fcyap Kitap Fuar\u0131 derken \u015fimdi de 13-14 ve 16 \u015eubat\u2019ta 15.00-19.00 saatlerinde !f \u0130stanbul AFM Uluslararas\u0131 Ba\u011f\u0131ms\u0131z Filmler Festivali kapsam\u0131nda, festival merkezi The Hall\u2019da okuyucular\u0131n\u0131 bekleyecekler.\u015eimdiye kadar Ya\u015fayan K\u00fct\u00fcphane\u2019den 150\u2019ye yak\u0131n kitap, 2 bin 500\u2019e yak\u0131n okuyucu ge\u00e7ti. Orijinal fikir Danimarka\u2019da, etnik \u00e7at\u0131\u015fmalar\u0131n ya\u015fand\u0131\u011f\u0131 ve nihayetinde bir ki\u015finin \u00f6ld\u00fc\u011f\u00fc bir mahalle \u00fczerine yap\u0131lan \u00e7al\u0131\u015fmadan do\u011fmu\u015f. Siftah, 2000 Roskilde Festivali. Sonra Avrupa Komisyonu\u2019nun dikkatini \u00e7eken proje, ayr\u0131mc\u0131l\u0131\u011f\u0131n ya\u015fand\u0131\u011f\u0131, nefret su\u00e7lar\u0131n\u0131n i\u015flendi\u011fi hemen her \u00fclkeye yay\u0131lm\u0131\u015f. Toplum G\u00f6n\u00fcll\u00fcleri Vakf\u0131, tecr\u00fcbe kazand\u0131\u011f\u0131 projenin ba\u015fka STK\u2019larca da denenmek istenmesi halinde deste\u011fe a\u00e7\u0131k.<br \/>\nYa\u015fayan K\u00fct\u00fcphane Koordinat\u00f6r\u00fc Umut Karape\u00e7e, bu i\u015fe giri\u015firken ba\u015fta bir anket yaparak bir \u00f6nyarg\u0131 katalo\u011fu olu\u015fturduklar\u0131ndan bahsediyor. 18-20 konu ba\u015fl\u0131\u011f\u0131 b\u00f6yle \u00e7\u0131km\u0131\u015f. \u015eu an 60\u2019\u0131n \u00fczerinde kitap-insan var listelerinde. Onlar\u0131 se\u00e7erken de \u201cKendi konu ba\u015fl\u0131\u011f\u0131na dair d\u00fc\u015f\u00fcnen, o konuda faaliyetleri olan, \u2018biz\u2019 diye konu\u015fabilecek\u201d kitaplar\u0131 tercih ettiklerini s\u00f6yl\u00fcyor.<br \/>\nBir \u015fik\u00e2yet varsa, kimi zaman kara cehaleti ortaya seren sorulardan olabilir. Ya da en demokrat, \u00f6zg\u00fcrl\u00fck\u00e7\u00fc, \u00e7a\u011fda\u015f g\u00f6r\u00fcnenlerin i\u00e7inde uyuyan ayr\u0131mc\u0131y\u0131 deh\u015fetle fark etmenin hayal k\u0131r\u0131kl\u0131\u011f\u0131 an\u0131labilir.<br \/>\nPop\u00fcler kitaplar da yerine g\u00f6re de\u011fi\u015fiyor. \u00d6rne\u011fin Kitap Fuar\u0131\u2019nda en \u00e7ok lezbiyen kitap \u2018okunmu\u015f\u2019; Bar\u0131\u015farock\u2019ta eski uyu\u015fturucu ba\u011f\u0131ml\u0131s\u0131&#8230; Ba\u015fka bir faaliyet i\u00e7in zaten toplanm\u0131\u015f, \u00e7e\u015fitli ama fikren bir nebze a\u00e7\u0131k insanlarla \u00e7al\u0131\u015fmay\u0131 tercih ettiklerini s\u00f6yl\u00fcyor: \u201cRadikal yerlerde, \u00f6rne\u011fin \u00e7ok milliyet\u00e7i bir ortamda yapmak fantezi olur\u201d derken, transseks\u00fcel Seyhan Arman kesiyor laf\u0131n\u0131: \u201cBen milliyet\u00e7i bir ortamda kitap olmay\u0131 \u00e7ok isterim. Evet, zorlanabiliriz ama yap\u0131lamaz de\u011fil. Belki bu da senin \u00f6nyarg\u0131nd\u0131r&#8230;\u201d<\/p>\n<p style=\"text-align: justify;\">\u2018\u00c7ok g\u00fczelsin\u2019 ne demek?<br \/>\nSeyhan Arman<\/p>\n<p style=\"text-align: justify;\">\u201c29 ya\u015f\u0131nday\u0131m, 30 y\u0131ld\u0131r, ana rahmine d\u00fc\u015ft\u00fc\u011f\u00fcmden beri transsek-s\u00fcelim. Ama trans ge\u00e7i\u015fimi 2001\u2019de tamamlad\u0131m.\u201d Seyhan Arman, \u00f6nceki iki kitap olma tecr\u00fcbesinde bunun alt\u0131n\u0131 \u00e7izdi\u011fini s\u00f6yl\u00fcyor; s\u0131k\u0131lmadan cinsel kimli\u011fine dair genelge\u00e7er \u2018tercih\u2019, \u2018sapk\u0131nl\u0131k\u2019 kli\u015felerini kar\u015f\u0131s\u0131ndakine izah ediyor.<br \/>\n14 ya\u015f\u0131ndan beri tiyatroyla ilgili; bu u\u011furda do\u011fdu\u011fu Adana\u2019dan \u0130stanbul\u2019a ta\u015f\u0131nm\u0131\u015f. Cem Ba\u015feskio\u011flu\u2019yla \u00e7al\u0131\u015fm\u0131\u015f. \u015eu ara sinema ve dizi d\u00fcnyas\u0131nda. En sinirlendi\u011fi de transseks\u00fcel rollerinin erkeklere verilmesi. Kad\u0131n rol\u00fc i\u00e7in zaten \u00fcmidi yok.<br \/>\nArman, varl\u0131\u011f\u0131yla, otob\u00fcse, metroya binerek aktivizm yapt\u0131\u011f\u0131n\u0131 s\u00f6yl\u00fcyor. LGBT (Lezbiyen, gay, biseks\u00fcel, transseks\u00fcel) bireyleri ve HIV+\u2019leri ilgilendiren m\u00fccadelelerde zaten aktif. Baba taraf\u0131ndan K\u00fcrt ve Alevi, ama bunlar ona g\u00f6re cinsel kimli\u011finin gerisinde. Transseks\u00fcel bir kitap olarak zaten \u00e7ok hik\u00e2yesi var. \u00d6yle de tatl\u0131 anlat\u0131yor ki&#8230;<br \/>\n\u201cKonu\u015fkan oldu\u011fum i\u00e7in ben lafa giriyorum. \u00d6nyarg\u0131yla geliyorlar zaten, belki de beni a\u015fa\u011f\u0131lamaya gelmi\u015f, olabilir. \u00d6nce neden bir transseks\u00fcel kitap okumak istedi\u011fini soruyorum, sonra s\u0131f\u0131rdan transseks\u00fcellik nedir onu anlat\u0131yorum. Ba\u015fta tutuk bile olsalar sonra a\u00e7\u0131l\u0131yorlar. Kuaf\u00f6r\u00fcm\u00fc de soran \u00e7\u0131k\u0131yor, estetik yapt\u0131r\u0131p yapt\u0131rmad\u0131\u011f\u0131m\u0131 da. Ailemle ilgili soru geliyor. Cevap vermek istemedi\u011fim soru yok. Cinsel hayatla ilgili soru geliyor, kimlerle \u00e7\u0131kt\u0131\u011f\u0131m\u0131 merak ediyorlar.<br \/>\nBeni ba\u015f\u0131 \u00f6rt\u00fcl\u00fc han\u0131mlar \u00e7ok okuyor. Erkeklerden de daha \u00e7ok gen\u00e7ler&#8230; Orta ya\u015fl\u0131lar benimle konu\u015fmalar\u0131n\u0131n yanl\u0131\u015f alg\u0131lanabilece\u011fini d\u00fc\u015f\u00fcn\u00fcyor olabilir. Sevgilisiyle gelen de var.<br \/>\n\u00d6nyarg\u0131lar\u0131m\u0131n olmad\u0131\u011f\u0131n\u0131 d\u00fc\u015f\u00fcn\u00fcrd\u00fcm ama onlar beni okurken ben de \u00f6\u011freniyorum. Anne taraf\u0131mda b\u00fct\u00fcn akrabalar\u0131m\u0131n ba\u015f\u0131 kapal\u0131yken ben de \u2018t\u00fcrban\u2019 diyordum. Birka\u00e7 ba\u015f\u0131 \u00f6rt\u00fcl\u00fc okurdan t\u00fcrban de\u011fil, ba\u015f\u00f6rt\u00fcs\u00fc denmesi gerekti\u011fini \u00f6\u011frendim. Transseks\u00fcel bir kad\u0131n i\u00e7in \u2018d\u00f6nme\u2019 ne demekse t\u00fcrban da onlar i\u00e7in oymu\u015f \u00e7\u00fcnk\u00fc.<br \/>\nBen seks i\u015f\u00e7ili\u011fi yapm\u0131yorum. Ya da trafik polisi bana hi\u00e7 ceza kesmedi. Ama bir g\u00fcnde \u00fc\u00e7 ceza kesilen transseks\u00fcel arkada\u015f\u0131m\u0131 yok sayamam. Ondan da bahsediyorum. Halk\u0131m\u0131zda sahnedekini alk\u0131\u015flay\u0131p yolda g\u00f6rd\u00fc\u011f\u00fcn\u00fcn y\u00fcz\u00fcne t\u00fck\u00fcrme vard\u0131r. \u2018Ya Seyhan ne kadar farkl\u0131&#8230;\u2019 demelerini sevmiyorum. Seyhan ya da B\u00fclent Ersoy ya da Tarlaba\u015f\u0131\u2019nda seks i\u015f\u00e7isi, aram\u0131zda fark yok. Ama emin olsunlar, tan\u0131salar Ay\u015fe\u2019nin de ba\u015fka bir farkl\u0131l\u0131\u011f\u0131 var.<br \/>\nTransseks\u00fcel deyince insanlar\u0131n akl\u0131na gelen eli fal\u00e7atal\u0131 insanlar; travesti deh\u015feti&#8230; Benim bunlar\u0131n i\u00e7inde olmad\u0131\u011f\u0131m\u0131 d\u00fc\u015f\u00fcn\u00fcyorlar. Hay\u0131r, ben de iki kere televizyona \u00e7\u0131kt\u0131m. Birtak\u0131m adamlar iki kad\u0131na sald\u0131rd\u0131klar\u0131nda transseks\u00fcel arkada\u015flar\u0131-m\u0131z tart\u0131\u015f\u0131rken, tesad\u00fcfen ben de oradan ge\u00e7iyordum, kavgaya kar\u0131\u015ft\u0131m; televizyonda da \u00e7ok net g\u00f6r\u00fcnd\u00fcm. Olabiliyor i\u015fte.<br \/>\nBug\u00fcne kadar sadece bir ki\u015finin laf olsun diye geldi\u011fini hissettim, onun d\u0131\u015f\u0131nda can\u0131m\u0131 s\u0131kan olmad\u0131. Zaten ya sayg\u0131dan, ya travesti deh\u015feti olur diye mi bilmiyorum, korkudan, insanlar \u00e7ok d\u00fczg\u00fcn davran\u0131yor.<br \/>\n\u2018\u00c7ok g\u00fczelsin\u2019 denmesi beni sinir ediyor. \u00d6zellikle kad\u0131nlar \u2018Benden bile g\u00fczelsin\u2019 diyor mesela. Bak\u0131yorum, abla sen zaten g\u00fczel de\u011filsin ki! Beni erkek gibi g\u00f6rd\u00fc\u011f\u00fcn\u00fc, a\u015fa\u011f\u0131lad\u0131\u011f\u0131n\u0131 d\u00fc\u015f\u00fcn\u00fcyorum o lafla. Kad\u0131na benzemi\u015fsin demek istiyor. Ya da sa\u00e7\u0131m\u0131 peruk sanmalar\u0131, y\u00fcz\u00fcmde estetik oldu\u011funu d\u00fc\u015f\u00fcnmeleri beni rahats\u0131z ediyor. Aynada kendimi g\u00fczel buluyorum tabii ki, ama o laf\u0131 fiziksel olarak y\u00fcz\u00fcne bak\u0131lmayacak biri olsayd\u0131m dahi s\u00f6yleyecekti. Samimi gelmiyor yani&#8230;\u201d<\/p>\n<p style=\"text-align: justify;\">\u2018A, sen iyi K\u00fcrt\u2019m\u00fc\u015fs\u00fcn!\u2019<br \/>\nSerdar Dan\u0131\u015f<\/p>\n<p style=\"text-align: justify;\">Bir transseks\u00fcelin sadece \u2018trans\u2019 d\u00f6nemi bile bir hik\u00e2ye&#8230; Ya\u015fayan K\u00fct\u00fcphane\u2019de insanlar bir K\u00fcrt\u2019e dair ne merak eder, ba\u015fl\u0131 ba\u015f\u0131na bir merak konusuydu \u015fahs\u0131m ad\u0131na. Hi\u00e7 mi bir K\u00fcrt arkada\u015flar\u0131 olmam\u0131\u015f mesela&#8230;<br \/>\n26 ya\u015f\u0131ndaki Serdar Dan\u0131\u015f, K\u0131z\u0131ltepe\u2019ye ba\u011fl\u0131 k\u00f6y\u00fc bo\u015falt\u0131ld\u0131\u011f\u0131 i\u00e7in Mardin merkezde b\u00fcy\u00fcyen bir K\u00fcrt. K\u00fc\u00e7\u00fckl\u00fckten resim merakl\u0131s\u0131, sonra i\u00e7 mimarl\u0131k okumu\u015f, \u0130stanbul\u2019a kadar s\u00fcr\u00fcklenmi\u015f. Fakat gelen sorular ma\u011fara seviyesinden ba\u015fl\u0131yor ne yaz\u0131k ki&#8230;<br \/>\n\u201cGenelde yanl\u0131\u015f bilinenler de, \u00f6nyarg\u0131lar da \u00e7ok fazla. \u00d6rne\u011fin \u2018Siz nas\u0131l ya\u015f\u0131yorsunuz, nerede ya\u015f\u0131yorsunuz?\u2019 diye soran oluyor. Bu projede de\u011fil, daha \u00f6nce, hem de avukat olan bir insan bana \u2018Ma\u011farada d\u0131\u015far\u0131yla nas\u0131l ileti\u015fim kuruyorsunuz?\u2019 diye sordu\u011fu i\u00e7in al\u0131\u015fk\u0131n\u0131m. Sanki ba\u015fka bir boyuttay\u0131z&#8230; Bir de toplumda K\u00fcrtler deyince olu\u015fan bir \u2018k\u0131ro\u2019 anlay\u0131\u015f\u0131 var. Bunu dile getiren de oluyor. B\u00f6yle \u015feylere cevap vermek benim i\u00e7in zor de\u011fil, sakin bir insan\u0131m. Bir s\u00fcr\u00fc zorlu\u011fu zaten g\u00fcnl\u00fck hayat\u0131m\u0131zda da ya\u015fam\u0131\u015f\u0131z.<br \/>\nK\u00fc\u00e7\u00fckl\u00fc\u011f\u00fcmden bir resim merak\u0131m vard\u0131. K\u00f6yde ta\u015flardan heykeller meykeller, ku\u015f fig\u00fcrleri yapard\u0131m. Etrafta \u00f6yle yol g\u00f6steren falan yok. Benimki tamamen \u00e7ok yaln\u0131z kalmaktan ve can s\u0131k\u0131nt\u0131s\u0131ndan&#8230; Sonra Mardin\u2019e ta\u015f\u0131n\u0131nca Mardin Gen\u00e7lik K\u00fclt\u00fcrevi\u2019nde resim kursuna ba\u015flad\u0131m. Hatta bir s\u00fcre sonra ayn\u0131 yerde ben ders vermeye ba\u015flad\u0131m. B\u00f6ylelikle bir sanat camias\u0131na girmi\u015f bulundum. Baya\u011f\u0131 h\u0131rs yapt\u0131m, ressam olmak istedim, ama sonra i\u00e7 mimar oldum. Adana\u2019da G\u00fczel Sanatlar okudum. \u015eimdi de 2010 \u0130stanbul Avrupa K\u00fclt\u00fcr Ba\u015fkenti E\u011fitim Y\u00f6netmenli\u011fi\u2019nde asistanl\u0131k yap\u0131yorum.<br \/>\nBana kar\u015f\u0131 \u00f6nyarg\u0131lar\u0131 olanlarla konu\u015fmak ho\u015fuma gidiyor. B\u00fct\u00fcn K\u00fcrtleri temsil etmedi\u011fimin alt\u0131n\u0131 \u00e7iziyorum, kendi hayat\u0131m\u0131 anlat\u0131yorum. Daha \u00f6nce kitap oldu\u011fumda a\u00e7\u0131l\u0131m meselesi yoktu ama az da olsa siyasi sorular geliyor. Benimle konu\u015fmalar\u0131n\u0131 istedi\u011fim i\u00e7in bana \u00d6calan\u2019\u0131 sorduklar\u0131nda verece\u011fim cevap yok. \u00d6yle ki, ayr\u0131l\u0131rken bana \u2018Sen iyi K\u00fcrt\u2019m\u00fc\u015fs\u00fcn\u2019 diyen \u00e7\u0131k\u0131yor. \u0130yi K\u00fcrt-k\u00f6t\u00fc K\u00fcrt diye bir \u015fey olabilir mi? \u0130yi insan-k\u00f6t\u00fc insan vard\u0131r; ben b\u00f6yle yakla\u015f\u0131yorum.<br \/>\nBenim en g\u0131c\u0131k ald\u0131\u011f\u0131m \u015fey, \u2018Mardinliyim\u2019 deyince insanlar\u0131n hemen \u2018Ay Mardin\u2019i \u00e7ok severim\u2019 demesi ama hi\u00e7biri gitmemi\u015f. Bir yandan ba\u015f\u0131n ok\u015fan\u0131yor, mutlu edilmeye \u00e7al\u0131\u015f\u0131l\u0131yorsun, bir yandan ressam bir K\u00fcrt fikrinin bile farkl\u0131 geldi\u011fi insanlar var. Bir kez bir okuyucu K\u00fcrt kitab\u0131 se\u00e7mi\u015f, etraf\u0131na bak\u0131n\u0131yor, kafas\u0131nda nas\u0131l bir \u015fekil varsa \u2018Merhaba, ben Serdar\u2019 dedi\u011fimde afallad\u0131. Bunu hissetmek de iyi bir \u015fey de\u011fil.<br \/>\nBir de \u00e7ok enteresan bir \u015feyle kar\u015f\u0131la\u015fm\u0131\u015ft\u0131m. Daha konu\u015fmaya ba\u015flarken \u2018Benim \u00e7ok \u00f6nyarg\u0131lar\u0131m vard\u0131r\u2019 diyen bir okuyucum, \u2018Kuyru\u011fun nerede?\u2019 diye sormu\u015ftu bana. \u00c7ok garipti, g\u00fcld\u00fck ama sonra ara\u015ft\u0131rd\u0131m, b\u00f6yle bir s\u00f6ylenti varm\u0131\u015f K\u00fcrtlerin kuyru\u011fu oldu\u011funa dair&#8230; Ya da \u2018Sen nas\u0131l \u00fcniversiteye girdin, yetenek s\u0131nav\u0131n\u0131 nas\u0131l kazand\u0131n?\u2019 gibi sorular gelebiliyor. Ne demek, ben de bu \u00fclkede ya\u015f\u0131yorum, s\u0131nava girip \u00fcniversiteye gidiyorum i\u015fte&#8230;<br \/>\n\u015eunu da s\u00f6ylemek laz\u0131m; G\u00fczel Sanatlar\u2019da okuyan tek Do\u011fulu bendim, ba\u015fta tedirgindim, K\u00fcrt oldu\u011fumu saklam\u0131\u015ft\u0131m. Baz\u0131 \u015feyler a\u015f\u0131lmaya daha yava\u015f yava\u015f ba\u015flan\u0131yor.\u201d<\/p>\n<p style=\"text-align: justify;\">\u2018K\u00fct\u00fcphane\u2019de kimler var?<br \/>\nYahudi, feminist, eski uyu\u015fturucu ba\u011f\u0131ml\u0131s\u0131, Ermeni, Alevi, g\u00f6rme engelli, hakem, hem\u015fire, K\u00fcrt, \u015fizofren, HIV+, Laz, Rum, bankac\u0131, Arap, avukat, psikolog, sivil toplum kurulu\u015fu \u00e7al\u0131\u015fan\u0131, lezbiyen, Roman, T\u00fcrkiye\u2019de ya\u015fayan yabanc\u0131, ressam, barmaid, akademisyen, ba\u015f \u00f6rt\u00fcl\u00fc, modac\u0131, Yunan, \u00c7erkez, \u00d6SS dereceli&#8230;<\/p>\n<p style=\"text-align: justify;\">\u2018\u00d6nce tokala\u015fmayanlar, sonra sar\u0131l\u0131yor\u2019<br \/>\nBir kitap olarak cismiyle insanlar\u0131n kar\u015f\u0131s\u0131na \u00e7\u0131k\u0131yor ama hayat\u0131n\u0131 daha da zorla\u015ft\u0131rmamak i\u00e7in foto\u011fraf \u00e7ektirmek istemedi; ismini de bilmeniz \u015fart de\u011fil. Sadece ayr\u0131mc\u0131l\u0131k vir\u00fcs\u00fcnden mustarip bir HIV+ oldu\u011funu bilin. 30 ya\u015f\u0131nda, sivil toplum alan\u0131nda \u00e7al\u0131\u015f\u0131yor. O vir\u00fcs\u00fcyle ya\u015famay\u0131 \u00f6\u011frenmi\u015f, ama onun d\u0131\u015f\u0131ndakiler?<br \/>\n\u201cHIV+ bir ki\u015fiyle vakit ge\u00e7iren insanlar \u00f6nyarg\u0131 ve negatif ayr\u0131mc\u0131 tutumlar\u0131ndan daha kolay vazge\u00e7ebiliyor. Bir \u015fekilde toplumun d\u00f6n\u00fc\u015f\u00fcm\u00fcn\u00fc birinci a\u011f\u0131zdan yapabilme f\u0131rsat\u0131 bulmak, benim i\u00e7in bu projenin en motive eden y\u00f6n\u00fc.<br \/>\nDaha \u00f6nceki kitap olma tecr\u00fcbemde daha \u00e7ok vir\u00fcs\u00fc nas\u0131l ve neden kapt\u0131\u011f\u0131mla ilgili soru geldi. Yan\u0131tlarken do\u011fru c\u00fcmleleri kurma a\u015famas\u0131nda g\u00fc\u00e7l\u00fck \u00e7ekiyordum. HIV+ bireyler uygunsuz davran\u0131\u015flar\u0131 sonucunda bu vir\u00fcs\u00fc alm\u0131\u015flar gibi bir anlay\u0131\u015f h\u00e2kim. \u00c7\u00fcnk\u00fc \u00f6nce akla cinsel yolla bula\u015ft\u0131\u011f\u0131 geliyor. Ama kan nakli s\u0131ras\u0131nda alm\u0131\u015f da olabilirim. Korunmas\u0131z cinsel ili\u015fki sonucu bile olsa, bunun \u015fu an ya\u015fad\u0131klar\u0131m\u0131 de\u011fi\u015ftirmeyece\u011fini s\u00f6yleyerek, b\u00f6yle sorular\u0131 cevaplamay\u0131 zaman kayb\u0131 g\u00f6r\u00fcyorum. \u0130nsanlar bir\u00e7ok kronik rahats\u0131zl\u0131\u011fa maruz kalabiliyor. Buna harcanacak vakti tedavi, \u00f6nyarg\u0131, t\u0131bbi boyut gibi konular i\u00e7in kullanmak daha yararl\u0131.<br \/>\nOnun d\u0131\u015f\u0131nda en \u00e7ok merak edilenler ila\u00e7lar\u0131n ne i\u015fe yarad\u0131\u011f\u0131, yan etkileri&#8230; \u2018Hayat\u0131n\u0131zda birisi oldu\u011funda HIV+ oldu\u011funuzu nas\u0131l s\u00f6yleyebiliyorsunuz, aileniz biliyor mu, \u00f6lmekten korkmuyor musunuz, \u00f6\u011frendi\u011finizde neler hissettiniz\u2019 gibi sorular \u00e7o\u011funlukta. \u2018Nas\u0131l test yapt\u0131r\u0131l\u0131r, pozitif \u00e7\u0131karsa tedavi \u00fccreti nedir, hayat\u0131n sa\u011fl\u0131kl\u0131 devam etmesi i\u00e7in neler yapmal\u0131y\u0131z\u2019 gibi sorularla devam ediyorlar.<br \/>\nYanl\u0131\u015f bilgiler y\u00fcz\u00fcnden vir\u00fcs\u00fcn bula\u015faca\u011f\u0131n\u0131 sanarak ilk g\u00f6r\u00fc\u015fmede, elimi uzatt\u0131\u011f\u0131mda s\u0131kmayanlar oluyor. Sonunda ger\u00e7ekten \u00f6nyarg\u0131y\u0131 k\u0131rd\u0131\u011f\u0131m\u0131 hissedebiliyorum. \u00c7\u00fcnk\u00fc elimi s\u0131kmaktan \u00e7ekinen ki\u015fi g\u00f6r\u00fc\u015fme bitti\u011finde bir hayranl\u0131k ve sevgi seliyle s\u0131k\u0131 s\u0131k\u0131 sar\u0131l\u0131p \u00f6p\u00fcp kucakl\u0131yor, \u00f6z\u00fcr diliyor.<br \/>\nGer\u00e7ek hayatta \u00e7e\u015fitli ayr\u0131mc\u0131l\u0131k \u00f6rneklerine maruz kal\u0131yoruz zaten. HIV+ olmam nedeniyle i\u015ften \u00e7\u0131kar\u0131lma riskimin olmas\u0131, hastanenin farkl\u0131 bir b\u00f6l\u00fcm\u00fcnde HIV+ oldu\u011fumu s\u00f6yledi\u011fimde tedavimin reddedilmeye \u00e7al\u0131\u015f\u0131lmas\u0131 ya da sadece HIV+ olmam sebebiyle en son s\u0131raya al\u0131nmak&#8230;<br \/>\nHIV\u2019le ya\u015famak hayatta \u00e7ok \u015fey de kazand\u0131rd\u0131. D\u00fcnyay\u0131, \u00e7evreyi, insanlar\u0131 farkl\u0131 g\u00f6r\u00fcyorum, alg\u0131l\u0131yorum. Bu kimli\u011fimi biriyle payla\u015ft\u0131\u011f\u0131mda ko\u015fulsuz sevginin varl\u0131\u011f\u0131n\u0131 s\u0131nayabilece\u011fim bir g\u00fcce sahibim. Hastal\u0131\u011f\u0131m\u0131 anlatt\u0131\u011f\u0131mda benden uzakla\u015fan biri i\u00e7in \u00fcz\u00fclm\u00fcyorum. \u00c7\u00fcnk\u00fc zaten ona hi\u00e7 sahip olmam\u0131\u015f\u0131m, o beni kaybetmi\u015f oldu g\u00f6z\u00fcyle bak\u0131yorum, ki bence ger\u00e7ek de bu.\u201d<\/p>\n<p style=\"text-align: justify;\">Kaynak: http:\/\/www.radikal.com.tr<\/p>\n","protected":false},"excerpt":{"rendered":"<p>Bir k\u00fct\u00fcphane d\u00fc\u015f\u00fcn\u00fcn, ayn\u0131 mant\u0131kta gidip kitab\u0131n\u0131z\u0131 se\u00e7iyorsunuz. Formu doldurup arzunuzu yetkili \u015fahsa iletiyorsunuz; kitab\u0131n\u0131z\u0131 al\u0131nca m\u00fcnasip bir masaya oturuyorsunuz. Her \u015fey ayn\u0131, lakin burada kitaplar canl\u0131&#8230; Okumak demek, bu projede \u2018kitab\u0131\u2019 konu\u015fturmak, merak ettiklerinizi sorman\u0131z demek. Ama\u00e7 birbirini tan\u0131mayan iki insan\u0131n muhabbeti de\u011fil tabii, bu okurla kitap bulu\u015fmas\u0131nda ba\u015fka bir gaye var.<\/p>\n","protected":false},"author":1,"featured_media":0,"comment_status":"open","ping_status":"open","sticky":false,"template":"","format":"standard","meta":{"footnotes":""},"categories":[1],"tags":[168],"class_list":["post-1742","post","type-post","status-publish","format-standard","hentry","category-genel","tag-yasayan-kutuphane"],"_links":{"self":[{"href":"https:\/\/www.bbyhaber.com\/bby\/wp-json\/wp\/v2\/posts\/1742"}],"collection":[{"href":"https:\/\/www.bbyhaber.com\/bby\/wp-json\/wp\/v2\/posts"}],"about":[{"href":"https:\/\/www.bbyhaber.com\/bby\/wp-json\/wp\/v2\/types\/post"}],"author":[{"embeddable":true,"href":"https:\/\/www.bbyhaber.com\/bby\/wp-json\/wp\/v2\/users\/1"}],"replies":[{"embeddable":true,"href":"https:\/\/www.bbyhaber.com\/bby\/wp-json\/wp\/v2\/comments?post=1742"}],"version-history":[{"count":0,"href":"https:\/\/www.bbyhaber.com\/bby\/wp-json\/wp\/v2\/posts\/1742\/revisions"}],"wp:attachment":[{"href":"https:\/\/www.bbyhaber.com\/bby\/wp-json\/wp\/v2\/media?parent=1742"}],"wp:term":[{"taxonomy":"category","embeddable":true,"href":"https:\/\/www.bbyhaber.com\/bby\/wp-json\/wp\/v2\/categories?post=1742"},{"taxonomy":"post_tag","embeddable":true,"href":"https:\/\/www.bbyhaber.com\/bby\/wp-json\/wp\/v2\/tags?post=1742"}],"curies":[{"name":"wp","href":"https:\/\/api.w.org\/{rel}","templated":true}]}}