{"id":17409,"date":"2015-08-14T13:17:05","date_gmt":"2015-08-14T10:17:05","guid":{"rendered":"http:\/\/www.bbyhaber.com\/bby\/?p=17409"},"modified":"2015-08-14T13:18:50","modified_gmt":"2015-08-14T10:18:50","slug":"13-yilda-39-kutuphane-recai-seyhoglu","status":"publish","type":"post","link":"https:\/\/www.bbyhaber.com\/bby\/2015\/08\/14\/13-yilda-39-kutuphane-recai-seyhoglu","title":{"rendered":"13 y\u0131lda 39 k\u00fct\u00fcphane-Recai \u015eeyho\u011flu"},"content":{"rendered":"<p style=\"text-align: justify;\"><a href=\"http:\/\/bbyhaber.com\/bby\/wp-content\/uploads\/2015\/08\/rasime-recai-seyhoglu-kutuphane.jpg\"><img loading=\"lazy\" decoding=\"async\" class=\"alignleft\" src=\"http:\/\/bbyhaber.com\/bby\/wp-content\/uploads\/2015\/08\/rasime-recai-seyhoglu-kutuphane.jpg\" alt=\"\" width=\"247\" height=\"158\" \/><\/a>\u00dclke genelinde k\u00fct\u00fcphaneler a\u00e7an yazar Recai \u015eeyho\u011flu\u2019nun \u0130zmir\u2019in Bergama \u0130l\u00e7esi\u2019ne ba\u011fl\u0131 Demircidere Mahallesi\u2019nde restore ettirdi\u011fi iki bina, Etnografya M\u00fczesi ve An\u0131 Evi olarak hizmete girdi. Kozak Yaylas\u0131\u2019nda bulunan Demircidere Mahallesi\u2019nde iki eski bina restore edilerek an\u0131 evi ve etnografya m\u00fczesine d\u00f6n\u00fc\u015ft\u00fcr\u00fcld\u00fc. \u00dclke genelinde k\u00fct\u00fcphaneler a\u00e7an yazar Recai \u015eeyho\u011flu\u2019nun 90 ya\u015f\u0131na merdiven dayayan emekli \u00f6\u011fretmen annesinin ki\u015fisel e\u015fyalar\u0131n\u0131n yer ald\u0131\u011f\u0131 an\u0131 evi ile m\u00fczenin a\u00e7\u0131l\u0131\u015f\u0131; t\u00f6renle ger\u00e7ekle\u015fti.<!--more--> \u0130zmir Valisi Mustafa Toprak, \u0130zmir \u0130l Jandarma Komutan\u0131 K\u0131demli Albay Hasan Ko\u00e7yi\u011fit, \u0130zmir K\u00fclt\u00fcr ve Turizm M\u00fcd\u00fcr\u00fc Abd\u00fclaziz Ediz, Bergama Kaymakam\u0131 Osman Nuri Canatan, CHP\u2019li Bergama Belediye Ba\u015fkan\u0131 Mehmet G\u00f6nen\u00e7, Bergama Garnizon komutan\u0131 Kd. Albay Zeynel Abidin Demirta\u015f, <strong>T\u00fcrk K\u00fct\u00fcphaneciler Derne\u011fi Genel Ba\u015fkan Yard\u0131mc\u0131s\u0131 Ayd\u0131n \u0130leri<\/strong>, daire m\u00fcd\u00fcrleri ve vatanda\u015flar t\u00f6rene kat\u0131ld\u0131.<\/p>\n<p style=\"text-align: justify;\"><strong>D\u00dcNYA M\u0130RASI BERGAMA<\/strong><br \/>\n<a href=\"http:\/\/img.hurriyet.com.tr\/_np\/5650\/30815650.jpg\"><img loading=\"lazy\" decoding=\"async\" class=\"alignleft\" src=\"http:\/\/img.hurriyet.com.tr\/_np\/5650\/30815650.jpg\" alt=\"\" width=\"258\" height=\"167\" \/><\/a>Konu\u015fma yapan Bergama Belediye Ba\u015fkan\u0131 CHP\u2019li Mehmet G\u00f6nen\u00e7, Bergama\u2019n\u0131n 2014\u2019te UNESCO\u2019nun tesciliyle t\u00fcm d\u00fcnyan\u0131n 999\u2019uncu miras\u0131 oldu\u011funu hat\u0131rlatt\u0131. Kozak Yaylas\u0131\u2019ndaki Demircidere Mahallesi\u2019nin turizme a\u00e7\u0131k olan bir yer oldu\u011funu belirten Ba\u015fkan G\u00f6nen\u00e7, &#8220;Bug\u00fcn burada bir an\u0131 evinin ve etnografya m\u00fczesinin a\u00e7\u0131lmas\u0131 hem Bergama\u2019n\u0131n hem de Demircidere\u2019nin ge\u00e7mi\u015ften g\u00fcn\u00fcm\u00fcze uzanan k\u00fclt\u00fcr ve sanat kenti kimli\u011fi ad\u0131na \u00e7ok yara\u015f\u0131r bir a\u00e7\u0131l\u0131\u015f oldu. Eme\u011fi ge\u00e7en t\u00fcm herkese te\u015fekk\u00fcr ediyorum&#8221; dedi.<\/p>\n<p style=\"text-align: justify;\">Bergama\u2019n\u0131n turizmdeki \u00f6nemine de\u011finen Vali Toprak. konu\u015fmas\u0131n\u0131n ard\u0131ndan Recai \u015eeyho\u011flu\u2019na te\u015fekk\u00fcr belgesi sundu. Ard\u0131ndan protokol \u00fcyeleri, etnografya m\u00fczesinin kurdelesini kesip, a\u00e7\u0131l\u0131\u015f\u0131n\u0131 yapt\u0131. M\u00fczenin ard\u0131ndan An\u0131 Evi\u2019ne ge\u00e7en protokol \u00fcyeleleri buradaki a\u00e7\u0131l\u0131\u015f\u0131 da ger\u00e7ekle\u015ftirip merkez hakk\u0131nda \u015eeyho\u011flu\u2019ndan bilgi ald\u0131.<\/p>\n<p style=\"text-align: justify;\"><strong>13 y\u0131lda 39 k\u00fct\u00fcphane<\/strong><br \/>\n2002\u2019den bu yana yurdun de\u011fi\u015fik b\u00f6lgelerinde 39 k\u00fct\u00fcphane a\u00e7t\u0131klar\u0131n\u0131 s\u00f6yleyen Recai \u015eeyho\u011flu, &#8220;Annem Rasime \u015eeyho\u011flu\u2019nun ismini \u00f6l\u00fcms\u00fczle\u015ftirmek, ge\u00e7mi\u015f ile gelecek aras\u0131nda bir k\u00fclt\u00fcr mekan\u0131 olu\u015fturarak bu k\u00f6y\u00fcn ve \u00e7evrenin insanlar\u0131na k\u00fct\u00fcphanecili\u011fi sevdirmek ad\u0131na, gelecek ku\u015faklara pozitif etkiler yarataca\u011f\u0131 inan\u0131yorum&#8221; dedi.<\/p>\n<p style=\"text-align: justify;\">Kaynak: http:\/\/www.hurriyet.com.tr\/<\/p>\n","protected":false},"excerpt":{"rendered":"<p>\u00dclke genelinde k\u00fct\u00fcphaneler a\u00e7an yazar Recai \u015eeyho\u011flu\u2019nun \u0130zmir\u2019in Bergama \u0130l\u00e7esi\u2019ne ba\u011fl\u0131 Demircidere Mahallesi\u2019nde restore ettirdi\u011fi iki bina, Etnografya M\u00fczesi ve An\u0131 Evi olarak hizmete girdi. Kozak Yaylas\u0131\u2019nda bulunan Demircidere Mahallesi\u2019nde iki eski bina restore edilerek an\u0131 evi ve etnografya m\u00fczesine d\u00f6n\u00fc\u015ft\u00fcr\u00fcld\u00fc. \u00dclke genelinde k\u00fct\u00fcphaneler a\u00e7an yazar Recai \u015eeyho\u011flu\u2019nun 90 ya\u015f\u0131na merdiven dayayan emekli \u00f6\u011fretmen annesinin [&hellip;]<\/p>\n","protected":false},"author":1,"featured_media":0,"comment_status":"open","ping_status":"open","sticky":false,"template":"","format":"standard","meta":{"footnotes":""},"categories":[1],"tags":[778],"class_list":["post-17409","post","type-post","status-publish","format-standard","hentry","category-genel","tag-recai-seyhoglu-kutuphaneleri"],"_links":{"self":[{"href":"https:\/\/www.bbyhaber.com\/bby\/wp-json\/wp\/v2\/posts\/17409"}],"collection":[{"href":"https:\/\/www.bbyhaber.com\/bby\/wp-json\/wp\/v2\/posts"}],"about":[{"href":"https:\/\/www.bbyhaber.com\/bby\/wp-json\/wp\/v2\/types\/post"}],"author":[{"embeddable":true,"href":"https:\/\/www.bbyhaber.com\/bby\/wp-json\/wp\/v2\/users\/1"}],"replies":[{"embeddable":true,"href":"https:\/\/www.bbyhaber.com\/bby\/wp-json\/wp\/v2\/comments?post=17409"}],"version-history":[{"count":0,"href":"https:\/\/www.bbyhaber.com\/bby\/wp-json\/wp\/v2\/posts\/17409\/revisions"}],"wp:attachment":[{"href":"https:\/\/www.bbyhaber.com\/bby\/wp-json\/wp\/v2\/media?parent=17409"}],"wp:term":[{"taxonomy":"category","embeddable":true,"href":"https:\/\/www.bbyhaber.com\/bby\/wp-json\/wp\/v2\/categories?post=17409"},{"taxonomy":"post_tag","embeddable":true,"href":"https:\/\/www.bbyhaber.com\/bby\/wp-json\/wp\/v2\/tags?post=17409"}],"curies":[{"name":"wp","href":"https:\/\/api.w.org\/{rel}","templated":true}]}}