{"id":17404,"date":"2015-08-13T13:39:41","date_gmt":"2015-08-13T10:39:41","guid":{"rendered":"http:\/\/www.bbyhaber.com\/bby\/?p=17404"},"modified":"2015-08-13T13:40:31","modified_gmt":"2015-08-13T10:40:31","slug":"gezici-kutuphane-bornova%e2%80%99da","status":"publish","type":"post","link":"https:\/\/www.bbyhaber.com\/bby\/2015\/08\/13\/gezici-kutuphane-bornova%e2%80%99da","title":{"rendered":"Gezici K\u00fct\u00fcphane Bornova\u2019da"},"content":{"rendered":"<p style=\"text-align: justify;\"><a href=\"http:\/\/bbyhaber.com\/bby\/wp-content\/uploads\/2015\/08\/gezici-kutuphane-bornova.jpg\"><img loading=\"lazy\" decoding=\"async\" class=\"alignleft\" src=\"http:\/\/bbyhaber.com\/bby\/wp-content\/uploads\/2015\/08\/gezici-kutuphane-bornova.jpg\" alt=\"\" width=\"238\" height=\"132\" \/><\/a>\u0130lk kez bu y\u0131l ba\u015flayan ve iki ay gibi k\u0131sa s\u00fcrede \u0130zmir&#8217;in imkanlar\u0131 k\u0131s\u0131tl\u0131 b\u00f6lgelerindeki okullar\u0131nda e\u011fitim g\u00f6ren 7 bin 500 ilk\u00f6\u011fretim \u00f6\u011frencisine hizmet veren \u201cGezici K\u00fct\u00fcphane\u201d, Yaz tatilinde ilk kez Bornova\u2019da kap\u0131lar\u0131n\u0131 a\u00e7t\u0131. \u0130NC\u0130VAK (Cevdet \u0130nci E\u011fitim Vakf\u0131) taraf\u0131ndan okuma al\u0131\u015fkanl\u0131\u011f\u0131n\u0131n art\u0131r\u0131lmas\u0131 amac\u0131yla hayata ge\u00e7irilen Gezici K\u00fct\u00fcphane, Bornova Belediyesi\u2019nin katk\u0131lar\u0131yla Cumhuriyet Meydan\u0131\u2019nda \u00e7ocuklarla bulu\u015ftu. E\u015fi Hikmet Atila ile birlikte \u00e7ocuklar\u0131n heyecan\u0131na ortak olan Bornova Belediye Ba\u015fkan\u0131 Olgun Atila, en \u00f6nemli yat\u0131r\u0131m insana yap\u0131lan yat\u0131r\u0131m oldu\u011funu s\u00f6yledi.<!--more--><\/p>\n<p style=\"text-align: justify;\">Bornova Belediyesi Kad\u0131n ve Aile Hizmetleri M\u00fcd\u00fcrl\u00fc\u011f\u00fc\u2019n\u00fcn \u00f6\u011frencilerinin yaz tatillerini daha verimli ge\u00e7irmeleri, kaybolan k\u00fct\u00fcphane k\u00fclt\u00fcr\u00fcn\u00fc ya\u015fatmak amac\u0131yla yapt\u0131\u011f\u0131 \u00e7al\u0131\u015fma yo\u011fun ilgi g\u00f6rd\u00fc. Y\u00fczlerce minik, daha ilk g\u00fcn\u00fcnde Gezici K\u00fct\u00fcphane\u2019ye ak\u0131n etti. K\u00fct\u00fcphaneye \u00fcye olan \u00e7ocuklar, ilk kitaplar\u0131n\u0131 alman\u0131n heyecan\u0131n\u0131 ya\u015fad\u0131. Kimi \u00e7imlere, kimi de meydandaki banklara oturarak, elindeki kitab\u0131 hemen okumaya koyuldu. Bornova Cumhuriyet Meydan\u0131\u2019ndaki etkinlik palya\u00e7olar ve y\u00fcz boyama etkinli\u011fi ile renklendi. Bornova Belediyesi minik kitap kurtlar\u0131na ikramlarda bulundu, minik hediyeleri verdi.<\/p>\n<p style=\"text-align: justify;\"><strong>En \u00f6nemli yat\u0131r\u0131m insana yap\u0131land\u0131r<\/strong><\/p>\n<p>Gezici K\u00fct\u00fcphane\u2019nin ilk g\u00fcnk\u00fc ziyaret\u00e7ileri aras\u0131nda Bornova Belediye Ba\u015fkan\u0131 Olgun Atila ile E\u015fi Hikmet Atila da vard\u0131. K\u00fct\u00fcphaneyi gezip yetkililerden bilgi alan Ba\u015fkan Atila, en \u00f6nemli yat\u0131r\u0131m\u0131n insana yap\u0131lan yat\u0131r\u0131m oldu\u011funu belirterek, \u201c\u0130\u015fte bu anlay\u0131\u015fla \u00e7ocuklar\u0131m\u0131z\u0131n e\u011fitimine b\u00fcy\u00fck \u00f6nem veriyoruz. Ayd\u0131nl\u0131k bir T\u00fcrkiye i\u00e7in onlar\u0131n d\u00fc\u015f\u00fcnen ve sorgulayan bireyler olarak yeti\u015fmesi, bunun i\u00e7inde ilk olarak kitap okuma al\u0131\u015fkanl\u0131\u011f\u0131 kazanmalar\u0131 gerekiyor\u201d dedi. Ba\u015fkan Atila, Bornova\u2019da kad\u0131nlar\u0131n, gen\u00e7lerin ve \u00e7ocuklar\u0131n d\u00f6nemi olaca\u011f\u0131n\u0131 da bir kez daha yineleyerek, bu do\u011frultuda projeler \u00fcretmeye devam edeceklerini ifade etti.<\/p>\n<p style=\"text-align: justify;\"><strong>4 noktada \u00e7ocuklarla bulu\u015facak<\/strong><\/p>\n<p>Gezici K\u00fct\u00fcphane, 13 A\u011fustos\u2019a kadar 17.00 -20.00 saatleri aras\u0131nda Bornova Cumhuriyet Meydan\u0131\u2019nda kalacak. 17-20 A\u011fustos, 24-27 A\u011fustos tarihleri aras\u0131nda B\u00fcy\u00fckpark, ard\u0131ndan da \u00c7amdibi Atat\u00fcrk Park\u0131\u2019nda minik \u00f6\u011frencilerle bulu\u015facak. 31 A\u011fustos\u2019tan 3 Eyl\u00fcl\u2019e kadar ise 18.00-21.00 saatleri aras\u0131nda A\u015f\u0131k Veysel Rekreasyon alan\u0131nda olacak.<\/p>\n<p style=\"text-align: justify;\">Kaynak: http:\/\/www.gercekgundem.com\/<\/p>\n","protected":false},"excerpt":{"rendered":"<p>\u0130lk kez bu y\u0131l ba\u015flayan ve iki ay gibi k\u0131sa s\u00fcrede \u0130zmir&#8217;in imkanlar\u0131 k\u0131s\u0131tl\u0131 b\u00f6lgelerindeki okullar\u0131nda e\u011fitim g\u00f6ren 7 bin 500 ilk\u00f6\u011fretim \u00f6\u011frencisine hizmet veren \u201cGezici K\u00fct\u00fcphane\u201d, Yaz tatilinde ilk kez Bornova\u2019da kap\u0131lar\u0131n\u0131 a\u00e7t\u0131. \u0130NC\u0130VAK (Cevdet \u0130nci E\u011fitim Vakf\u0131) taraf\u0131ndan okuma al\u0131\u015fkanl\u0131\u011f\u0131n\u0131n art\u0131r\u0131lmas\u0131 amac\u0131yla hayata ge\u00e7irilen Gezici K\u00fct\u00fcphane, Bornova Belediyesi\u2019nin katk\u0131lar\u0131yla Cumhuriyet Meydan\u0131\u2019nda \u00e7ocuklarla bulu\u015ftu. [&hellip;]<\/p>\n","protected":false},"author":1,"featured_media":0,"comment_status":"open","ping_status":"open","sticky":false,"template":"","format":"standard","meta":{"footnotes":""},"categories":[1,1486],"tags":[1440,1436],"class_list":["post-17404","post","type-post","status-publish","format-standard","hentry","category-genel","category-gezici-kutuphane","tag-gezici-kutuphaneler","tag-kutuphaneler"],"_links":{"self":[{"href":"https:\/\/www.bbyhaber.com\/bby\/wp-json\/wp\/v2\/posts\/17404"}],"collection":[{"href":"https:\/\/www.bbyhaber.com\/bby\/wp-json\/wp\/v2\/posts"}],"about":[{"href":"https:\/\/www.bbyhaber.com\/bby\/wp-json\/wp\/v2\/types\/post"}],"author":[{"embeddable":true,"href":"https:\/\/www.bbyhaber.com\/bby\/wp-json\/wp\/v2\/users\/1"}],"replies":[{"embeddable":true,"href":"https:\/\/www.bbyhaber.com\/bby\/wp-json\/wp\/v2\/comments?post=17404"}],"version-history":[{"count":0,"href":"https:\/\/www.bbyhaber.com\/bby\/wp-json\/wp\/v2\/posts\/17404\/revisions"}],"wp:attachment":[{"href":"https:\/\/www.bbyhaber.com\/bby\/wp-json\/wp\/v2\/media?parent=17404"}],"wp:term":[{"taxonomy":"category","embeddable":true,"href":"https:\/\/www.bbyhaber.com\/bby\/wp-json\/wp\/v2\/categories?post=17404"},{"taxonomy":"post_tag","embeddable":true,"href":"https:\/\/www.bbyhaber.com\/bby\/wp-json\/wp\/v2\/tags?post=17404"}],"curies":[{"name":"wp","href":"https:\/\/api.w.org\/{rel}","templated":true}]}}