{"id":17400,"date":"2015-08-13T13:37:22","date_gmt":"2015-08-13T10:37:22","guid":{"rendered":"http:\/\/www.bbyhaber.com\/bby\/?p=17400"},"modified":"2015-08-13T13:37:22","modified_gmt":"2015-08-13T10:37:22","slug":"gebzede-kutuphane-var-ama-yok","status":"publish","type":"post","link":"https:\/\/www.bbyhaber.com\/bby\/2015\/08\/13\/gebzede-kutuphane-var-ama-yok","title":{"rendered":"Gebze&#8217;de k\u00fct\u00fcphane var; ama yok!"},"content":{"rendered":"<p style=\"text-align: justify;\"><img loading=\"lazy\" decoding=\"async\" class=\"alignleft\" src=\"http:\/\/bbyhaber.com\/bby\/wp-content\/uploads\/2015\/08\/gebze.jpg\" alt=\"\" width=\"238\" height=\"149\" \/>Gebze \u0130l\u00e7e Halk K\u00fct\u00fcphanesi s\u0131k\u0131\u015ft\u0131\u011f\u0131 yerden bir t\u00fcrl\u00fc kurtar\u0131lam\u0131yor. K\u00fc\u00e7\u00fcc\u00fck bir apartman dairesine s\u0131k\u0131\u015ft\u0131r\u0131lan k\u00fct\u00fcphane il, il\u00e7e protokol\u00fc ve t\u00fcm vatanda\u015flar\u0131n g\u00f6z\u00fcnden s\u00fcrekli ka\u00e7\u0131yor. Bir\u00e7ok olumsuz dorumuna ra\u011fmen kitap sevilmeyen bu \u00e7a\u011fda bile hala ziyaret\u00e7i ve okuyucu ak\u0131n\u0131na u\u011fruyor. Gebze yap\u0131sal, k\u00fclt\u00fcrel ve sosyal \u015fehircilik anlam\u0131nda yo\u011fun bir mesai harcayan bir il\u00e7e olarak g\u00f6r\u00fcn\u00fcyor. Kentsel d\u00f6n\u00fc\u015f\u00fcm, sosyal alanlar\u0131n art\u0131r\u0131lmas\u0131, kazand\u0131r\u0131lan yeni bili\u015fim ve k\u00fclt\u00fcrel tesislerle marka \u015fehir olma pe\u015finde gidiyor.<!--more--> Ama hedef al\u0131nan \u015fehirler seviyesine ula\u015fmak i\u00e7in \u015fehrin arg\u00fcmanlar\u0131 aras\u0131nda olmas\u0131 gereken bir yap\u0131 olan \u0130l\u00e7e Halk K\u00fct\u00fcphanesini g\u00f6r\u00fcnce herkesin keyfi ka\u00e7\u0131yor. Gebze \u0130l\u00e7e K\u00fct\u00fcphanesi herkesin ula\u015fabilece\u011fi bir yerde, geni\u015f ve farkl\u0131 alanlar\u0131 ile vatanda\u015flara hizmet etmesi gerekirken imkans\u0131zl\u0131klarla bo\u011fu\u015fuyor.<\/p>\n<p style=\"text-align: justify;\">KOR\u0130DORLARDA K\u0130TAP OKUNUYOR<\/p>\n<p style=\"text-align: justify;\">Hac\u0131halil Mahallesinde bulunan Gebze il\u00e7e Halk K\u00fct\u00fcphanesi merkezden uzak say\u0131lmasa bile yine de sokak aralar\u0131nda kaybolmu\u015f durumda. K\u00fct\u00fcphaneden i\u00e7eri girince rutubet kokan bir hava ile insanlar kar\u015f\u0131 kar\u015f\u0131ya kal\u0131yor. K\u00fc\u00e7\u00fck odac\u0131klar i\u00e7inde binlerce kitap ve yer olmad\u0131\u011f\u0131 i\u00e7in hala a\u00e7\u0131lamam\u0131\u015f kolilerde kitaplar \u00fcst \u00fcste yer kapl\u0131yor. Yer dar oldu\u011fu i\u00e7in masa ve sandalyeler az ve yetersiz kal\u0131yor. Bazen \u00e7ok kalabal\u0131k olunca \u00e7ocuklara koridorlarda, mutfakta, tuvaletlerin oldu\u011fu koridorda dahi ders \u00e7al\u0131\u015facak ve kitap okunacak alan olu\u015fturuluyor. T\u00fcm bu s\u0131k\u0131\u015f\u0131kl\u0131\u011fa ra\u011fmen binlerce \u00fcyesi olan k\u00fct\u00fcphane dolup ta\u015f\u0131yor. Yaz aylar\u0131nda bile ziyaret\u00e7ileri de \u00fcyeleri de eksik olmuyor.<\/p>\n<p style=\"text-align: justify;\">VEL\u0130LER\u0130NDE SIKINTININ FARKINDA<\/p>\n<p style=\"text-align: justify;\">Her ge\u00e7en g\u00fcn \u00fcyelerine ve kitap say\u0131s\u0131na yenilerini ekleyen Gebze \u0130l\u00e7e Halk K\u00fct\u00fcphanesi\u2019nin bu durumu ne K\u00fclt\u00fcr ve Turizm Bakanl\u0131\u011f\u0131\u2019n\u0131 nede yerel y\u00f6netimleri hi\u00e7te rahats\u0131z etmiyor. Gelece\u011fimizin do\u011fru yeti\u015fece\u011fi b\u00f6yle bir yerimiz oldu\u011fu i\u00e7in koruyup kollamam\u0131z gerekirken, ya\u015fam\u0131n\u0131 s\u00fcrd\u00fcrmesi i\u00e7in s\u0131k\u0131\u015f tepi\u015f ve sa\u011fl\u0131ks\u0131z bir ortamda sava\u015f vermeye mahk\u00fbm ediyoruz.<\/p>\n<p style=\"text-align: justify;\">\u00c7ocuklar\u0131n okuma al\u0131\u015fkanl\u0131\u011f\u0131 kazand\u0131\u011f\u0131 d\u00f6nemlerde k\u00fct\u00fcphaneyi ortam\u0131n olumsuzluklar\u0131 y\u00fcz\u00fcnden so\u011fuk bulmalar\u0131 ka\u00e7\u0131n\u0131lmaz hale geliyor. \u00c7ocuklar\u0131 ile birlikte k\u00fct\u00fcphaneye giden velilerinde s\u0131k\u0131nt\u0131n\u0131n fark\u0131na var\u0131p d\u00fczelmesi i\u00e7in ellerinden geleni yapmalar\u0131 bile yeterli olmuyor. Gebze \u0130l\u00e7e Halk K\u00fct\u00fcphanesi\u2019nin yeri dar fakat yine de hizmetinden \u00f6d\u00fcn vermiyor.<\/p>\n<p style=\"text-align: justify;\">Kaynak: http:\/\/www.marmaragazetesi.com\/<\/p>\n","protected":false},"excerpt":{"rendered":"<p>Gebze \u0130l\u00e7e Halk K\u00fct\u00fcphanesi s\u0131k\u0131\u015ft\u0131\u011f\u0131 yerden bir t\u00fcrl\u00fc kurtar\u0131lam\u0131yor. K\u00fc\u00e7\u00fcc\u00fck bir apartman dairesine s\u0131k\u0131\u015ft\u0131r\u0131lan k\u00fct\u00fcphane il, il\u00e7e protokol\u00fc ve t\u00fcm vatanda\u015flar\u0131n g\u00f6z\u00fcnden s\u00fcrekli ka\u00e7\u0131yor. Bir\u00e7ok olumsuz dorumuna ra\u011fmen kitap sevilmeyen bu \u00e7a\u011fda bile hala ziyaret\u00e7i ve okuyucu ak\u0131n\u0131na u\u011fruyor. Gebze yap\u0131sal, k\u00fclt\u00fcrel ve sosyal \u015fehircilik anlam\u0131nda yo\u011fun bir mesai harcayan bir il\u00e7e olarak g\u00f6r\u00fcn\u00fcyor. Kentsel [&hellip;]<\/p>\n","protected":false},"author":1,"featured_media":0,"comment_status":"open","ping_status":"open","sticky":false,"template":"","format":"standard","meta":{"footnotes":""},"categories":[1],"tags":[1436],"class_list":["post-17400","post","type-post","status-publish","format-standard","hentry","category-genel","tag-kutuphaneler"],"_links":{"self":[{"href":"https:\/\/www.bbyhaber.com\/bby\/wp-json\/wp\/v2\/posts\/17400"}],"collection":[{"href":"https:\/\/www.bbyhaber.com\/bby\/wp-json\/wp\/v2\/posts"}],"about":[{"href":"https:\/\/www.bbyhaber.com\/bby\/wp-json\/wp\/v2\/types\/post"}],"author":[{"embeddable":true,"href":"https:\/\/www.bbyhaber.com\/bby\/wp-json\/wp\/v2\/users\/1"}],"replies":[{"embeddable":true,"href":"https:\/\/www.bbyhaber.com\/bby\/wp-json\/wp\/v2\/comments?post=17400"}],"version-history":[{"count":0,"href":"https:\/\/www.bbyhaber.com\/bby\/wp-json\/wp\/v2\/posts\/17400\/revisions"}],"wp:attachment":[{"href":"https:\/\/www.bbyhaber.com\/bby\/wp-json\/wp\/v2\/media?parent=17400"}],"wp:term":[{"taxonomy":"category","embeddable":true,"href":"https:\/\/www.bbyhaber.com\/bby\/wp-json\/wp\/v2\/categories?post=17400"},{"taxonomy":"post_tag","embeddable":true,"href":"https:\/\/www.bbyhaber.com\/bby\/wp-json\/wp\/v2\/tags?post=17400"}],"curies":[{"name":"wp","href":"https:\/\/api.w.org\/{rel}","templated":true}]}}