{"id":17390,"date":"2015-08-11T10:57:28","date_gmt":"2015-08-11T07:57:28","guid":{"rendered":"http:\/\/www.bbyhaber.com\/bby\/?p=17390"},"modified":"2015-08-11T10:57:28","modified_gmt":"2015-08-11T07:57:28","slug":"yuzuncu-yil-universitesine-yeni-bir-kutuphane-icin-temel-atildi","status":"publish","type":"post","link":"https:\/\/www.bbyhaber.com\/bby\/2015\/08\/11\/yuzuncu-yil-universitesine-yeni-bir-kutuphane-icin-temel-atildi","title":{"rendered":"Y\u00fcz\u00fcnc\u00fc Y\u0131l \u00dcniversitesi&#8217;ne yeni bir k\u00fct\u00fcphane i\u00e7in temel at\u0131ld\u0131"},"content":{"rendered":"<p style=\"text-align: justify;\"><img loading=\"lazy\" decoding=\"async\" class=\"alignleft\" src=\"http:\/\/bbyhaber.com\/bby\/wp-content\/uploads\/2015\/08\/yyu-kutuphane-temeli.jpg\" alt=\"\" width=\"269\" height=\"149\" \/>Van Y\u00fcz\u00fcnc\u00fc Y\u0131l \u00dcniversitesi\u2019nde (YY\u00dc) k\u00fct\u00fcphane ve yemekhane binas\u0131n\u0131n temeli t\u00f6renle at\u0131ld\u0131. Van\u2019da 2011 y\u0131l\u0131nda meydana gelen depremlerde hasar g\u00f6rerek y\u0131k\u0131lan k\u00fct\u00fcphane ve artan \u00f6\u011frenci say\u0131s\u0131 nedeniyle hizmete cevap veremeyen merkezi yemekhanenin yerine yenilerinin temeli d\u00fczenlenen t\u00f6renle at\u0131ld\u0131. T\u00f6rene Van Valisi \u0130brahim Ta\u015fyapan, Tu\u015fba Belediye Ba\u015fkan\u0131 Fevzi \u00d6zg\u00f6k\u00e7e, YY\u00dc Rekt\u00f6r\u00fc Prof. Dr. Peyami Battal ve \u00f6\u011fretim \u00fcyeleri kat\u0131ld\u0131. Sayg\u0131 duru\u015fu ve \u0130stiklal Mar\u015f\u0131\u2019n\u0131n okunmas\u0131 ile ba\u015flayan program Fevzi \u00d6zg\u00f6k\u00e7e\u2019nin a\u00e7\u0131l\u0131\u015f konu\u015fmas\u0131n\u0131 yapmas\u0131 ile devam etti. YY\u00dc\u2019n\u00fcn ilim ve irfan yuvas\u0131 olarak bu b\u00f6lgede hizmetler ad\u0131na e\u011fitim ad\u0131na \u00e7ok kadim \u00e7al\u0131\u015fmalar ger\u00e7ekle\u015ftirdi\u011fini ifade eden \u00d6zg\u00f6k\u00e7e,<!--more--> \u201cBurada en acil ihtiya\u00e7lar\u0131 olan k\u00fct\u00fcphanenin depremde y\u0131k\u0131lmas\u0131 ile inan\u0131yorum ki \u00e7ok daha kapasiteli bir k\u00fct\u00fcphanenin temelini ataca\u011f\u0131z. Merkezi yemekhanede \u00f6\u011frencilerimizin e\u011fitim \u00f6\u011fretim s\u00fcresince bu tesislerde \u00e7ok g\u00fczel faydalanacaklard\u0131r. Hay\u0131rl\u0131 olmas\u0131n\u0131 diliyorum\u201d dedi.<\/p>\n<p style=\"text-align: justify;\">YY\u00dc Rekt\u00f6r\u00fc Prof. Dr. Peyami Battal da, deprem d\u00f6neminde binas\u0131 hasar g\u00f6rd\u00fc\u011f\u00fc i\u00e7in y\u0131kmak zorunda kald\u0131klar\u0131 k\u00fct\u00fcphane ve \u00f6\u011frenci say\u0131s\u0131n\u0131n artmas\u0131 nedeni ile \u00fcniversiteye yetmedi\u011fi i\u00e7in yeni yemekhanenin temel atma t\u00f6reni i\u00e7in bir araya geldiklerini belirtti. \u0130ki b\u00fcy\u00fck yat\u0131r\u0131m\u0131n temelini atarak \u00fcniversiteye en k\u0131sa zamanda kazand\u0131rmaya \u00e7al\u0131\u015facaklar\u0131n\u0131 anlatan Prof. Dr. Battal, \u201cYemekhane ve k\u00fct\u00fcphanemizin yat\u0131r\u0131m bedeli 20 milyon 900 bin TL de\u011ferinde. \u0130halesini yapt\u0131k, bug\u00fcn ise temelini at\u0131p h\u0131zl\u0131 bir \u015fekilde bitirece\u011fiz. \u00d6\u011frencilerimizin ve akademik personelimizin k\u00fct\u00fcphane desteklerinden yard\u0131m almalar\u0131 a\u00e7\u0131s\u0131ndan en k\u00fc\u00e7\u00fck bir sorun ya\u015famad\u0131k. Zaman zaman spek\u00fclatif baz\u0131 giri\u015fimler oluyor, ama biz onlar\u0131n da bas\u0131n arac\u0131l\u0131\u011f\u0131 ile do\u011fru olmad\u0131\u011f\u0131n\u0131 ifade ediyoruz. Deprem sonras\u0131nda 3 farkl\u0131 noktada kitaplar\u0131m\u0131z\u0131n y\u00fczde 80\u2019nine yak\u0131n\u0131 rafa koydu\u011fumuzu belirtmek istiyorum. \u00d6n\u00fcm\u00fczdeki bir iki ay i\u00e7inde hizmete alaca\u011f\u0131m\u0131z m\u00fchendislik fak\u00fcltemizde de ayr\u0131ca bir k\u00fct\u00fcphane birimimiz var. Onu da a\u00e7t\u0131\u011f\u0131m\u0131z vakit hi\u00e7bir sorunumuz kalmayacak. Ancak \u015fu anda in\u015faat\u0131n\u0131 devam ettirdi\u011fimiz k\u00fct\u00fcphane ve yemekhanemizi bitirip \u00f6n\u00fcm\u00fczdeki y\u0131l hizmete alaca\u011f\u0131z. Yine bu k\u00fct\u00fcphane ve yemekhane binalar\u0131m\u0131z\u0131n kuruldu\u011fu aksta \u2018Alle\u2019 yolumuz da olacak. \u00c7evre d\u00fczenlemesini g\u00fczel bir proje ile birle\u015ftirdi\u011fimiz zaman g\u00fczel bir bulvar haline gelecek. \u00d6\u011frencilerimiz, hatta halk\u0131m\u0131z zaman zaman buraya gelip bo\u015f zamanlar\u0131n\u0131 ge\u00e7irebileceklerdir. Spor kompleksimizin de in\u015faat\u0131 \u00f6n\u00fcm\u00fczdeki y\u0131l bitti\u011fi zaman i\u00e7erisinde bulundu\u011fumuz bu ortam\u0131n \u00e7ok daha g\u00fczel, \u00e7ok daha \u015f\u0131k ve ya\u015fanabilir bir ortam olaca\u011f\u0131n\u0131 g\u00f6rece\u011fiz. Hay\u0131rl\u0131 u\u011furlu olmas\u0131n\u0131 diliyorum\u201d ifadelerini kulland\u0131.<\/p>\n<p style=\"text-align: justify;\">Van Valisi \u0130brahim Ta\u015fyapan ise, YY\u00dc\u2019n\u00fcn 30 y\u0131l\u0131 a\u015fk\u0131n ya\u015f\u0131 ile Do\u011fu Anadolu B\u00f6lgesi\u2019nin en k\u00f6kl\u00fc \u00fcniversitelerinden biri oldu\u011funu belirtti. \u00dcniversitelerin i\u00e7erisindeki binalarla de\u011fil, i\u00e7indeki \u00f6\u011frencileri, \u00f6\u011fretim elemanlar\u0131n\u0131n kalitesi ve yetkinli\u011fi ile isim yapt\u0131klar\u0131n\u0131 anlatan Vali Ta\u015fyapan, \u201cAma d\u00fcnyada isim yapm\u0131\u015f \u00fcniversite k\u00fct\u00fcphaneleri de vard\u0131r. Dolay\u0131s\u0131yla <strong>k\u00fct\u00fcphanesiz bir \u00fcniversite d\u00fc\u015f\u00fcnmek m\u00fcmk\u00fcn de\u011fil<\/strong>. Bizim \u00fcniversitemizin k\u00fct\u00fcphanesi yok de\u011fildi, ama deprem nedeni ile y\u0131k\u0131ld\u0131. \u0130n\u015fallah yeni yapaca\u011f\u0131m\u0131z k\u00fct\u00fcphane hem modern binas\u0131yla hem i\u00e7indeki donan\u0131m\u0131yla hem de bilgiye en seri en h\u0131zl\u0131 ula\u015fma yollar\u0131n\u0131 bar\u0131nd\u0131racak teknoloji ile YY\u00dc\u2019ye b\u00fcy\u00fck bir de\u011fer katacakt\u0131r. \u00d6\u011frencilerimize b\u00fcy\u00fck bir katk\u0131 sunacakt\u0131r. \u00d6\u011frencilerimizin k\u00fct\u00fcphanelere girme oradan faydalanma al\u0131\u015fkanl\u0131klar\u0131n\u0131 y\u00fckseltmek durumunday\u0131z. <strong>4 y\u0131l okuyup da hi\u00e7 k\u00fct\u00fcphaneye u\u011framadan giden \u00f6\u011frencimiz olmamal\u0131<\/strong>. Buralar\u0131n i\u00e7indeki bilgileri, hazineleri kendi darac\u0131klar\u0131na katarak, oralardan iyi faydalanarak, kendi dallar\u0131nda en iyi olman\u0131n yollar\u0131n\u0131 aramal\u0131lar. <strong>Dolay\u0131s\u0131yla bir k\u00fct\u00fcphanenin \u00fcniversiteye katt\u0131\u011f\u0131 \u015fey sadece kitaplar ve bilgiler de\u011fil, onlar\u0131n i\u00e7inde yeti\u015fen insanlar\u0131n vatana, millete hizmet de\u011feri ile \u00f6l\u00e7\u00fclmelidir<\/strong>. Onun i\u00e7in bu yat\u0131r\u0131m\u0131 \u00e7ok \u00f6nemsiyorum. Di\u011fer yat\u0131r\u0131mlarda da \u00fcniversitemizin sosyal bir eksikli\u011fini gidermi\u015f olacak. \u00d6\u011frencilerimize beslenme imkan\u0131, sosyal imkanlar sunacak. Dolay\u0131s\u0131yla 21 milyon TL\u2019lik bu yat\u0131r\u0131m\u0131n Van\u2019\u0131m\u0131za, \u00fcniversitemize b\u00fcy\u00fck de\u011ferler kataca\u011f\u0131na bende inan\u0131yorum. Hay\u0131rl\u0131 u\u011furlu olsun\u201d \u015feklinde konu\u015ftu. Yap\u0131lan konu\u015fmalar\u0131n ard\u0131ndan k\u00fct\u00fcphane ve yemekhanenin temel atma t\u00f6reni yap\u0131l\u0131rken, Cengiz Andi\u00e7 K\u00fclt\u00fcr Merkezi\u2019nde verilen kokteyl ile program son buldu.<\/p>\n<p style=\"text-align: justify;\">Kaynak: http:\/\/www.hurriyet.com.tr\/<\/p>\n","protected":false},"excerpt":{"rendered":"<p>Van Y\u00fcz\u00fcnc\u00fc Y\u0131l \u00dcniversitesi\u2019nde (YY\u00dc) k\u00fct\u00fcphane ve yemekhane binas\u0131n\u0131n temeli t\u00f6renle at\u0131ld\u0131. Van\u2019da 2011 y\u0131l\u0131nda meydana gelen depremlerde hasar g\u00f6rerek y\u0131k\u0131lan k\u00fct\u00fcphane ve artan \u00f6\u011frenci say\u0131s\u0131 nedeniyle hizmete cevap veremeyen merkezi yemekhanenin yerine yenilerinin temeli d\u00fczenlenen t\u00f6renle at\u0131ld\u0131. T\u00f6rene Van Valisi \u0130brahim Ta\u015fyapan, Tu\u015fba Belediye Ba\u015fkan\u0131 Fevzi \u00d6zg\u00f6k\u00e7e, YY\u00dc Rekt\u00f6r\u00fc Prof. Dr. Peyami Battal ve [&hellip;]<\/p>\n","protected":false},"author":1,"featured_media":0,"comment_status":"open","ping_status":"open","sticky":false,"template":"","format":"standard","meta":{"footnotes":""},"categories":[1555,1],"tags":[1436,1437],"class_list":["post-17390","post","type-post","status-publish","format-standard","hentry","category-deprem-kutuphane","category-genel","tag-kutuphaneler","tag-univ-arastirma-kutuphaneleri"],"_links":{"self":[{"href":"https:\/\/www.bbyhaber.com\/bby\/wp-json\/wp\/v2\/posts\/17390"}],"collection":[{"href":"https:\/\/www.bbyhaber.com\/bby\/wp-json\/wp\/v2\/posts"}],"about":[{"href":"https:\/\/www.bbyhaber.com\/bby\/wp-json\/wp\/v2\/types\/post"}],"author":[{"embeddable":true,"href":"https:\/\/www.bbyhaber.com\/bby\/wp-json\/wp\/v2\/users\/1"}],"replies":[{"embeddable":true,"href":"https:\/\/www.bbyhaber.com\/bby\/wp-json\/wp\/v2\/comments?post=17390"}],"version-history":[{"count":0,"href":"https:\/\/www.bbyhaber.com\/bby\/wp-json\/wp\/v2\/posts\/17390\/revisions"}],"wp:attachment":[{"href":"https:\/\/www.bbyhaber.com\/bby\/wp-json\/wp\/v2\/media?parent=17390"}],"wp:term":[{"taxonomy":"category","embeddable":true,"href":"https:\/\/www.bbyhaber.com\/bby\/wp-json\/wp\/v2\/categories?post=17390"},{"taxonomy":"post_tag","embeddable":true,"href":"https:\/\/www.bbyhaber.com\/bby\/wp-json\/wp\/v2\/tags?post=17390"}],"curies":[{"name":"wp","href":"https:\/\/api.w.org\/{rel}","templated":true}]}}