{"id":17383,"date":"2015-08-10T10:05:04","date_gmt":"2015-08-10T07:05:04","guid":{"rendered":"http:\/\/www.bbyhaber.com\/bby\/?p=17383"},"modified":"2015-08-11T11:16:07","modified_gmt":"2015-08-11T08:16:07","slug":"kitap-kovani","status":"publish","type":"post","link":"https:\/\/www.bbyhaber.com\/bby\/2015\/08\/10\/kitap-kovani","title":{"rendered":"Kitap kovan\u0131"},"content":{"rendered":"<p style=\"text-align: justify;\"><img loading=\"lazy\" decoding=\"async\" class=\"alignleft\" src=\"http:\/\/www.bbyhaber.com\/bby\/wp-content\/uploads\/2015\/08\/aydinlikevler-kutuphanesi.jpg\" alt=\"\" width=\"247\" height=\"155\" \/>Ankara Alt\u0131nda\u011f il\u00e7esi Ayd\u0131nl\u0131kevler Mahallesi, idealist bir kitapseverin kurdu\u011fu k\u00fct\u00fcphane ile di\u011fer mahallelerden ayr\u0131l\u0131yor. Be\u015f y\u0131l \u00f6nce ge\u00e7irdi\u011fi kaza sonucu hayata yeniden tutunan Ayd\u0131n Atasoy, bir \u00f6yk\u00fcyle ba\u015flayan k\u00fct\u00fcphane hayalini Ayd\u0131nl\u0131kevler Kovan Sokak\u2019ta ger\u00e7ekle\u015ftirdi. 7 Bin kitaba sahip olan k\u00fct\u00fcphane, kitap tutkunlar\u0131n\u0131n mekan\u0131 haline geldi. Halk k\u00fct\u00fcphanesi fikrinin temeli, Atasoy\u2019un y\u0131llar \u00f6nce yazd\u0131\u011f\u0131 Ayd\u0131nl\u0131kevler\u2019de ge\u00e7en ve halk k\u00fct\u00fcphanesinin mahallelinin hayat\u0131n\u0131 nas\u0131l de\u011fi\u015ftirdi\u011fini anlatt\u0131\u011f\u0131 \u00f6yk\u00fcs\u00fc ile ba\u015flad\u0131. Atasoy, \u00f6yk\u00fcy\u00fc Kovan Sokak\u2019ta oturduklar\u0131 apartman kat\u0131nda babas\u0131n\u0131n kirac\u0131s\u0131 olan d\u00fckkan sahibine g\u00f6sterdi. Kirac\u0131, \u00f6yk\u00fcy\u00fc okuyunca anahtar\u0131 Atasoy\u2019a teslim ederek, \u201cBuyur buras\u0131 senin, hayalini ger\u00e7ekle\u015ftir\u201d dedi. Toplad\u0131\u011f\u0131 kitaplar\u0131 Ayd\u0131nl\u0131kevler K\u00fct\u00fcphanesi\u2019ne ta\u015f\u0131yan Atasoy, \u015fimdilerde mahallede \u00f6\u011frencilerin, emeklilerin, ev kad\u0131nlar\u0131n\u0131n, kitap tutkunlar\u0131n\u0131n s\u0131k\u00e7a u\u011frad\u0131\u011f\u0131 mekan\u0131 bu \u015fekilde a\u00e7t\u0131.<!--more--><\/p>\n<p style=\"text-align: justify;\">\u201cAMACIM \u0130NSANLARIN K\u0130TABI SEVMES\u0130 VE OKUMASI\u201d<br \/>\nHayattaki en \u00f6nemli amac\u0131n\u0131n insanlar\u0131n kitaplar\u0131 sevmesi ve okumas\u0131 oldu\u011funu belirten Ayd\u0131n Atasoy, \u201cHayat kitaplarla g\u00fczelle\u015febilir ancak. Mahalleler de k\u00fct\u00fcphanelerle geli\u015febilir, g\u00fczelle\u015febilir. \u0130nsanlar bu k\u00fct\u00fcphane sayesinde bir araya gelmeye, oturmaya, kitaplardan konu\u015fmaya ba\u015flad\u0131\u201d dedi. K\u00fct\u00fcphaneye s\u00fcrekli geldi\u011fini belirten \u00f6\u011frenci Emre Can \u00d6zt\u00fcrk ise \u201cBen daha \u00f6nce kitap okumazd\u0131m. Hi\u00e7 sevmezdim. Ama buraya gide gele sevmeye, kitaplarla ha\u015f\u0131r ne\u015fir olmaya ba\u015flad\u0131m. \u015eimdi neredeyse her g\u00fcn k\u00fct\u00fcphaneye geliyor, bak\u0131yor, okuyor, dinliyorum. Hayat\u0131ma anlam katt\u0131 desem yeridir\u201d \u015feklinde konu\u015ftu. \u00c7ay ve kahvenin eksik olmad\u0131\u011f\u0131 k\u00fct\u00fcphanede isteyen herkes elindeki bir kitab\u0131, herhangi bir kitapla 1 TL kar\u015f\u0131l\u0131\u011f\u0131nda de\u011fi\u015ftirebiliyor. De\u011fi\u015fim yapmadan kitap sat\u0131n almak isteyenler i\u00e7in de t\u00fcm kitaplar 5 TL\u2019den sat\u0131l\u0131yor. \u00d6\u011frencilerin g\u00f6n\u00fcll\u00fc \u00e7al\u0131\u015fan oldu\u011fu k\u00fct\u00fcphanede bulunan ders kitaplar\u0131 ve yard\u0131mc\u0131 ders kitaplar\u0131n\u0131n tamam\u0131 ise \u00fccretsiz.<\/p>\n<p style=\"text-align: justify;\">Kaynak: http:\/\/www.hurriyet.com.tr\/<\/p>\n","protected":false},"excerpt":{"rendered":"<p>Ankara Alt\u0131nda\u011f il\u00e7esi Ayd\u0131nl\u0131kevler Mahallesi, idealist bir kitapseverin kurdu\u011fu k\u00fct\u00fcphane ile di\u011fer mahallelerden ayr\u0131l\u0131yor. Be\u015f y\u0131l \u00f6nce ge\u00e7irdi\u011fi kaza sonucu hayata yeniden tutunan Ayd\u0131n Atasoy, bir \u00f6yk\u00fcyle ba\u015flayan k\u00fct\u00fcphane hayalini Ayd\u0131nl\u0131kevler Kovan Sokak\u2019ta ger\u00e7ekle\u015ftirdi. 7 Bin kitaba sahip olan k\u00fct\u00fcphane, kitap tutkunlar\u0131n\u0131n mekan\u0131 haline geldi. Halk k\u00fct\u00fcphanesi fikrinin temeli, Atasoy\u2019un y\u0131llar \u00f6nce yazd\u0131\u011f\u0131 Ayd\u0131nl\u0131kevler\u2019de ge\u00e7en [&hellip;]<\/p>\n","protected":false},"author":1,"featured_media":0,"comment_status":"open","ping_status":"open","sticky":false,"template":"","format":"standard","meta":{"footnotes":""},"categories":[1,1504],"tags":[],"class_list":["post-17383","post","type-post","status-publish","format-standard","hentry","category-genel","category-sokak-kutuphaneleri"],"_links":{"self":[{"href":"https:\/\/www.bbyhaber.com\/bby\/wp-json\/wp\/v2\/posts\/17383"}],"collection":[{"href":"https:\/\/www.bbyhaber.com\/bby\/wp-json\/wp\/v2\/posts"}],"about":[{"href":"https:\/\/www.bbyhaber.com\/bby\/wp-json\/wp\/v2\/types\/post"}],"author":[{"embeddable":true,"href":"https:\/\/www.bbyhaber.com\/bby\/wp-json\/wp\/v2\/users\/1"}],"replies":[{"embeddable":true,"href":"https:\/\/www.bbyhaber.com\/bby\/wp-json\/wp\/v2\/comments?post=17383"}],"version-history":[{"count":0,"href":"https:\/\/www.bbyhaber.com\/bby\/wp-json\/wp\/v2\/posts\/17383\/revisions"}],"wp:attachment":[{"href":"https:\/\/www.bbyhaber.com\/bby\/wp-json\/wp\/v2\/media?parent=17383"}],"wp:term":[{"taxonomy":"category","embeddable":true,"href":"https:\/\/www.bbyhaber.com\/bby\/wp-json\/wp\/v2\/categories?post=17383"},{"taxonomy":"post_tag","embeddable":true,"href":"https:\/\/www.bbyhaber.com\/bby\/wp-json\/wp\/v2\/tags?post=17383"}],"curies":[{"name":"wp","href":"https:\/\/api.w.org\/{rel}","templated":true}]}}