{"id":17375,"date":"2015-08-06T00:11:16","date_gmt":"2015-08-05T21:11:16","guid":{"rendered":"http:\/\/www.bbyhaber.com\/bby\/?p=17375"},"modified":"2015-08-08T00:43:56","modified_gmt":"2015-08-07T21:43:56","slug":"minikler-bu-yaz-anneleriyle-kutuphanede-olacak","status":"publish","type":"post","link":"https:\/\/www.bbyhaber.com\/bby\/2015\/08\/06\/minikler-bu-yaz-anneleriyle-kutuphanede-olacak","title":{"rendered":"Minikler bu yaz anneleriyle k\u00fct\u00fcphanede olacak"},"content":{"rendered":"<p style=\"text-align: justify;\"><img loading=\"lazy\" decoding=\"async\" class=\"alignleft\" src=\"http:\/\/www.bbyhaber.com\/bby\/wp-content\/uploads\/2015\/08\/minikler.jpg\" alt=\"Minikler bu yaz anneleriyle k\u00fct\u00fcphanede olacak\" width=\"197\" height=\"156\" \/>Nil\u00fcfer k\u00fct\u00fcphanelerinde bu y\u0131l be\u015fincisi d\u00fczenlenen \u2018Bu Yaz Annemle Biz K\u00fct\u00fcphanedeyiz\u2019 etkinli\u011fi \u00e7ocuk ve annelerin kat\u0131l\u0131m\u0131yla ba\u015flad\u0131. Anneleriyle birlikte k\u00fct\u00fcphaneye gelen 5-6 ya\u015f aral\u0131\u011f\u0131ndaki minikler, Nil\u00fcfer Belediyesi \u00dc\u00e7evler, \u00c7ocuk ve Demirci K\u00fct\u00fcphanesi\u2019nde a\u011fustos ay\u0131 boyunca kitapla bulu\u015facak.<!--more--><\/p>\n<p style=\"text-align: justify;\">Bursa Nil\u00fcfer Belediyesi&#8217;nin d\u00fczenledi\u011fi etkinlik kapsam\u0131nda her Sal\u0131, \u00c7ar\u015famba ve Per\u015fembe g\u00fcnleri sabah ve \u00f6\u011fleden sonra olmak \u00fczere d\u00fczenlenecek oturumda \u00e7ocuklar kitaplarla bulu\u015farak okuma ser\u00fcvenine kat\u0131lacak. Nil\u00fcfer\u2019in \u00dc\u00e7evler, Demirci, \u00dcr\u00fcnl\u00fc, Tahtal\u0131, Da\u011fyenice, G\u00fcm\u00fc\u015ftepe mahallelerinde ya\u015fayan \u00e7ocuklar bu bulu\u015fmalar arac\u0131l\u0131\u011f\u0131yla bilmeceli, tekerlemeli, boyamal\u0131 ve masall\u0131 bir saat ge\u00e7irecek. Projenin bu y\u0131lki ilk oturumu \u00dc\u00e7evler K\u00fct\u00fcphanesi\u2019nde ger\u00e7ekle\u015ftirildi. Minikler okunan masallar\u0131 dinledi.<\/p>\n<p style=\"text-align: justify;\">Projenin \u00fc\u00e7\u00fcnc\u00fc oturumuna Psikolog \u00d6zden Karan konuk olarak ebeveynlerle payla\u015f\u0131mlarda bulunacak. Oturum sonunda kat\u0131l\u0131mc\u0131lara \u00d6zden Karan\u2019\u0131n &#8216;Psikolog G\u00f6z\u00fcyle&#8217; kitab\u0131 arma\u011fan edilecek. B\u00f6ylece ebeveynler, \u00e7ocuklar\u0131yla kurduklar\u0131 ileti\u015fime katk\u0131 sa\u011flayan bir ba\u015fucu kitab\u0131na sahip olacak.<\/p>\n<p style=\"text-align: justify;\">Oturumlara kat\u0131lan \u00e7ocuklar k\u00fct\u00fcphaneye \u00fcye olup \u00f6d\u00fcn\u00e7 kitaplar alabilecek ve her bulu\u015fma sonunda alacaklar\u0131 arma\u011fan kitaplarla kendi kitapl\u0131klar\u0131n\u0131 olu\u015fturma imk\u00e2n\u0131 bulacak. Proje sonunda 150 \u00e7ocuk ve ebeveyni d\u00fczenlenecek \u015fenlik ile k\u00fct\u00fcphane ve kitaplarla tan\u0131\u015fmalar\u0131n\u0131 kutlayacak.<\/p>\n<p style=\"text-align: justify;\">Kaynak: Haber46.com<\/p>\n","protected":false},"excerpt":{"rendered":"<p>Nil\u00fcfer k\u00fct\u00fcphanelerinde bu y\u0131l be\u015fincisi d\u00fczenlenen \u2018Bu Yaz Annemle Biz K\u00fct\u00fcphanedeyiz\u2019 etkinli\u011fi \u00e7ocuk ve annelerin kat\u0131l\u0131m\u0131yla ba\u015flad\u0131. Anneleriyle birlikte k\u00fct\u00fcphaneye gelen 5-6 ya\u015f aral\u0131\u011f\u0131ndaki minikler, Nil\u00fcfer Belediyesi \u00dc\u00e7evler, \u00c7ocuk ve Demirci K\u00fct\u00fcphanesi\u2019nde a\u011fustos ay\u0131 boyunca kitapla bulu\u015facak.<\/p>\n","protected":false},"author":129,"featured_media":0,"comment_status":"open","ping_status":"open","sticky":false,"template":"","format":"standard","meta":{"footnotes":""},"categories":[1],"tags":[1451,776,774,775],"class_list":["post-17375","post","type-post","status-publish","format-standard","hentry","category-genel","tag-belediye-kutuphaneleri","tag-bu-yaz-annemle-biz-kutuphanedeyiz","tag-nilufer-belediyesi","tag-nilufer-kutuphaneleri"],"_links":{"self":[{"href":"https:\/\/www.bbyhaber.com\/bby\/wp-json\/wp\/v2\/posts\/17375"}],"collection":[{"href":"https:\/\/www.bbyhaber.com\/bby\/wp-json\/wp\/v2\/posts"}],"about":[{"href":"https:\/\/www.bbyhaber.com\/bby\/wp-json\/wp\/v2\/types\/post"}],"author":[{"embeddable":true,"href":"https:\/\/www.bbyhaber.com\/bby\/wp-json\/wp\/v2\/users\/129"}],"replies":[{"embeddable":true,"href":"https:\/\/www.bbyhaber.com\/bby\/wp-json\/wp\/v2\/comments?post=17375"}],"version-history":[{"count":0,"href":"https:\/\/www.bbyhaber.com\/bby\/wp-json\/wp\/v2\/posts\/17375\/revisions"}],"wp:attachment":[{"href":"https:\/\/www.bbyhaber.com\/bby\/wp-json\/wp\/v2\/media?parent=17375"}],"wp:term":[{"taxonomy":"category","embeddable":true,"href":"https:\/\/www.bbyhaber.com\/bby\/wp-json\/wp\/v2\/categories?post=17375"},{"taxonomy":"post_tag","embeddable":true,"href":"https:\/\/www.bbyhaber.com\/bby\/wp-json\/wp\/v2\/tags?post=17375"}],"curies":[{"name":"wp","href":"https:\/\/api.w.org\/{rel}","templated":true}]}}