{"id":17367,"date":"2015-08-05T13:07:14","date_gmt":"2015-08-05T10:07:14","guid":{"rendered":"http:\/\/www.bbyhaber.com\/bby\/?p=17367"},"modified":"2015-08-25T09:10:15","modified_gmt":"2015-08-25T06:10:15","slug":"disisleri-bakanligi-disisleri-uzman-yardimciligi-ilani-son-basvuru-21-agustos-2015","status":"publish","type":"post","link":"https:\/\/www.bbyhaber.com\/bby\/2015\/08\/05\/disisleri-bakanligi-disisleri-uzman-yardimciligi-ilani-son-basvuru-21-agustos-2015","title":{"rendered":"D\u0131\u015fi\u015fleri Bakanl\u0131\u011f\u0131 D\u0131\u015fi\u015fleri Uzman Yard\u0131mc\u0131l\u0131\u011f\u0131 \u0130lan\u0131-Son Ba\u015fvuru-21 A\u011fustos 2015"},"content":{"rendered":"<p style=\"text-align: justify;\"><a href=\"http:\/\/www.bbyhaber.com\/bby\/category\/bby-is-ilanlari\/\"><img loading=\"lazy\" decoding=\"async\" class=\"alignleft colorbox-9771\" src=\"http:\/\/www.bbyhaber.com\/bby\/wp-content\/uploads\/is-ilanlari-arsivi.jpg\" alt=\"\" width=\"250\" height=\"150\" \/><\/a> D\u0131\u015fi\u015fleri Uzman Yard\u0131mc\u0131lar\u0131, D\u0131\u015fi\u015fleri Uzmanl\u0131\u011f\u0131 Y\u00f6netmeli\u011finde say\u0131lan g\u00f6revleri \u00e7er\u00e7evesinde, D\u0131\u015fi\u015fleri Bakanl\u0131\u011f\u0131\u2019n\u0131n Merkez Te\u015fkilat\u0131 birimlerinde g\u00f6revlendirilecek yurt d\u0131\u015f\u0131 tayine tabi olmayan kariyer memurlar\u0131d\u0131r.<\/p>\n<p><strong>(2)<\/strong> D\u0131\u015fi\u015fleri Uzman Yard\u0131mc\u0131lar\u0131n\u0131n g\u00f6rev tan\u0131mlar\u0131 ile mesle\u011fe ili\u015fkin di\u011fer hususlar <a href=\"http:\/\/www.mevzuat.gov.tr\/Yonetmelikler.aspx\" target=\"_blank\">http:\/\/www.mevzuat.gov.tr\/Yonetmelikler.aspx<\/a> internet adresindeki D\u0131\u015fi\u015fleri Uzmanl\u0131\u011f\u0131 Y\u00f6netmeli\u011finde kay\u0131tl\u0131d\u0131r.<!--more--><\/p>\n<p><strong>(3)<\/strong> A\u00e7\u0131lacak giri\u015f s\u0131nav\u0131ndaki nihai ba\u015far\u0131 s\u0131ralamas\u0131na g\u00f6re, D\u0131\u015fi\u015fleri Uzman Yard\u0131mc\u0131s\u0131 unvan\u0131yla atama yap\u0131labilecek azami kadro say\u0131s\u0131 15\u2019tir. Giri\u015f s\u0131nav\u0131n\u0131 kazananlar\u0131n atamalar\u0131, varsa m\u00fcktesep maa\u015f dereceleri de g\u00f6z \u00f6n\u00fcnde bulundurularak, genel idare hizmetleri s\u0131n\u0131f\u0131ndan 8 ve 9 uncu derece kadrolara yap\u0131labilecektir.<\/p>\n<p><strong>(4)<\/strong> S\u0131nav\u0131n yaz\u0131l\u0131 a\u015famas\u0131, 5 Eyl\u00fcl 2015 tarihinde Ankara\u2019da yap\u0131lacakt\u0131r.<\/p>\n<p><strong>(5)<\/strong> Giri\u015f s\u0131nav\u0131na ili\u015fkin olarak bu ilanda yer verilmemi\u015f d\u00fczenlemeler, D\u0131\u015fi\u015fleri Uzmanl\u0131\u011f\u0131 Y\u00f6netmeli\u011finde yer almaktad\u0131r.<\/p>\n<p><strong>II. Ba\u015fvuru ve S\u0131nava Kat\u0131l\u0131m \u015eartlar\u0131<\/strong><\/p>\n<p><strong>(1)<\/strong> S\u0131nava ba\u015fvurabilmek i\u00e7in;<\/p>\n<p>a) 657 say\u0131l\u0131 Devlet Memurlar\u0131 Kanununun 48. maddesinde say\u0131lan genel \u015fartlar\u0131 ta\u015f\u0131mak,<\/p>\n<p>b) 05.09.2015 itibariyle 35 ya\u015f\u0131n\u0131 doldurmam\u0131\u015f olmak (05.09.1980 ve daha sonra do\u011fmu\u015f olanlar),<\/p>\n<p>c) Yurti\u00e7indeki \u00fcniversitelerin veya diploma denkli\u011fi Y\u00fcksek\u00f6\u011fretim Kurulu (Y\u00d6K) taraf\u0131ndan onaylanm\u0131\u015f olmak kayd\u0131yla yabanc\u0131 \u00fcniversitelerin lisans d\u00fczeyinde en az d\u00f6rt y\u0131ll\u0131k e\u011fitim verilen fak\u00fcltelerinin a\u015fa\u011f\u0131daki tabloda kategoriler itibariyle belirtilen b\u00f6l\u00fcmlerinden veya bu b\u00f6l\u00fcmlerden herhangi birinin m\u00fcfredat\u0131nda yer alan derslerin en az %70\u2019ine sahip olan di\u011fer b\u00f6l\u00fcmlerden mezun olmak,<\/p>\n<p>d) S\u0131nav\u0131n yap\u0131ld\u0131\u011f\u0131 tarih itibariyle son iki y\u0131l i\u00e7erisinde \u0130ngilizce, Almanca veya Frans\u0131zca dillerinde KPDS\/YDS\u2019den asgari (C) d\u00fczeyinde ya da dil yeterli\u011fi bak\u0131m\u0131ndan denkli\u011fi Y\u00fcksek\u00f6\u011fretim Kurulu taraf\u0131ndan kabul edilen ve uluslararas\u0131 ge\u00e7erlili\u011fi bulunan ba\u015fka bir belgeye sahip olmak,<\/p>\n<p>e) 2014 veya 2015 y\u0131l\u0131 Kamu Personel Se\u00e7me S\u0131nav\u0131n\u0131n a\u015fa\u011f\u0131daki tabloda farkl\u0131 b\u00f6l\u00fcmler itibariyle belirtilen puan t\u00fcrlerinden asgari puan\u0131 alm\u0131\u015f olmak gerekmektedir (Aday adaylar\u0131, ba\u015fvurular\u0131n\u0131 en y\u00fcksek KPSS puanlar\u0131yla yapacaklard\u0131r. Belirtilen taban puan\u0131 a\u015fm\u0131\u015f olmak, s\u0131nava kat\u0131lma hakk\u0131n\u0131 garanti etmemektedir).<\/p>\n<p><strong>(2)<\/strong> D\u0131\u015fi\u015fleri Uzman Yard\u0131mc\u0131l\u0131\u011f\u0131 S\u0131nav\u0131 d\u00f6rt farkl\u0131 kategori itibariyle yap\u0131lacak olup, s\u00f6zkonusu kategorilerin isimleri, mezuniyet gruplar\u0131, gerekli KPSS puan t\u00fcr\u00fc, asgari KPSS puan\u0131, atama yap\u0131labilecek kontenjan ve yaz\u0131l\u0131 s\u0131nava kabul edilecek aday say\u0131s\u0131n\u0131 g\u00f6steren tablo a\u015fa\u011f\u0131da yer almaktad\u0131r.<\/p>\n<table width=\"460\" border=\"1\" cellspacing=\"0\" cellpadding=\"0\">\n<tbody>\n<tr>\n<td valign=\"top\" width=\"122\"><strong>Kategori <\/strong><\/td>\n<td valign=\"top\" width=\"132\"><strong>Mezuniyet Gruplar\u0131<\/strong><\/td>\n<td valign=\"top\" width=\"57\"><strong>KPSS Puan T\u00fcr\u00fc<\/strong><\/td>\n<td valign=\"top\" width=\"66\"><strong>AsgariKPSS <\/strong><strong>Puan\u0131<\/strong><\/td>\n<td valign=\"top\" width=\"113\"><strong>Atama Yap\u0131labilecek <\/strong><strong>Kontenjan<\/strong><\/td>\n<td valign=\"top\" width=\"113\"><strong>Yaz\u0131l\u0131 S\u0131nava Kabul Edilecek Aday Say\u0131s\u0131<\/strong><\/td>\n<\/tr>\n<tr>\n<td valign=\"top\" width=\"122\"><strong>Uzman Yard\u0131mc\u0131l\u0131\u011f\u0131<\/strong><strong>I<\/strong><strong>(Mali ve \u0130dari \u0130\u015fler) <\/strong><\/td>\n<td valign=\"top\" width=\"132\">\u0130ktisat\u0130\u015fletmeMaliye<\/p>\n<p>Finans<\/p>\n<p>Muhasebe<\/td>\n<td valign=\"top\" width=\"57\">3, 22, 23, 24<\/td>\n<td valign=\"top\" width=\"66\">80<\/td>\n<td valign=\"top\" width=\"113\">4<\/td>\n<td valign=\"top\" width=\"113\">40<\/td>\n<\/tr>\n<tr>\n<td valign=\"top\" width=\"122\"><strong>Uzman Yard\u0131mc\u0131l\u0131\u011f\u0131<\/strong><strong>II<\/strong><strong>(Hukuki \u0130\u015fler)<\/strong><\/td>\n<td valign=\"top\" width=\"132\">Hukuk<\/td>\n<td valign=\"top\" width=\"57\">3, 21<\/td>\n<td valign=\"top\" width=\"66\">80<\/td>\n<td valign=\"top\" width=\"113\">3<\/td>\n<td valign=\"top\" width=\"113\">30<\/td>\n<\/tr>\n<tr>\n<td valign=\"top\" width=\"122\"><strong>Uzman Yard\u0131mc\u0131l\u0131\u011f\u0131 <\/strong><strong>III<\/strong><strong>(Bili\u015fim ve Bilgi Teknolojileri)<\/strong><\/td>\n<td valign=\"top\" width=\"132\">Bilgisayar m\u00fchendisli\u011fi, Elektrik-elektronik m\u00fchendisli\u011fi, Matematik\/Mate-matik m\u00fchendisli\u011fi, Elektronik ve\/veya Haberle\u015fme m\u00fchendisli\u011fi, Bili\u015fim\/ileti\u015fim sistemleri m\u00fchendisli\u011fi, Yaz\u0131l\u0131m m\u00fchendisli\u011fi, Bilgisayar ve \u00f6\u011fretim teknolojileri \u00f6\u011fretmenli\u011fi<\/td>\n<td valign=\"top\" width=\"57\">3, 8<\/td>\n<td valign=\"top\" width=\"66\">80<\/td>\n<td valign=\"top\" width=\"113\">4<\/td>\n<td valign=\"top\" width=\"113\">40<\/td>\n<\/tr>\n<tr>\n<td valign=\"top\" width=\"122\"><span style=\"color: #0000ff;\"><strong>Uzman Yard\u0131mc\u0131l\u0131\u011f\u0131<\/strong><\/span><span style=\"color: #0000ff;\"><strong>IV <\/strong><\/span><span style=\"color: #0000ff;\"><strong>(Diplomatik Ar\u015fiv ve Dok\u00fcmantasyon)<\/strong><\/span><\/td>\n<td valign=\"top\" width=\"132\">Tarih,<span style=\"color: #0000ff;\">Bilgi ve belge y\u00f6netimi, K\u00fct\u00fcphanecilik, Ar\u015fivcilik, Dok\u00fcmantasyon ve enformasyon,<\/span>T\u00fcrk dili ve edebiyat\u0131<\/td>\n<td valign=\"top\" width=\"57\">3, 8<\/td>\n<td valign=\"top\" width=\"66\">80<\/td>\n<td valign=\"top\" width=\"113\">4<\/td>\n<td valign=\"top\" width=\"113\">40<\/td>\n<\/tr>\n<tr>\n<td valign=\"top\" width=\"122\"><\/td>\n<td colspan=\"3\" valign=\"top\" width=\"255\">TOPLAM<\/td>\n<td valign=\"top\" width=\"113\">15<\/td>\n<td valign=\"top\" width=\"113\">150<\/td>\n<\/tr>\n<\/tbody>\n<\/table>\n<p><strong>(3)<\/strong> S\u0131nava kat\u0131lmaya hak kazanan adaylar, her bir kategori i\u00e7in ayr\u0131 bir liste halinde KPSS puanlar\u0131na g\u00f6re yap\u0131lacak s\u0131ralamayla belirlenecek olup, Bakanl\u0131\u011f\u0131n <a href=\"http:\/\/www.mfa.gov.tr\/\">www.mfa.gov.tr<\/a> adresli internet sitesi \u00fczerinden ilan edilecektir.<\/p>\n<p><strong>(4)<\/strong> S\u0131nava kat\u0131labilecek adaylara ili\u015fkin duyuruda, s\u0131nav program\u0131na ve s\u0131nav\u0131n yap\u0131laca\u011f\u0131 adrese de yer verilecektir.<\/p>\n<p><strong>III. Giri\u015f S\u0131nav\u0131 Ba\u015fvurular\u0131n\u0131n Yap\u0131lmas\u0131<\/strong><\/p>\n<p>Giri\u015f s\u0131nav\u0131 ba\u015fvurular\u0131, <strong><span style=\"color: #ff0000;\">10 A\u011fustos 2015 tarihinde ba\u015flayacak ve 21 A\u011fustos 2015 tarihinde saat 18:00\u2019de<\/span><\/strong> sona erecektir. Ba\u015fvurular, Bakanl\u0131\u011f\u0131n <a href=\"https:\/\/sinav.mfa.gov.tr\/\">https:\/\/sinav.mfa.gov.tr\/<\/a> adresli internet sitesi \u00fczerinden elektronik ortamda ve adaylarca temin edilecek olan e-devlet \u015fifresi ile yap\u0131lacakt\u0131r. Ba\u015fvuru i\u00e7in gerekli olan bilgiler ve elektronik ortamda iletilecek belge \u00f6rnekleri \u015funlard\u0131r:<\/p>\n<p>a) T.C. kimlik numaras\u0131,<\/p>\n<p>b) KPSS sonu\u00e7 puan\u0131n\u0131n beyan\u0131,<\/p>\n<p>c) Diploma veya mezuniyet belgesi (Yabanc\u0131 \u00fcniversitelerden al\u0131nm\u0131\u015f olmas\u0131 halinde Y\u00d6K onayl\u0131 denklik belgesinin de iletilmesi gerekmektedir),<\/p>\n<p>\u00e7) Mevcut g\u00f6r\u00fcn\u00fcm\u00fc yans\u0131tan vesikal\u0131k foto\u011fraf,<\/p>\n<p>d) Varsa lisans\u00fcst\u00fc e\u011fitim diplomas\u0131, (Yabanc\u0131 \u00fcniversitelerden al\u0131nm\u0131\u015f olmas\u0131 halinde Y\u00d6K onayl\u0131 denklik belgesinin de iletilmesi gerekmektedir)<\/p>\n<p>e) \u0130landa yer alan b\u00f6l\u00fcmlerin mezunu olmamakla birlikte, bu b\u00f6l\u00fcmlerden herhangi birinin m\u00fcfredat\u0131nda yer alan derslerin en az %70\u2019ine sahip olan di\u011fer b\u00f6l\u00fcmlerden mezun olan aday adaylar\u0131, e\u011fitim program\u0131n\u0131n uygunlu\u011funun tespiti amac\u0131yla, transkript \u00f6rneklerini de ba\u015fvurular\u0131 \u00e7er\u00e7evesinde Bakanl\u0131\u011fa elektronik ortamda ileteceklerdir.<\/p>\n<p>f) Yabanc\u0131 dil yeterlili\u011fine ili\u015fkin YDS\/e-YDS veya e\u015fde\u011ferli\u011fi Y\u00d6K taraf\u0131ndan saptanm\u0131\u015f uluslararas\u0131 dil s\u0131nav\u0131 sonu\u00e7 belgesi.<\/p>\n<p>&nbsp;<\/p>\n<p><strong>IV. S\u0131nav\u0131n A\u015famalar\u0131<\/strong><\/p>\n<p><strong>(A) Yaz\u0131l\u0131 S\u0131nav<\/strong><\/p>\n<p><strong>(1)<\/strong> Yaz\u0131l\u0131 s\u0131nav, \u201cUzman Yard\u0131mc\u0131l\u0131\u011f\u0131 I\u201d, \u201cUzman Yard\u0131mc\u0131l\u0131\u011f\u0131 II\u201d ve \u201cUzman Yard\u0131mc\u0131l\u0131\u011f\u0131 III\u201d kategorilerinden s\u0131nava kat\u0131lacak adaylar i\u00e7in a\u015fa\u011f\u0131daki b\u00f6l\u00fcmlerden olu\u015facakt\u0131r:<\/p>\n<p>&#8211; Alan bilgisi ile ba\u011flant\u0131l\u0131 bir konuda yaz\u0131lacak T\u00fcrk\u00e7e kompozisyon,<\/p>\n<p>&#8211; Mezuniyet gruplar\u0131 itibariyle farkl\u0131la\u015ft\u0131r\u0131lm\u0131\u015f T\u00fcrk\u00e7e metinlerin aday\u0131n tercihine g\u00f6re \u0130ngilizce, Frans\u0131zca veya Almanca dillerine \u00e7evrilmesi.<\/p>\n<p><strong>(2)<\/strong> Yaz\u0131l\u0131 s\u0131nav, \u201cUzman Yard\u0131mc\u0131l\u0131\u011f\u0131 IV\u201d kategorisinden s\u0131nava kat\u0131lacak adaylar i\u00e7in a\u015fa\u011f\u0131daki b\u00f6l\u00fcmlerden olu\u015facakt\u0131r:<\/p>\n<p>&#8211; Eski T\u00fcrk\u00e7e\/Osmanl\u0131ca bir metnin T\u00fcrk\u00e7eye \u00e7evrilmesi,<\/p>\n<p>&#8211; Mezuniyet grubuyla ba\u011flant\u0131l\u0131 T\u00fcrk\u00e7e bir metnin aday\u0131n tercihine g\u00f6re \u0130ngilizce, Frans\u0131zca veya Almanca dillerine \u00e7evrilmesi.<\/p>\n<p><strong>(3)<\/strong> Yaz\u0131l\u0131 s\u0131navda b\u00f6l\u00fcmlerden her biri e\u015fit a\u011f\u0131rl\u0131\u011fa sahip olup, ba\u015far\u0131l\u0131 olabilmek i\u00e7in her b\u00f6l\u00fcmden 100 \u00fczerinden asgari 70 puan al\u0131nmas\u0131 \u015fartt\u0131r. Ba\u015far\u0131 s\u0131ralamas\u0131, adaylar\u0131n 100 tam puan \u00fczerinden ald\u0131klar\u0131 puanlar\u0131n aritmetik ortalamas\u0131na g\u00f6re yap\u0131lacakt\u0131r.<\/p>\n<p><strong>(4)<\/strong> Yaz\u0131l\u0131 s\u0131nav sonucunda 100 \u00fczerinden 70 puandan az olmamak \u00fczere, en y\u00fcksek puandan ba\u015flanarak b\u00f6l\u00fcmler itibariyle yukar\u0131da belirtilen kontenjanlar\u0131n d\u00f6rt kat\u0131na kadar aday s\u00f6zl\u00fc s\u0131nava \u00e7a\u011fr\u0131lacakt\u0131r.<\/p>\n<p><strong>(5)<\/strong> Yaz\u0131l\u0131 s\u0131nav a\u015famas\u0131n\u0131n sonu\u00e7lar\u0131 Bakanl\u0131k internet sitesinde ilan edilecektir.<\/p>\n<p><strong>(B) S\u00f6zl\u00fc S\u0131nav<\/strong><\/p>\n<p>&nbsp;<\/p>\n<p><strong>(1)<\/strong> S\u00f6zl\u00fc s\u0131nav, adaylar\u0131n;<\/p>\n<p>a) S\u0131nav konular\u0131na ili\u015fkin bilgi d\u00fczeyi,<\/p>\n<p>b) Bir konuyu kavray\u0131p \u00f6zetleme, ifade yetene\u011fi ve muhakeme g\u00fcc\u00fc,<\/p>\n<p>c) Liyakati, temsil kabiliyeti, davran\u0131\u015f ve tepkilerinin mesle\u011fe uygunlu\u011fu,<\/p>\n<p>\u00e7) \u00d6zg\u00fcveni, ikna kabiliyeti ve inand\u0131r\u0131c\u0131l\u0131\u011f\u0131,<\/p>\n<p>d) Genel yetenek ve genel k\u00fclt\u00fcr\u00fc,<\/p>\n<p>e) Bilimsel ve teknolojik geli\u015fmelere a\u00e7\u0131kl\u0131\u011f\u0131,<\/p>\n<p>y\u00f6nlerinden de\u011ferlendirilerek, ayr\u0131 ayr\u0131 puan verilmek suretiyle ger\u00e7ekle\u015ftirilecektir.<\/p>\n<p><strong>(2)<\/strong> Adaylar, komisyon taraf\u0131ndan birinci f\u0131kran\u0131n (a) bendi i\u00e7in elli puan, (b) ila (e) bentlerinde yaz\u0131l\u0131 \u00f6zelliklerin her biri i\u00e7in onar puan \u00fczerinden de\u011ferlendirilecektir. S\u00f6zl\u00fc s\u0131navda ba\u015far\u0131l\u0131 say\u0131lmak i\u00e7in, s\u00f6zl\u00fc s\u0131nav puan ortalamas\u0131n\u0131n 100 tam puan \u00fczerinden en az 70 olmas\u0131 \u015fartt\u0131r.<\/p>\n<p><strong>(3)<\/strong> Ankara\u2019da yap\u0131lacak s\u00f6zl\u00fc s\u0131nav\u0131n tarihi, yaz\u0131l\u0131 s\u0131nav sonucuyla birlikte ilan edilecektir.<\/p>\n<p><strong>(4)<\/strong> Yaz\u0131l\u0131 ve s\u00f6zl\u00fc s\u0131navlarda ge\u00e7er not 100 \u00fczerinden 70\u2019tir.<\/p>\n<p><strong>(5)<\/strong> S\u0131nava girenlerin nihai ba\u015far\u0131 s\u0131ralamas\u0131 yaz\u0131l\u0131 ve s\u00f6zl\u00fc s\u0131navlarda al\u0131nan puanlar\u0131n aritmetik ortalamas\u0131na g\u00f6re yap\u0131lacakt\u0131r.<\/p>\n<p><strong>(C) S\u0131nav Sonu\u00e7lar\u0131n\u0131n De\u011ferlendirilmesi<\/strong><\/p>\n<p><strong>(1)<\/strong> Her bir mezuniyet grubu i\u00e7in ba\u015far\u0131 puan\u0131 en y\u00fcksek olan adaydan ba\u015flanmak suretiyle giri\u015f s\u0131nav\u0131 duyurusunda belirtilen Uzman Yard\u0131mc\u0131s\u0131 kadro say\u0131s\u0131 kadar asil aday\u0131n isimleri ilan edilecektir. Yap\u0131lan s\u0131navlarda ba\u015far\u0131l\u0131 olmak \u015fart\u0131yla, giri\u015f s\u0131nav\u0131 duyurusunda belirtilen uzman yard\u0131mc\u0131s\u0131 kadro say\u0131lar\u0131n\u0131n yar\u0131s\u0131n\u0131 ge\u00e7memek \u00fczere yedek adaylar\u0131n isimlerini kapsayan bir liste de ilan edilecektir.<\/p>\n<p><strong>(2)<\/strong> Herhangi bir mezuniyet grubundan belirlenen kontenjan say\u0131s\u0131nda aday\u0131n s\u00f6zl\u00fc s\u0131nav sonucunda ba\u015far\u0131l\u0131 olamamas\u0131 halinde bu kontenjan, s\u0131ras\u0131yla en y\u00fcksek puan\u0131 alan yedek adaylar\u0131n bulundu\u011fu di\u011fer mezuniyet grubu veya gruplar\u0131na tahsis edilebilecektir.<\/p>\n<p><strong>(3)<\/strong> \u0130lave bilgi talepleri i\u00e7in a\u015fa\u011f\u0131daki adres, e-posta ve telefon numaralar\u0131 \u00fczerinden Bakanl\u0131kla temasa ge\u00e7ilmesi m\u00fcmk\u00fcnd\u00fcr:<\/p>\n<p>D\u0131\u015fi\u015fleri Bakanl\u0131\u011f\u0131\/\u0130nsan Kaynaklar\u0131 Dairesi Ba\u015fkanl\u0131\u011f\u0131 (C Blok 4. Kat) Balgat\/Ankara<br \/>\nTel: (312) 2921000<\/p>\n<p>E-posta: <a href=\"mailto:sinav@mfa.gov.tr\">sinav@mfa.gov.tr<\/a><\/p>\n<p>Kaynak:http:\/\/www.mfa.gov.tr\/<\/p>\n","protected":false},"excerpt":{"rendered":"<p>D\u0131\u015fi\u015fleri Uzman Yard\u0131mc\u0131lar\u0131, D\u0131\u015fi\u015fleri Uzmanl\u0131\u011f\u0131 Y\u00f6netmeli\u011finde say\u0131lan g\u00f6revleri \u00e7er\u00e7evesinde, D\u0131\u015fi\u015fleri Bakanl\u0131\u011f\u0131\u2019n\u0131n Merkez Te\u015fkilat\u0131 birimlerinde g\u00f6revlendirilecek yurt d\u0131\u015f\u0131 tayine tabi olmayan kariyer memurlar\u0131d\u0131r. (2) D\u0131\u015fi\u015fleri Uzman Yard\u0131mc\u0131lar\u0131n\u0131n g\u00f6rev tan\u0131mlar\u0131 ile mesle\u011fe ili\u015fkin di\u011fer hususlar http:\/\/www.mevzuat.gov.tr\/Yonetmelikler.aspx internet adresindeki D\u0131\u015fi\u015fleri Uzmanl\u0131\u011f\u0131 Y\u00f6netmeli\u011finde kay\u0131tl\u0131d\u0131r.<\/p>\n","protected":false},"author":1,"featured_media":0,"comment_status":"open","ping_status":"open","sticky":false,"template":"","format":"standard","meta":{"footnotes":""},"categories":[],"tags":[1393],"class_list":["post-17367","post","type-post","status-publish","format-standard","hentry","tag-bby-is-ilanlari-arsivi"],"_links":{"self":[{"href":"https:\/\/www.bbyhaber.com\/bby\/wp-json\/wp\/v2\/posts\/17367"}],"collection":[{"href":"https:\/\/www.bbyhaber.com\/bby\/wp-json\/wp\/v2\/posts"}],"about":[{"href":"https:\/\/www.bbyhaber.com\/bby\/wp-json\/wp\/v2\/types\/post"}],"author":[{"embeddable":true,"href":"https:\/\/www.bbyhaber.com\/bby\/wp-json\/wp\/v2\/users\/1"}],"replies":[{"embeddable":true,"href":"https:\/\/www.bbyhaber.com\/bby\/wp-json\/wp\/v2\/comments?post=17367"}],"version-history":[{"count":0,"href":"https:\/\/www.bbyhaber.com\/bby\/wp-json\/wp\/v2\/posts\/17367\/revisions"}],"wp:attachment":[{"href":"https:\/\/www.bbyhaber.com\/bby\/wp-json\/wp\/v2\/media?parent=17367"}],"wp:term":[{"taxonomy":"category","embeddable":true,"href":"https:\/\/www.bbyhaber.com\/bby\/wp-json\/wp\/v2\/categories?post=17367"},{"taxonomy":"post_tag","embeddable":true,"href":"https:\/\/www.bbyhaber.com\/bby\/wp-json\/wp\/v2\/tags?post=17367"}],"curies":[{"name":"wp","href":"https:\/\/api.w.org\/{rel}","templated":true}]}}