{"id":17361,"date":"2015-08-05T00:40:58","date_gmt":"2015-08-04T21:40:58","guid":{"rendered":"http:\/\/www.bbyhaber.com\/bby\/?p=17361"},"modified":"2015-08-05T13:18:55","modified_gmt":"2015-08-05T10:18:55","slug":"sokak-kutuphaneleri-hizmete-girdi-ancak-zarar-veriliyor","status":"publish","type":"post","link":"https:\/\/www.bbyhaber.com\/bby\/2015\/08\/05\/sokak-kutuphaneleri-hizmete-girdi-ancak-zarar-veriliyor","title":{"rendered":"Sokak K\u00fct\u00fcphaneleri hizmete girdi, ancak zarar veriliyor"},"content":{"rendered":"<p style=\"text-align: justify;\"><img loading=\"lazy\" decoding=\"async\" class=\"alignleft\" src=\"http:\/\/www.bbyhaber.com\/bby\/wp-content\/uploads\/2015\/07\/sokak-kutuphaneleri-hizmete-girdi.jpg\" alt=\"Sokak k\u00fct\u00fcphaneleri hizmete girdi\" width=\"252\" height=\"126\" \/>Vatanda\u015flar\u0131n kitap okuma al\u0131\u015fkanl\u0131\u011f\u0131 kazanmas\u0131 ve kitap okuman\u0131n yayg\u0131nla\u015fmas\u0131 i\u00e7in \u0130zmit Belediyesi taraf\u0131ndan Sokak K\u00fct\u00fcphaneleri kuruldu ve proje hayata ge\u00e7irildi.<\/p>\n<p style=\"text-align: justify;\"><strong>SAYILARINI ARTIRACA\u011eIZ<\/strong><br \/>\nVatanda\u015flardan Sokak K\u00fct\u00fcphanelerini kullanmalar\u0131n\u0131 da isteyen Ba\u015fkan Do\u011fan, \u201c\u0130stiyoruz ki, bir ki\u015fi parkta otururken, yolda durup dinlenirken, ayn\u0131 zamanda otursun, a\u00e7s\u0131n kitab\u0131n\u0131 okusun. Sokak k\u00fct\u00fcphanelerinde kitap hi\u00e7 eksik olmayacak.<!--more--> Bizler kitapl\u0131\u011f\u0131m\u0131z\u0131 s\u00fcrekli dolduraca\u011f\u0131z. \u0130stiyoruz ki, herkes buna sahip \u00e7\u0131ks\u0131n. Vatanda\u015f\u0131m\u0131z, evlerinde okumad\u0131\u011f\u0131 kitaplar varsa getirsin buralar koysun. \u0130lk etapta iki yerde sokak k\u00fct\u00fcphanesini faaliyete ge\u00e7irdik. Hedefimiz say\u0131lar\u0131n\u0131 daha da art\u0131rmakt\u0131r. Hastanelerde \u00f6zellikle bekleme salonlar\u0131nda kitap okuma yerlerini desteklemeye devam edece\u011fiz\u201d ifadelerine yer verdi.<\/p>\n<p style=\"text-align: justify;\">\u0130zmit Belediyesi taraf\u0131ndan Y\u00fcr\u00fcy\u00fc\u015f Yolu\u2019na kurulan sokak k\u00fct\u00fcphanelerine baz\u0131 ki\u015fi veya ki\u015filerce zarar verildi. \u0130zmit\u2019teki okuma al\u0131\u015fkanl\u0131\u011f\u0131n\u0131 geli\u015ftirmek i\u00e7in yakla\u015f\u0131k bir ay \u00f6nce, Y\u00fcr\u00fcy\u00fc\u015f Yolu\u2019na konulan sokak k\u00fct\u00fcphanelerine zarar verilmesi \u0130zmit Belediyesi\u2019nden bir a\u00e7\u0131klama yap\u0131ld\u0131.Yetkililerden yap\u0131lan a\u00e7\u0131klamada, \u201c\u00d6zellikle son g\u00fcnlerde baz\u0131 ki\u015filerin k\u00fct\u00fcphanelerin cam ve raflar\u0131n\u0131 k\u0131rarak, kitaplar\u0131 \u00e7ald\u0131klar\u0131n\u0131 \u00fcz\u00fclerek \u015fahit olmaktay\u0131z. Herkesin kullan\u0131m\u0131 i\u00e7in yap\u0131lan hizmetin baltalanmas\u0131na anlam veremiyoruz. B\u00fct\u00fcn bu olumsuzluklara ra\u011fmen sokak k\u00fct\u00fcphanelerinin faaliyetini s\u00fcrd\u00fcrmekte kararl\u0131y\u0131z\u201d ifadeleri kullan\u0131ld\u0131.<\/p>\n<p style=\"text-align: justify;\">Belediye yetkilileri, k\u00fct\u00fcphanelere zarar verenlerin bulunup cezaland\u0131r\u0131lmas\u0131 i\u00e7in emniyet g\u00fc\u00e7lerine gerekli m\u00fcracaatta bulunduklar\u0131n\u0131 da bildirdiler.<\/p>\n<p>\u00a0IHA<\/p>\n","protected":false},"excerpt":{"rendered":"<p>Vatanda\u015flar\u0131n kitap okuma al\u0131\u015fkanl\u0131\u011f\u0131 kazanmas\u0131 ve kitap okuman\u0131n yayg\u0131nla\u015fmas\u0131 i\u00e7in \u0130zmit Belediyesi taraf\u0131ndan Sokak K\u00fct\u00fcphaneleri kuruldu ve proje hayata ge\u00e7irildi. SAYILARINI ARTIRACA\u011eIZ Vatanda\u015flardan Sokak K\u00fct\u00fcphanelerini kullanmalar\u0131n\u0131 da isteyen Ba\u015fkan Do\u011fan, \u201c\u0130stiyoruz ki, bir ki\u015fi parkta otururken, yolda durup dinlenirken, ayn\u0131 zamanda otursun, a\u00e7s\u0131n kitab\u0131n\u0131 okusun. Sokak k\u00fct\u00fcphanelerinde kitap hi\u00e7 eksik olmayacak.<\/p>\n","protected":false},"author":129,"featured_media":0,"comment_status":"open","ping_status":"open","sticky":false,"template":"","format":"standard","meta":{"footnotes":""},"categories":[1,771,1504],"tags":[],"class_list":["post-17361","post","type-post","status-publish","format-standard","hentry","category-genel","category-sokak-kutuphaneleri-kutuphaneler","category-sokak-kutuphaneleri"],"_links":{"self":[{"href":"https:\/\/www.bbyhaber.com\/bby\/wp-json\/wp\/v2\/posts\/17361"}],"collection":[{"href":"https:\/\/www.bbyhaber.com\/bby\/wp-json\/wp\/v2\/posts"}],"about":[{"href":"https:\/\/www.bbyhaber.com\/bby\/wp-json\/wp\/v2\/types\/post"}],"author":[{"embeddable":true,"href":"https:\/\/www.bbyhaber.com\/bby\/wp-json\/wp\/v2\/users\/129"}],"replies":[{"embeddable":true,"href":"https:\/\/www.bbyhaber.com\/bby\/wp-json\/wp\/v2\/comments?post=17361"}],"version-history":[{"count":0,"href":"https:\/\/www.bbyhaber.com\/bby\/wp-json\/wp\/v2\/posts\/17361\/revisions"}],"wp:attachment":[{"href":"https:\/\/www.bbyhaber.com\/bby\/wp-json\/wp\/v2\/media?parent=17361"}],"wp:term":[{"taxonomy":"category","embeddable":true,"href":"https:\/\/www.bbyhaber.com\/bby\/wp-json\/wp\/v2\/categories?post=17361"},{"taxonomy":"post_tag","embeddable":true,"href":"https:\/\/www.bbyhaber.com\/bby\/wp-json\/wp\/v2\/tags?post=17361"}],"curies":[{"name":"wp","href":"https:\/\/api.w.org\/{rel}","templated":true}]}}