{"id":17357,"date":"2015-08-04T00:20:49","date_gmt":"2015-08-03T21:20:49","guid":{"rendered":"http:\/\/www.bbyhaber.com\/bby\/?p=17357"},"modified":"2015-08-05T13:20:30","modified_gmt":"2015-08-05T10:20:30","slug":"plajda-kutuphane","status":"publish","type":"post","link":"https:\/\/www.bbyhaber.com\/bby\/2015\/08\/04\/plajda-kutuphane","title":{"rendered":"Plajda K\u00fct\u00fcphane"},"content":{"rendered":"<p style=\"text-align: justify;\"><img loading=\"lazy\" decoding=\"async\" class=\"alignleft\" src=\"http:\/\/www.bbyhaber.com\/bby\/wp-content\/uploads\/2015\/07\/plaj.jpg\" alt=\"Plajda K\u00fct\u00fcphane\" width=\"212\" height=\"125\" \/> G\u00f6rele&#8217;de \u0130l\u00e7e Halk K\u00fct\u00fcphanesi M\u00fcd\u00fcrl\u00fc\u011f\u00fcnce plajda k\u00fct\u00fcphane olu\u015fturuldu.\u0130l\u00e7e Halk K\u00fct\u00fcphanesi M\u00fcd\u00fcr\u00fc Mehmet Suphi Yetkin, yapt\u0131\u011f\u0131 a\u00e7\u0131klamada, kitap okuma al\u0131\u015fkanl\u0131\u011f\u0131n\u0131 art\u0131rmak i\u00e7in \u00e7e\u015fitli faaliyetler yapt\u0131klar\u0131n\u0131 s\u00f6yledi.<!--more--><\/p>\n<p style=\"text-align: justify;\">Plaja gelen vatanda\u015flar\u0131n kitap okumas\u0131 i\u00e7in k\u00fct\u00fcphane olu\u015fturduklar\u0131n\u0131 belirten Yal\u00e7\u0131n, &#8220;Bu durumu de\u011ferlendirerek plaj k\u00fct\u00fcphanesi ad\u0131 alt\u0131nda stant kurup, il\u00e7emizin bir plaj\u0131nda gezici k\u00fct\u00fcphane olu\u015fturduk. Bu g\u00fczel bir olu\u015fum oldu. Bu olu\u015fuma vatanda\u015flar\u0131n ve okuyucular\u0131n b\u00fcy\u00fck katk\u0131s\u0131 olmas\u0131 bizleri olduk\u00e7a memnun etti. Vatanda\u015flar\u0131n her sezon periyodik olarak bunun olmas\u0131n\u0131 istemesi bizleri bu i\u015fe daha da motive etti.<\/p>\n<p style=\"text-align: justify;\">Bizler de vatanda\u015flar\u0131m\u0131zdan gelen bu talebi k\u0131ramad\u0131k ve envanterlerimizin bir k\u0131sm\u0131n\u0131 buraya ta\u015f\u0131d\u0131k. \u0130ki raf, \u00fc\u00e7 tane masa ve stantlar olu\u015fturmak kayd\u0131yla bin civar\u0131nda bir envanterle plaja gelen vatanda\u015flar\u0131 bulu\u015fturduk\u201d dedi.<\/p>\n<p style=\"text-align: justify;\">Plajda kitap okuyan vatanda\u015flardan Hayrullah K\u0131rtorun ise, \u201cKitap okumak her ya\u015fta ve her zaman olmas\u0131 gereken bir \u015feydir. Okuman\u0131n ya\u015f\u0131 yoktur. Okumak her zaman zihni a\u00e7an ve gelece\u011fimizin vizyonu i\u00e7in \u00e7ok \u00f6nemli bir unsurdur. Bu t\u00fcr etkinliklerin her zaman il\u00e7emizde ve T\u00fcrkiye\u2019nin her b\u00f6lgesinde olmas\u0131n\u0131 temenni ederiz. Ger\u00e7ekten \u00e7ok faydal\u0131 bir durum. Ben bilgilerle dolu bir k\u00fct\u00fcphaneyi aya\u011f\u0131m\u0131za getiren il\u00e7e k\u00fct\u00fcphanesi yetkililerini kutluyor, te\u015fekk\u00fcr ediyorum&#8221; diye konu\u015ftu.<\/p>\n<p>Kaynak: http:\/\/www.haber61.net\/<\/p>\n","protected":false},"excerpt":{"rendered":"<p>G\u00f6rele&#8217;de \u0130l\u00e7e Halk K\u00fct\u00fcphanesi M\u00fcd\u00fcrl\u00fc\u011f\u00fcnce plajda k\u00fct\u00fcphane olu\u015fturuldu.\u0130l\u00e7e Halk K\u00fct\u00fcphanesi M\u00fcd\u00fcr\u00fc Mehmet Suphi Yetkin, yapt\u0131\u011f\u0131 a\u00e7\u0131klamada, kitap okuma al\u0131\u015fkanl\u0131\u011f\u0131n\u0131 art\u0131rmak i\u00e7in \u00e7e\u015fitli faaliyetler yapt\u0131klar\u0131n\u0131 s\u00f6yledi.<\/p>\n","protected":false},"author":129,"featured_media":0,"comment_status":"open","ping_status":"open","sticky":false,"template":"","format":"standard","meta":{"footnotes":""},"categories":[1,1595,768],"tags":[770],"class_list":["post-17357","post","type-post","status-publish","format-standard","hentry","category-genel","category-plaj-kutuphaneleri","category-plaj-kutuphaneleri-kutuphaneler","tag-gorele-ilce-halk-kutuphanesi"],"_links":{"self":[{"href":"https:\/\/www.bbyhaber.com\/bby\/wp-json\/wp\/v2\/posts\/17357"}],"collection":[{"href":"https:\/\/www.bbyhaber.com\/bby\/wp-json\/wp\/v2\/posts"}],"about":[{"href":"https:\/\/www.bbyhaber.com\/bby\/wp-json\/wp\/v2\/types\/post"}],"author":[{"embeddable":true,"href":"https:\/\/www.bbyhaber.com\/bby\/wp-json\/wp\/v2\/users\/129"}],"replies":[{"embeddable":true,"href":"https:\/\/www.bbyhaber.com\/bby\/wp-json\/wp\/v2\/comments?post=17357"}],"version-history":[{"count":0,"href":"https:\/\/www.bbyhaber.com\/bby\/wp-json\/wp\/v2\/posts\/17357\/revisions"}],"wp:attachment":[{"href":"https:\/\/www.bbyhaber.com\/bby\/wp-json\/wp\/v2\/media?parent=17357"}],"wp:term":[{"taxonomy":"category","embeddable":true,"href":"https:\/\/www.bbyhaber.com\/bby\/wp-json\/wp\/v2\/categories?post=17357"},{"taxonomy":"post_tag","embeddable":true,"href":"https:\/\/www.bbyhaber.com\/bby\/wp-json\/wp\/v2\/tags?post=17357"}],"curies":[{"name":"wp","href":"https:\/\/api.w.org\/{rel}","templated":true}]}}