{"id":17321,"date":"2015-07-20T15:49:05","date_gmt":"2015-07-20T12:49:05","guid":{"rendered":"http:\/\/www.bbyhaber.com\/bby\/?p=17321"},"modified":"2015-08-17T13:02:32","modified_gmt":"2015-08-17T10:02:32","slug":"anadolu-universitesi-uzman-ilani-son-basvuru-03-08-2015","status":"publish","type":"post","link":"https:\/\/www.bbyhaber.com\/bby\/2015\/07\/20\/anadolu-universitesi-uzman-ilani-son-basvuru-03-08-2015","title":{"rendered":"Anadolu \u00dcniversitesi Uzman \u0130lan\u0131-Son Ba\u015fvuru-03.08.2015"},"content":{"rendered":"<p style=\"text-align: justify;\"><a href=\"http:\/\/www.bbyhaber.com\/bby\/category\/bby-is-ilanlari\/\"><img loading=\"lazy\" decoding=\"async\" class=\"alignleft colorbox-9771\" src=\"http:\/\/www.bbyhaber.com\/bby\/wp-content\/uploads\/is-ilanlari-arsivi.jpg\" alt=\"\" width=\"250\" height=\"150\" \/><\/a>ANADOLU \u00dcN\u0130VERS\u0130TES\u0130&#8212;&gt;REKT\u00d6RL\u00dcK&#8212;&gt;B\u0130LG\u0130 VE BELGE Y\u00d6NET\u0130M\u0130 VEYA DOK\u00dcMANTASYON VE ENFORMASYON VEYA AR\u015e\u0130VC\u0130L\u0130K VEYA K\u00dcT\u00dcPHANEC\u0130L\u0130K VEYA K\u00dcT\u00dcPHANEC\u0130L\u0130K VE B\u0130LG\u0130 \u00c7ALI\u015eMALARI B\u00d6L\u00dcM\u00dc <strong>L\u0130SANS MEZUNU OLMAK VE ALANINDA EN AZ 2 YIL TECR\u00dcBE<\/strong> SAH\u0130B\u0130 OLMAK \u00f6zel \u015fartlar\u0131 ile <strong><span style=\"color: #ff0000;\">2<\/span><\/strong> &#8220;<span style=\"color: #ff0000;\"><strong>UZMAN<\/strong><\/span>&#8221; personel al\u0131nacakt\u0131r.<!--more--><\/p>\n<table style=\"color: #000000; font-family: Arial, Tahoma, Verdana; font-size: 15px; line-height: 18px;\" width=\"344\" border=\"1\" cellspacing=\"0\" cellpadding=\"0\">\n<colgroup>\n<col width=\"233\" \/>\n<col width=\"111\" \/> <\/colgroup>\n<tbody>\n<tr>\n<td width=\"233\" height=\"20\">Kadro Unvan<\/td>\n<td width=\"111\"><strong>UZMAN<br \/>\n<\/strong><\/td>\n<\/tr>\n<tr>\n<td height=\"20\">ALES<\/td>\n<td><strong>70<\/strong><\/td>\n<\/tr>\n<tr>\n<td height=\"20\">\u00dcDS\/Dengi<\/td>\n<td>50<\/td>\n<\/tr>\n<tr>\n<td height=\"20\">Kadro Say\u0131s\u0131<\/td>\n<td><span style=\"color: #ff0000;\"><strong>2<\/strong><\/span><\/td>\n<\/tr>\n<tr>\n<td height=\"20\">Kadro Derecesi<\/td>\n<td>6<\/td>\n<\/tr>\n<tr>\n<td height=\"20\">Ba\u015fvuru Tipi<\/td>\n<td><strong>Posta, \u015eahsen<\/strong><\/td>\n<\/tr>\n<tr>\n<td height=\"20\">Ba\u015fvuru Yeri<\/td>\n<td><strong>Anadolu \u00dcniversitesi Rekt\u00f6rl\u00fc\u011f\u00fc\u00a0\u00a0 Personel Dairesi Ba\u015fkanl\u0131\u011f\u0131 Yunus emre Kamp\u00fcs\u00fc ESK\u0130\u015eEH\u0130R<br \/>\n<\/strong><\/td>\n<\/tr>\n<tr>\n<td height=\"20\"><strong style=\"color: #ff0000; font-family: Arial, Tahoma, Verdana; font-size: 15px; line-height: 18px;\">Son Ba\u015fvuru Tarihi<\/strong><\/td>\n<td><span style=\"font-family: Arial, Tahoma, Verdana;\"><span style=\"font-size: 15px;\"><strong>03.08.2015<\/strong><\/span><\/span><\/td>\n<\/tr>\n<tr>\n<td height=\"20\">\u00d6n De\u011ferlendirme Tarihi<\/td>\n<td>07.08.2015<\/td>\n<\/tr>\n<tr>\n<td height=\"20\">S\u0131nav Giri\u015f Tarihi<\/td>\n<td>10.08.2015<\/td>\n<\/tr>\n<tr>\n<td height=\"20\"><span style=\"color: #0000ff;\"><strong>Sonu\u00e7 A\u00e7\u0131klama Tarihi<\/strong><\/span><\/td>\n<td><strong>13.08.20155<\/strong><\/td>\n<\/tr>\n<\/tbody>\n<\/table>\n<p><a href=\"https:\/\/yoksis.yok.gov.tr\/ilansayfa\/?sessionid=40993\" target=\"_blank\"><span style=\"color: #0000ff;\"><strong><span style=\"color: #0000ff;\">Daha fazla bilgi ve belge i\u00e7in t\u0131klay\u0131n\u0131z<\/span><\/strong><\/span><\/a><\/p>\n","protected":false},"excerpt":{"rendered":"<p>ANADOLU \u00dcN\u0130VERS\u0130TES\u0130&#8212;&gt;REKT\u00d6RL\u00dcK&#8212;&gt;B\u0130LG\u0130 VE BELGE Y\u00d6NET\u0130M\u0130 VEYA DOK\u00dcMANTASYON VE ENFORMASYON VEYA AR\u015e\u0130VC\u0130L\u0130K VEYA K\u00dcT\u00dcPHANEC\u0130L\u0130K VEYA K\u00dcT\u00dcPHANEC\u0130L\u0130K VE B\u0130LG\u0130 \u00c7ALI\u015eMALARI B\u00d6L\u00dcM\u00dc L\u0130SANS MEZUNU OLMAK VE ALANINDA EN AZ 2 YIL TECR\u00dcBE SAH\u0130B\u0130 OLMAK \u00f6zel \u015fartlar\u0131 ile 2 &#8220;UZMAN&#8221; personel al\u0131nacakt\u0131r.<\/p>\n","protected":false},"author":1,"featured_media":0,"comment_status":"open","ping_status":"open","sticky":false,"template":"","format":"standard","meta":{"footnotes":""},"categories":[],"tags":[1393],"class_list":["post-17321","post","type-post","status-publish","format-standard","hentry","tag-bby-is-ilanlari-arsivi"],"_links":{"self":[{"href":"https:\/\/www.bbyhaber.com\/bby\/wp-json\/wp\/v2\/posts\/17321"}],"collection":[{"href":"https:\/\/www.bbyhaber.com\/bby\/wp-json\/wp\/v2\/posts"}],"about":[{"href":"https:\/\/www.bbyhaber.com\/bby\/wp-json\/wp\/v2\/types\/post"}],"author":[{"embeddable":true,"href":"https:\/\/www.bbyhaber.com\/bby\/wp-json\/wp\/v2\/users\/1"}],"replies":[{"embeddable":true,"href":"https:\/\/www.bbyhaber.com\/bby\/wp-json\/wp\/v2\/comments?post=17321"}],"version-history":[{"count":0,"href":"https:\/\/www.bbyhaber.com\/bby\/wp-json\/wp\/v2\/posts\/17321\/revisions"}],"wp:attachment":[{"href":"https:\/\/www.bbyhaber.com\/bby\/wp-json\/wp\/v2\/media?parent=17321"}],"wp:term":[{"taxonomy":"category","embeddable":true,"href":"https:\/\/www.bbyhaber.com\/bby\/wp-json\/wp\/v2\/categories?post=17321"},{"taxonomy":"post_tag","embeddable":true,"href":"https:\/\/www.bbyhaber.com\/bby\/wp-json\/wp\/v2\/tags?post=17321"}],"curies":[{"name":"wp","href":"https:\/\/api.w.org\/{rel}","templated":true}]}}