{"id":17318,"date":"2015-07-19T00:30:48","date_gmt":"2015-07-18T21:30:48","guid":{"rendered":"http:\/\/www.bbyhaber.com\/bby\/?p=17318"},"modified":"2015-09-17T12:42:11","modified_gmt":"2015-09-17T09:42:11","slug":"kkk-sivil-memur-alim-ilani-son-basvuru-12-agustos-2015","status":"publish","type":"post","link":"https:\/\/www.bbyhaber.com\/bby\/2015\/07\/19\/kkk-sivil-memur-alim-ilani-son-basvuru-12-agustos-2015","title":{"rendered":"KKK sivil memur al\u0131m ilan\u0131-Son Ba\u015fvuru-12 A\u011fustos 2015"},"content":{"rendered":"<p style=\"text-align: justify;\"><a href=\"http:\/\/www.bbyhaber.com\/bby\/category\/bby-is-ilanlari\/\"><img loading=\"lazy\" decoding=\"async\" class=\"alignleft colorbox-9771\" src=\"http:\/\/www.bbyhaber.com\/bby\/wp-content\/uploads\/is-ilanlari-arsivi.jpg\" alt=\"\" width=\"250\" height=\"150\" \/><\/a>Genelkurmay Ba\u015fkanl\u0131\u011f\u0131 ve Kara Kuvvetleri Komutanl\u0131\u011f\u0131n\u0131n merkez ve ba\u011fl\u0131 ta\u015fra te\u015fkilat\u0131 ihtiyac\u0131 i\u00e7in &#8220;Milli Savunma Bakanl\u0131\u011f\u0131, Genelkurmay Ba\u015fkanl\u0131\u011f\u0131 ve Kuvvet Komutanl\u0131klar\u0131nda \u0130lk Defa Devlet Memurlu\u011funa Atanacaklar \u0130\u00e7in Yap\u0131lacak S\u0131navlar Hakk\u0131nda Y\u00f6netmelik&#8221; h\u00fck\u00fcmleri do\u011frultusunda 657 say\u0131l\u0131 Devlet Memurlar\u0131 Kanunu&#8217;na tabi a\u00e7\u0131ktan atama yoluyla sivil memur temini yap\u0131lacakt\u0131r.<!--more--><\/p>\n<p style=\"text-align: justify;\">\u00d6n ba\u015fvurular, www.kkk.tsk.tr\/PersonelTemin\/Pertem.aspx Genel A\u011f (internet) adresinden <strong>14 Temmuz-12 A\u011fustos 2015<\/strong> (Saat 17.00&#8217;a kadar.) tarihleri aras\u0131nda al\u0131nacakt\u0131r.<\/p>\n<p style=\"text-align: justify;\">* <a href=\"https:\/\/pertem.kkk.tsk.tr\/01Basvuru\/Memur\/basvuru.aspx?tid=55\" target=\"_blank\"><span style=\"color: #0000ff;\">Yeni Ba\u015fvuru Yapmak \u0130\u00e7in T\u0131klay\u0131n\u0131z<\/span><\/a><\/p>\n<p style=\"text-align: justify;\">* <span style=\"color: #0000ff;\"><a href=\"http:\/\/ilan.memurlar.net\/common\/job\/advert\/documents\/32842\/kilavuz.pdf\" target=\"_blank\"><span style=\"color: #0000ff;\">B<\/span><\/a><a href=\"https:\/\/pertem.kkk.tsk.tr\/01Basvuru\/Memur\/kilavuz.pdf\" target=\"_blank\"><span style=\"color: #0000ff;\">a\u015fvuru k\u0131lavuzu<\/span><\/a><\/span> (Ba\u015fvuru yapmadan \u00d6nce mutlaka Okuyunuz)<\/p>\n<p style=\"text-align: justify;\">\n","protected":false},"excerpt":{"rendered":"<p>Genelkurmay Ba\u015fkanl\u0131\u011f\u0131 ve Kara Kuvvetleri Komutanl\u0131\u011f\u0131n\u0131n merkez ve ba\u011fl\u0131 ta\u015fra te\u015fkilat\u0131 ihtiyac\u0131 i\u00e7in &#8220;Milli Savunma Bakanl\u0131\u011f\u0131, Genelkurmay Ba\u015fkanl\u0131\u011f\u0131 ve Kuvvet Komutanl\u0131klar\u0131nda \u0130lk Defa Devlet Memurlu\u011funa Atanacaklar \u0130\u00e7in Yap\u0131lacak S\u0131navlar Hakk\u0131nda Y\u00f6netmelik&#8221; h\u00fck\u00fcmleri do\u011frultusunda 657 say\u0131l\u0131 Devlet Memurlar\u0131 Kanunu&#8217;na tabi a\u00e7\u0131ktan atama yoluyla sivil memur temini yap\u0131lacakt\u0131r.<\/p>\n","protected":false},"author":1,"featured_media":0,"comment_status":"open","ping_status":"open","sticky":false,"template":"","format":"standard","meta":{"footnotes":""},"categories":[],"tags":[1393],"class_list":["post-17318","post","type-post","status-publish","format-standard","hentry","tag-bby-is-ilanlari-arsivi"],"_links":{"self":[{"href":"https:\/\/www.bbyhaber.com\/bby\/wp-json\/wp\/v2\/posts\/17318"}],"collection":[{"href":"https:\/\/www.bbyhaber.com\/bby\/wp-json\/wp\/v2\/posts"}],"about":[{"href":"https:\/\/www.bbyhaber.com\/bby\/wp-json\/wp\/v2\/types\/post"}],"author":[{"embeddable":true,"href":"https:\/\/www.bbyhaber.com\/bby\/wp-json\/wp\/v2\/users\/1"}],"replies":[{"embeddable":true,"href":"https:\/\/www.bbyhaber.com\/bby\/wp-json\/wp\/v2\/comments?post=17318"}],"version-history":[{"count":0,"href":"https:\/\/www.bbyhaber.com\/bby\/wp-json\/wp\/v2\/posts\/17318\/revisions"}],"wp:attachment":[{"href":"https:\/\/www.bbyhaber.com\/bby\/wp-json\/wp\/v2\/media?parent=17318"}],"wp:term":[{"taxonomy":"category","embeddable":true,"href":"https:\/\/www.bbyhaber.com\/bby\/wp-json\/wp\/v2\/categories?post=17318"},{"taxonomy":"post_tag","embeddable":true,"href":"https:\/\/www.bbyhaber.com\/bby\/wp-json\/wp\/v2\/tags?post=17318"}],"curies":[{"name":"wp","href":"https:\/\/api.w.org\/{rel}","templated":true}]}}