{"id":17295,"date":"2015-07-09T13:38:47","date_gmt":"2015-07-09T10:38:47","guid":{"rendered":"http:\/\/www.bbyhaber.com\/bby\/?p=17295"},"modified":"2015-07-10T09:31:36","modified_gmt":"2015-07-10T06:31:36","slug":"atanma-sorunu-ve-canakkale-18-mart-universitesi-kutuphanesinde-yasananlar","status":"publish","type":"post","link":"https:\/\/www.bbyhaber.com\/bby\/2015\/07\/09\/atanma-sorunu-ve-canakkale-18-mart-universitesi-kutuphanesinde-yasananlar","title":{"rendered":"Atanma sorunu ve \u00c7anakkale 18 Mart \u00dcniversitesi K\u00fct\u00fcphanesinde Ya\u015fananlar"},"content":{"rendered":"<p style=\"text-align: justify;\"><img loading=\"lazy\" decoding=\"async\" class=\"alignleft\" src=\"http:\/\/www.bbyhaber.com\/bby\/wp-content\/uploads\/2014\/09\/alifuatkartal.jpg\" alt=\"\" width=\"254\" height=\"156\" \/>D\u00fcn yay\u0131nlad\u0131\u011f\u0131m\u0131z &#8220;<a title=\"10 K\u00fct\u00fcphanecinin \u0130\u015fine Son Verildi\" href=\"http:\/\/www.bbyhaber.com\/bby\/2015\/07\/08\/10-kutuphanecinin-isine-son-verildi\/\" target=\"_blank\"><span style=\"color: #0000ff;\">10 K\u00fct\u00fcphanecinin \u0130\u015fine Son Verild<\/span><\/a>i&#8221; haberi ve atama sorunlar\u0131na dair TKD Genel Ba\u015fkan\u0131 Ali Fuat Kartal bir a\u00e7\u0131klama yay\u0131nlad\u0131; detaylar \u015fu \u015fekilde &#8220;Sevgili meslekta\u015flar\u0131m, son y\u0131llarda ya\u015fad\u0131\u011f\u0131m\u0131z g\u00f6revden alma sorunlar\u0131na bir yenisi daha eklendi. K\u00fct\u00fcphanecilerin kamu kurumlar\u0131na atanma konusu, \u00f6nemli bir sorun olmaya ba\u015flad\u0131. Tabi bunun bir\u00e7ok nedeni var. \u00dclkemizde, ta\u015feronla\u015fma t\u00fcm kamu kurumlar\u0131nda ald\u0131 ba\u015f\u0131n\u0131 gidiyor. T\u00fcrkiye\u2019nin bir an \u00f6nce \u00e7\u00f6z\u00fclmesi gereken en b\u00fcy\u00fck sorunlar\u0131ndan birisi.<!--more--><\/p>\n<p style=\"text-align: justify;\">Bunun en ac\u0131 \u00f6rneklerinden birisini bug\u00fcn \u00c7anakkale 18 Mart \u00dcniversitesinde ya\u015famaktay\u0131z. Ta\u015feron firma arac\u0131l\u0131\u011f\u0131yla \u00c7anakkale 18 Mart \u00dcniversitesi K\u00fct\u00fcphanesinde \u00e7al\u0131\u015fan<a title=\"10 K\u00fct\u00fcphanecinin \u0130\u015fine Son Verildi\" href=\"http:\/\/www.bbyhaber.com\/bby\/2015\/07\/08\/10-kutuphanecinin-isine-son-verildi\/\" target=\"_blank\"><span style=\"color: #0000ff;\"> 10 arkada\u015f\u0131m\u0131z i\u015ften \u00e7\u0131kart\u0131ld\u0131<\/span><\/a>.<\/p>\n<p style=\"text-align: justify;\">Bilmem hat\u0131rlarm\u0131s\u0131n\u0131z, \u00c7anakkale 18 Mart \u00dcniversitesi K\u00fct\u00fcphanesine ta\u015feron firma arac\u0131l\u0131\u011f\u0131 ile elaman al\u0131m\u0131 s\u00fcrecinde, kutup-l \u00fczerinden bir tart\u0131\u015fma ya\u015fanm\u0131\u015ft\u0131. Ta\u015feron firmada \u00e7al\u0131\u015fan arkada\u015flar neredeyse bu sistemi savunarak, ald\u0131klar\u0131 1500Tl \u00fccreti de iyi bir \u00fccret olarak nitelemi\u015flerdi.<\/p>\n<p style=\"text-align: justify;\">Ben, insanlar\u0131n ya\u015famak i\u00e7in \u00e7al\u0131\u015fmak zorunda oldu\u011funu, bu zorunlulu\u011funda sistem taraf\u0131ndan olumsuz y\u00f6nde kullan\u0131ld\u0131\u011f\u0131n\u0131, ancak as\u0131l sorunun bu \u015fekilde \u00e7al\u0131\u015fan arkada\u015flar\u0131n, adeta ta\u015feron sistemini savunmalar\u0131n\u0131, anlamad\u0131\u011f\u0131m\u0131 s\u00f6ylemi\u015ftim. Geldi\u011fimiz nokta ortada.<\/p>\n<p style=\"text-align: justify;\">Maalesef ayn\u0131 sistem\/anlay\u0131\u015f \u015fimdi de devam ediyor. <strong>Kamuya az kadro verip, insanlar\u0131 ta\u015feron sistemine mahkum etmek.<\/strong><\/p>\n<p style=\"text-align: justify;\">K\u00fct\u00fcphanecilerin kadro sorunu hakk\u0131nda ilgililerle ge\u00e7en sene ba\u015flayan g\u00f6r\u00fc\u015fmelerimiz devam etmektedir. Ancak \u015fu anda bu konuda herhangi bir muhatap bulmak zor.<\/p>\n<p style=\"text-align: justify;\">H\u00fck\u00fcmet kurulacak m\u0131? Ne zaman kurulacak? Bu belirsizlik ortam\u0131nda bir \u015fey yapmak zor.<\/p>\n<p style=\"text-align: justify;\">TKD olarak bu konuda Milli E\u011fitim Bakanl\u0131\u011f\u0131n\u0131 zorlayarak okul k\u00fct\u00fcphanelerine k\u00fct\u00fcphaneci kadrosunun a\u00e7\u0131lmas\u0131 y\u00f6n\u00fcnde \u00e7al\u0131\u015fmalar yapt\u0131k, yapmaya devam edece\u011fiz.<\/p>\n<p style=\"text-align: justify;\">Okul k\u00fct\u00fcphanelerine k\u00fct\u00fcphaneci istihdam\u0131, hem okul k\u00fct\u00fcphanecili\u011fimiz hem de bizim a\u00e7\u0131m\u0131zdan son derece \u00f6nemli.<\/p>\n<p style=\"text-align: justify;\">Takdir edersiniz ki mesle\u011fimiz a\u00e7\u0131s\u0131nda ya\u015fad\u0131\u011f\u0131m\u0131z bu sorunlar\u0131, \u00fclke ger\u00e7eklili\u011finden ba\u011f\u0131ms\u0131z d\u00fc\u015f\u00fcnmek de imkans\u0131z.<\/p>\n<p style=\"text-align: justify;\">P\u0131trak gibi a\u00e7\u0131lan b\u00f6l\u00fcmler, gere\u011finden fazla \u00f6\u011frenci kontenjanlar\u0131 ve yetersiz kadrolar ile piyasaya g\u00fcya yeti\u015fmi\u015f, meslek sahibi elaman yeti\u015ftirdi\u011fimizi san\u0131yoruz. En ac\u0131s\u0131 da ya bunun fark\u0131na varacak bilgi d\u00fczeyimiz yok ya da sadece kendi \u00e7\u0131kar\u0131m\u0131z i\u00e7in g\u00f6rmezden geliyoruz.<\/p>\n<p style=\"text-align: justify;\">Tabii ki kaybeden \u00fclkemiz oluyor.<\/p>\n<p style=\"text-align: justify;\">Ya\u015fad\u0131\u011f\u0131m\u0131z ve g\u00f6rmezden geldi\u011fimiz bu ger\u00e7eklili\u011fi Azerbaycan devlet petrol \u015firketi Socar&#8217;\u0131n T\u00fcrkiye CEO\u2019su Kenan Yavuz d\u00fcn yapt\u0131\u011f\u0131 a\u00e7\u0131klama ile adeta <a href=\"http:\/\/www.hurriyet.com.tr\/ekonomi\/29490620.asp\" target=\"_blank\"><span style=\"color: #0000ff;\">surat\u0131m\u0131za \u00e7arpt\u0131<\/span><\/a>.<\/p>\n<p style=\"text-align: justify;\">\u201cY\u00d6K denilen kurum aileleri ve \u00e7ocuklar\u0131m\u0131z\u0131 kand\u0131rmaktan vazge\u00e7melidir. \u00dcniversite! bitirip ortal\u0131\u011fa d\u00f6k\u00fclen milyonlarca gen\u00e7 var.\u201d \u201cY\u00d6K e\u011fer talep ederse, \u00e7\u00f6pe att\u0131\u011f\u0131m \u00dcniversite mezunlar\u0131n\u0131n CV&#8217;lerini kendilerine hediye edebilirim. \u00c7\u00f6p kutum dolu zira.\u201d<\/p>\n<p style=\"text-align: justify;\">Say\u0131n Yavuz daha ne desin.<\/p>\n<p style=\"text-align: justify;\">G\u00fczel g\u00fcnler ya\u015famak dile\u011fiyle, sayg\u0131lar\u0131m\u0131 sunuyorum.&#8221;<\/p>\n<p style=\"text-align: justify;\"><em>Ali Fuat Kartal<\/em><br \/>\n<em>TKD Genel Ba\u015fkan\u0131<\/em><\/p>\n","protected":false},"excerpt":{"rendered":"<p>D\u00fcn yay\u0131nlad\u0131\u011f\u0131m\u0131z &#8220;10 K\u00fct\u00fcphanecinin \u0130\u015fine Son Verildi&#8221; haberi ve atama sorunlar\u0131na dair TKD Genel Ba\u015fkan\u0131 Ali Fuat Kartal bir a\u00e7\u0131klama yay\u0131nlad\u0131; detaylar \u015fu \u015fekilde &#8220;Sevgili meslekta\u015flar\u0131m, son y\u0131llarda ya\u015fad\u0131\u011f\u0131m\u0131z g\u00f6revden alma sorunlar\u0131na bir yenisi daha eklendi. K\u00fct\u00fcphanecilerin kamu kurumlar\u0131na atanma konusu, \u00f6nemli bir sorun olmaya ba\u015flad\u0131. Tabi bunun bir\u00e7ok nedeni var. \u00dclkemizde, ta\u015feronla\u015fma t\u00fcm kamu [&hellip;]<\/p>\n","protected":false},"author":1,"featured_media":0,"comment_status":"open","ping_status":"open","sticky":false,"template":"","format":"standard","meta":{"footnotes":""},"categories":[1],"tags":[765,766],"class_list":["post-17295","post","type-post","status-publish","format-standard","hentry","category-genel","tag-bby-atama","tag-taseron-kutuphaneci"],"_links":{"self":[{"href":"https:\/\/www.bbyhaber.com\/bby\/wp-json\/wp\/v2\/posts\/17295"}],"collection":[{"href":"https:\/\/www.bbyhaber.com\/bby\/wp-json\/wp\/v2\/posts"}],"about":[{"href":"https:\/\/www.bbyhaber.com\/bby\/wp-json\/wp\/v2\/types\/post"}],"author":[{"embeddable":true,"href":"https:\/\/www.bbyhaber.com\/bby\/wp-json\/wp\/v2\/users\/1"}],"replies":[{"embeddable":true,"href":"https:\/\/www.bbyhaber.com\/bby\/wp-json\/wp\/v2\/comments?post=17295"}],"version-history":[{"count":0,"href":"https:\/\/www.bbyhaber.com\/bby\/wp-json\/wp\/v2\/posts\/17295\/revisions"}],"wp:attachment":[{"href":"https:\/\/www.bbyhaber.com\/bby\/wp-json\/wp\/v2\/media?parent=17295"}],"wp:term":[{"taxonomy":"category","embeddable":true,"href":"https:\/\/www.bbyhaber.com\/bby\/wp-json\/wp\/v2\/categories?post=17295"},{"taxonomy":"post_tag","embeddable":true,"href":"https:\/\/www.bbyhaber.com\/bby\/wp-json\/wp\/v2\/tags?post=17295"}],"curies":[{"name":"wp","href":"https:\/\/api.w.org\/{rel}","templated":true}]}}