{"id":17280,"date":"2015-07-09T00:27:46","date_gmt":"2015-07-08T21:27:46","guid":{"rendered":"http:\/\/www.bbyhaber.com\/bby\/?p=17280"},"modified":"2015-07-10T18:30:14","modified_gmt":"2015-07-10T15:30:14","slug":"kpss-merkezi-yerlestirmeler-hakkinda-tkd-ankara-subesi-toplanti-gerceklestirecek","status":"publish","type":"post","link":"https:\/\/www.bbyhaber.com\/bby\/2015\/07\/09\/kpss-merkezi-yerlestirmeler-hakkinda-tkd-ankara-subesi-toplanti-gerceklestirecek","title":{"rendered":"KPSS Merkezi Yerle\u015ftirmeler Hakk\u0131nda TKD Ankara \u015eubesi Toplant\u0131 Ger\u00e7ekle\u015ftirecek"},"content":{"rendered":"<p style=\"text-align: justify;\"><img loading=\"lazy\" decoding=\"async\" class=\"alignleft\" src=\"http:\/\/www.bbyhaber.com\/bby\/wp-content\/uploads\/bby-dernek-logolar\/tkd-logo.png\" alt=\"\" width=\"223\" height=\"128\" \/>Sosyal medya \u00fczerinden duyurusu yap\u0131lan \u201cBBY Atama\u201d ba\u015fl\u0131kl\u0131 etkinlik,<strong> 10 Temmuz 2015 \u00a0Cuma<\/strong> g\u00fcn\u00fc saat <strong>17:30<\/strong>&#8216;da TKD Genel Merkezinde ger\u00e7ekle\u015ftirilecektir. KPSS Merkezi Yerle\u015ftirmeleri\u00a0kapsam\u0131nda ger\u00e7ekle\u015ftirilmesi gereken t\u00fcm resmi s\u00fcre\u00e7lerde; TKD Ankara \u015eubesi \u00fczerine d\u00fc\u015fen her sorumlulu\u011fu yerine getirece\u011fini belirtmektedir.<!--more--><\/p>\n<div>\n<p style=\"text-align: justify;\">Atama bekleyen arkada\u015flar\u0131m\u0131z\u0131, mezunlar\u0131m\u0131z\u0131, katk\u0131 vermek ya da g\u00f6rev almak isteyen t\u00fcm meslekta\u015flar\u0131m\u0131z\u0131 toplant\u0131da aram\u0131zda g\u00f6rmek dileklerimizle\u2026<\/p>\n<p>&nbsp;<\/p>\n<blockquote><p>Tarih: 10 Temmuz 2015 Cuma<br \/>\nSaat: 17.30<br \/>\nYer:\u00a0<a href=\"https:\/\/www.facebook.com\/tkdgenelmerkezi\" data-hovercard=\"\/ajax\/hovercard\/page.php?id=149709718482422&amp;extragetparams=%7B%22directed_target_id%22%3A343700865376%7D\">T\u00fcrk K\u00fct\u00fcphaneciler Derne\u011fi<\/a><br \/>\nElg\u00fcn Sokak No:8\/8 K\u0131z\u0131lay, Ankara<\/p><\/blockquote>\n<\/div>\n","protected":false},"excerpt":{"rendered":"<p>Sosyal medya \u00fczerinden duyurusu yap\u0131lan \u201cBBY Atama\u201d ba\u015fl\u0131kl\u0131 etkinlik, 10 Temmuz 2015 \u00a0Cuma g\u00fcn\u00fc saat 17:30&#8216;da TKD Genel Merkezinde ger\u00e7ekle\u015ftirilecektir. KPSS Merkezi Yerle\u015ftirmeleri\u00a0kapsam\u0131nda ger\u00e7ekle\u015ftirilmesi gereken t\u00fcm resmi s\u00fcre\u00e7lerde; TKD Ankara \u015eubesi \u00fczerine d\u00fc\u015fen her sorumlulu\u011fu yerine getirece\u011fini belirtmektedir.<\/p>\n","protected":false},"author":129,"featured_media":0,"comment_status":"open","ping_status":"open","sticky":false,"template":"","format":"standard","meta":{"footnotes":""},"categories":[1477],"tags":[765,764,1421,692],"class_list":["post-17280","post","type-post","status-publish","format-standard","hentry","category-bby-kpss","tag-bby-atama","tag-bby-kpss-kadrolari","tag-tkd-ankara","tag-tkd-ankara-subesi"],"_links":{"self":[{"href":"https:\/\/www.bbyhaber.com\/bby\/wp-json\/wp\/v2\/posts\/17280"}],"collection":[{"href":"https:\/\/www.bbyhaber.com\/bby\/wp-json\/wp\/v2\/posts"}],"about":[{"href":"https:\/\/www.bbyhaber.com\/bby\/wp-json\/wp\/v2\/types\/post"}],"author":[{"embeddable":true,"href":"https:\/\/www.bbyhaber.com\/bby\/wp-json\/wp\/v2\/users\/129"}],"replies":[{"embeddable":true,"href":"https:\/\/www.bbyhaber.com\/bby\/wp-json\/wp\/v2\/comments?post=17280"}],"version-history":[{"count":0,"href":"https:\/\/www.bbyhaber.com\/bby\/wp-json\/wp\/v2\/posts\/17280\/revisions"}],"wp:attachment":[{"href":"https:\/\/www.bbyhaber.com\/bby\/wp-json\/wp\/v2\/media?parent=17280"}],"wp:term":[{"taxonomy":"category","embeddable":true,"href":"https:\/\/www.bbyhaber.com\/bby\/wp-json\/wp\/v2\/categories?post=17280"},{"taxonomy":"post_tag","embeddable":true,"href":"https:\/\/www.bbyhaber.com\/bby\/wp-json\/wp\/v2\/tags?post=17280"}],"curies":[{"name":"wp","href":"https:\/\/api.w.org\/{rel}","templated":true}]}}