{"id":1728,"date":"2011-12-14T06:37:59","date_gmt":"2011-12-14T03:37:59","guid":{"rendered":"http:\/\/www.bbyhaber.com\/bby\/?p=1728"},"modified":"2012-09-07T14:04:29","modified_gmt":"2012-09-07T11:04:29","slug":"adnan-otuken-il-halk-kutuphanesine-ziyaret-sinav-koleji-ilkogretim-okulu","status":"publish","type":"post","link":"https:\/\/www.bbyhaber.com\/bby\/2011\/12\/14\/adnan-otuken-il-halk-kutuphanesine-ziyaret-sinav-koleji-ilkogretim-okulu","title":{"rendered":"Adnan \u00d6t\u00fcken \u0130l Halk K\u00fct\u00fcphanesi&#8217;ne Ziyaret-S\u0131nav Koleji \u0130lk\u00f6\u011fretim Okulu"},"content":{"rendered":"<p style=\"text-align: justify;\">5.s\u0131n\u0131f \u00f6\u011frencileri, s\u0131n\u0131f \u00f6\u011fretmenleri ve S\u0131nav Koleji Bilgi Eri\u015fim Merkezi sorumlusu G\u00fcl\u015fah Karsl\u0131 ile birlikte Adnan \u00d6t\u00fcken \u0130l Halk K\u00fct\u00fcphanesini ziyaret ettiler.S\u0131nav Kolejinde D\u00fcnya \u00c7ocuk Kitaplar\u0131 Haftas\u0131 dolay\u0131s\u0131yla d\u00fczenlenen etkinlikler kapsam\u0131nda ger\u00e7ekle\u015ftirilen bu ziyarette, T\u00fcrkiye\u2019nin 6 derleme k\u00fct\u00fcphanesinden biri olan Adnan \u00d6t\u00fcken \u0130l Halk K\u00fct\u00fcphanesini mini tura \u00e7\u0131kan S\u0131nav Kolejli \u00f6\u011frenciler, k\u00fct\u00fcphane hakk\u0131nda bilgi ald\u0131lar. <!--more-->S\u0131nav Kolejli 5\u2019ler ayr\u0131ca, drama e\u011fitmeni ve yazar\u0131 \u0130nci G\u00fcrb\u00fcz Atik\u2019in <em>\u201c\u00c7ocuklarla Drama \u00c7al\u0131\u015fmas\u0131\u201d <\/em>etkinli\u011fine kat\u0131ld\u0131lar. Drama \u00e7al\u0131\u015fmalar\u0131n\u0131n \u00f6nemi \u00fczerinde duran \u0130nci G\u00fcrb\u00fcz, \u00f6\u011frencilere do\u011fru ve bilin\u00e7li kitap se\u00e7imi, g\u00fcnl\u00fck tutman\u0131n \u00f6nemi gibi konulardan da s\u00f6z etti.<\/p>\n<p style=\"text-align: justify;\"><strong>ADNAN \u00d6T\u00dcKEN \u0130L HALK K\u00dcT\u00dcPHANES\u0130<\/strong><br \/>\nAdnan \u00d6t\u00fcken \u0130l Halk K\u00fct\u00fcphanesi ilk olarak 25 Temmuz 1922\u2019de hizmete ge\u00e7mi\u015ftir. 1934 y\u0131l\u0131nda kabul edilen <em>\u201cBasma Yaz\u0131 ve Resimleri Derleme\u201d<\/em> yasas\u0131na g\u00f6re derleme almaya ba\u015flam\u0131\u015ft\u0131r.<\/p>\n<p style=\"text-align: justify;\">T\u00fcrkiye\u2019deki 6 derleme k\u00fct\u00fcphanesinden biri olan Adnan \u00d6t\u00fcken \u0130l Halk K\u00fct\u00fcphanesi ayn\u0131 zamanda halk k\u00fct\u00fcphanesi faaliyetlerine de devam etmektedir.<br \/>\n500.000 cilt kitap ve s\u00fcreli yay\u0131ndan olu\u015fan koleksiyonu ile T\u00fcrkiye\u2019nin en b\u00fcy\u00fck halk k\u00fct\u00fcphanelerinden biridir.<\/p>\n<p style=\"text-align: justify;\">1944-46 y\u0131llar\u0131nda Mimar Paul Bonatz taraf\u0131ndan tasarlan\u0131p in\u015fa edilmi\u015f olan K\u00fct\u00fcphane binas\u0131 4518 m2 arsa \u00fczerine kurulu 3820 m2 kapal\u0131 alana sahip U \u015feklinde birbirine ba\u011fl\u0131 3 bloktan olu\u015fmaktad\u0131r.<\/p>\n<p style=\"text-align: justify;\">Kaynak:http:\/\/www.ankarasinavkoleji.com<\/p>\n","protected":false},"excerpt":{"rendered":"<p>5.s\u0131n\u0131f \u00f6\u011frencileri, s\u0131n\u0131f \u00f6\u011fretmenleri ve S\u0131nav Koleji Bilgi Eri\u015fim Merkezi sorumlusu G\u00fcl\u015fah Karsl\u0131 ile birlikte Adnan \u00d6t\u00fcken \u0130l Halk K\u00fct\u00fcphanesini ziyaret ettiler.S\u0131nav Kolejinde D\u00fcnya \u00c7ocuk Kitaplar\u0131 Haftas\u0131 dolay\u0131s\u0131yla d\u00fczenlenen etkinlikler kapsam\u0131nda ger\u00e7ekle\u015ftirilen bu ziyarette, T\u00fcrkiye\u2019nin 6 derleme k\u00fct\u00fcphanesinden biri olan Adnan \u00d6t\u00fcken \u0130l Halk K\u00fct\u00fcphanesini mini tura \u00e7\u0131kan S\u0131nav Kolejli \u00f6\u011frenciler, k\u00fct\u00fcphane hakk\u0131nda bilgi ald\u0131lar.<\/p>\n","protected":false},"author":1,"featured_media":0,"comment_status":"open","ping_status":"open","sticky":false,"template":"","format":"standard","meta":{"footnotes":""},"categories":[],"tags":[848],"class_list":["post-1728","post","type-post","status-publish","format-standard","hentry","tag-halk-kutuphaneleri"],"_links":{"self":[{"href":"https:\/\/www.bbyhaber.com\/bby\/wp-json\/wp\/v2\/posts\/1728"}],"collection":[{"href":"https:\/\/www.bbyhaber.com\/bby\/wp-json\/wp\/v2\/posts"}],"about":[{"href":"https:\/\/www.bbyhaber.com\/bby\/wp-json\/wp\/v2\/types\/post"}],"author":[{"embeddable":true,"href":"https:\/\/www.bbyhaber.com\/bby\/wp-json\/wp\/v2\/users\/1"}],"replies":[{"embeddable":true,"href":"https:\/\/www.bbyhaber.com\/bby\/wp-json\/wp\/v2\/comments?post=1728"}],"version-history":[{"count":0,"href":"https:\/\/www.bbyhaber.com\/bby\/wp-json\/wp\/v2\/posts\/1728\/revisions"}],"wp:attachment":[{"href":"https:\/\/www.bbyhaber.com\/bby\/wp-json\/wp\/v2\/media?parent=1728"}],"wp:term":[{"taxonomy":"category","embeddable":true,"href":"https:\/\/www.bbyhaber.com\/bby\/wp-json\/wp\/v2\/categories?post=1728"},{"taxonomy":"post_tag","embeddable":true,"href":"https:\/\/www.bbyhaber.com\/bby\/wp-json\/wp\/v2\/tags?post=1728"}],"curies":[{"name":"wp","href":"https:\/\/api.w.org\/{rel}","templated":true}]}}