{"id":17265,"date":"2015-07-08T11:02:57","date_gmt":"2015-07-08T08:02:57","guid":{"rendered":"http:\/\/www.bbyhaber.com\/bby\/?p=17265"},"modified":"2015-07-09T13:37:50","modified_gmt":"2015-07-09T10:37:50","slug":"10-kutuphanecinin-isine-son-verildi","status":"publish","type":"post","link":"https:\/\/www.bbyhaber.com\/bby\/2015\/07\/08\/10-kutuphanecinin-isine-son-verildi","title":{"rendered":"10 K\u00fct\u00fcphanecinin \u0130\u015fine Son Verildi"},"content":{"rendered":"<p style=\"text-align: justify;\"><a href=\"http:\/\/www.demokratcanakkale.com\/haber\/4587\/10-kutuphanecinin-isine-son-verildi\" target=\"_blank\"><img loading=\"lazy\" decoding=\"async\" class=\"alignleft\" src=\"http:\/\/bbyhaber.com\/bby\/wp-content\/uploads\/2015\/07\/comu-isten-atma.jpg\" alt=\"\" width=\"262\" height=\"145\" \/>demokratcanakkale.com<\/a>&#8216;da yer alan habere g\u00f6re, \u00c7anakkale Onsekiz Mart \u00dcniversitesi\u2019nde yer de\u011fi\u015ftirmelerin ya\u015fand\u0131\u011f\u0131 ve bunlara ek olarak \u015fimdi de i\u015ften atmalar\u0131n oldu\u011fu bildirildi. K\u00fct\u00fcphane ve ula\u015ft\u0131rmada \u00e7ok say\u0131da ki\u015finin i\u015fine son verildi\u011fi \u00f6\u011frenildi. En b\u00fcy\u00fck i\u015ften \u00e7\u0131karman\u0131n ise \u00c7OM\u00dc K\u00fct\u00fcphanesi\u2019nde ger\u00e7ekle\u015fti\u011fi, k\u00fct\u00fcphanede yeni gelen kitaplar\u0131 sisteme giren 10 k\u00fct\u00fcphanecinin i\u015fine son verildi\u011fi, 10 ki\u015finin i\u015ften at\u0131lmas\u0131yla birlikte \u00c7OM\u00dc K\u00fct\u00fcphanesi\u2019nde i\u015flerin aksayaca\u011f\u0131 ve k\u00fct\u00fcphanenin durma noktas\u0131na gelece\u011fi bildirildi.<!--more--><\/p>\n<p style=\"text-align: justify;\">\u00c7OM\u00dc K\u00fct\u00fcphanesi\u2019ni T\u00fcrkiye\u2019nin 3 b\u00fcy\u00fck k\u00fct\u00fcphanesinden biri haline getiren Daire Ba\u015fkan\u0131 \u0130smail \u0130\u015fleyen ise ge\u00e7ti\u011fimiz ay \u00c7an il\u00e7esine adeta s\u00fcrg\u00fcn edilmi\u015fti. \u00dcniversite\u2019nin en ba\u015far\u0131l\u0131 b\u00fcrokratlar\u0131ndan say\u0131lan \u0130\u015fleyen\u2019in il\u00e7eye g\u00f6revlendirmesinin nedeni olarak anlaml\u0131 bir gerek\u00e7e de g\u00f6sterilemedi. \u00c7OM\u00dc\u2019de yeri de\u011fi\u015ftirilen personel say\u0131s\u0131n\u0131n 100\u2019\u00fc a\u015ft\u0131\u011f\u0131 \u00f6\u011frenildi.<\/p>\n","protected":false},"excerpt":{"rendered":"<p>demokratcanakkale.com&#8216;da yer alan habere g\u00f6re, \u00c7anakkale Onsekiz Mart \u00dcniversitesi\u2019nde yer de\u011fi\u015ftirmelerin ya\u015fand\u0131\u011f\u0131 ve bunlara ek olarak \u015fimdi de i\u015ften atmalar\u0131n oldu\u011fu bildirildi. K\u00fct\u00fcphane ve ula\u015ft\u0131rmada \u00e7ok say\u0131da ki\u015finin i\u015fine son verildi\u011fi \u00f6\u011frenildi. En b\u00fcy\u00fck i\u015ften \u00e7\u0131karman\u0131n ise \u00c7OM\u00dc K\u00fct\u00fcphanesi\u2019nde ger\u00e7ekle\u015fti\u011fi, k\u00fct\u00fcphanede yeni gelen kitaplar\u0131 sisteme giren 10 k\u00fct\u00fcphanecinin i\u015fine son verildi\u011fi, 10 ki\u015finin i\u015ften at\u0131lmas\u0131yla [&hellip;]<\/p>\n","protected":false},"author":1,"featured_media":0,"comment_status":"open","ping_status":"open","sticky":false,"template":"","format":"standard","meta":{"footnotes":""},"categories":[1],"tags":[1436,766,1437],"class_list":["post-17265","post","type-post","status-publish","format-standard","hentry","category-genel","tag-kutuphaneler","tag-taseron-kutuphaneci","tag-univ-arastirma-kutuphaneleri"],"_links":{"self":[{"href":"https:\/\/www.bbyhaber.com\/bby\/wp-json\/wp\/v2\/posts\/17265"}],"collection":[{"href":"https:\/\/www.bbyhaber.com\/bby\/wp-json\/wp\/v2\/posts"}],"about":[{"href":"https:\/\/www.bbyhaber.com\/bby\/wp-json\/wp\/v2\/types\/post"}],"author":[{"embeddable":true,"href":"https:\/\/www.bbyhaber.com\/bby\/wp-json\/wp\/v2\/users\/1"}],"replies":[{"embeddable":true,"href":"https:\/\/www.bbyhaber.com\/bby\/wp-json\/wp\/v2\/comments?post=17265"}],"version-history":[{"count":0,"href":"https:\/\/www.bbyhaber.com\/bby\/wp-json\/wp\/v2\/posts\/17265\/revisions"}],"wp:attachment":[{"href":"https:\/\/www.bbyhaber.com\/bby\/wp-json\/wp\/v2\/media?parent=17265"}],"wp:term":[{"taxonomy":"category","embeddable":true,"href":"https:\/\/www.bbyhaber.com\/bby\/wp-json\/wp\/v2\/categories?post=17265"},{"taxonomy":"post_tag","embeddable":true,"href":"https:\/\/www.bbyhaber.com\/bby\/wp-json\/wp\/v2\/tags?post=17265"}],"curies":[{"name":"wp","href":"https:\/\/api.w.org\/{rel}","templated":true}]}}