{"id":17241,"date":"2015-07-07T00:01:41","date_gmt":"2015-07-06T21:01:41","guid":{"rendered":"http:\/\/www.bbyhaber.com\/bby\/?p=17241"},"modified":"2015-08-30T23:30:12","modified_gmt":"2015-08-30T20:30:12","slug":"turk-kutuphaneciligi-cilt-29-sayi-2-2015","status":"publish","type":"post","link":"https:\/\/www.bbyhaber.com\/bby\/2015\/07\/07\/turk-kutuphaneciligi-cilt-29-sayi-2-2015","title":{"rendered":"T\u00fcrk K\u00fct\u00fcphanecili\u011fi: Cilt 29, Say\u0131 2 (2015)"},"content":{"rendered":"<p><img loading=\"lazy\" decoding=\"async\" class=\"alignleft\" src=\"http:\/\/www.bbyhaber.com\/bby\/wp-content\/uploads\/2015\/07\/tk-2015-29-2.jpg\" alt=\"\" width=\"264\" height=\"153\" \/>T\u00fcrk K\u00fct\u00fcphanecili\u011fi Dergisi &#8220;<a href=\"http:\/\/www.tk.org.tr\/index.php\/TK\/issue\/view\/262\" target=\"_blank\">Cilt 29, Say\u0131 2 (2015)<\/a>&#8221; yay\u0131nland\u0131. Yeni say\u0131da yer alan b\u00f6l\u00fcmler ve i\u00e7erikleri a\u015fa\u011f\u0131daki gibidir.<\/p>\n<p>Yeni say\u0131y\u0131 okumak i\u00e7in\u00a0<span style=\"color: #0000ff;\"><strong><a href=\"http:\/\/www.tk.org.tr\/index.php\/TK\/issue\/view\/262\" target=\"_blank\"><span style=\"color: #0000ff;\">l\u00fctfen t\u0131klay\u0131n\u0131z.<\/span><\/a><\/strong><img decoding=\"async\" title=\"Daha fazla...\" src=\"http:\/\/www.bbyhaber.com\/bby\/wp-includes\/js\/tinymce\/plugins\/wordpress\/img\/trans.gif\" alt=\"\" \/><\/span><\/p>\n<p><strong>Edit\u00f6rden\/Editorial<\/strong><\/p>\n<p>G\u00fcleda Do\u011fan,\u00a0 &#8220;Bilimsel \u0130leti\u015fim&#8221;<\/p>\n<p><strong>Hakemli Yaz\u0131lar \/ Refereed Papers<\/strong><\/p>\n<p>Nermin \u00c7akmak, &#8220;Lisans \u00d6\u011frencilerinin \u0130ntihal ile \u0130lgili Kavram Yan\u0131lg\u0131lar\u0131&#8221;<\/p>\n<p>Elsa Bitri, Hasan S. Kesero\u011flu &#8220;T\u00fcrk K\u00fct\u00fcphanecili\u011fi ve Bilgi D\u00fcnyas\u0131 Dergilerinin \u00d6zlerine Ele\u015ftirel Bir Bak\u0131\u015f&#8221;<\/p>\n<p><!--more-->G\u00f6khan Da\u011fhan, P\u0131nar Nuho\u011flu Kibar, Nihal Menzi \u00c7etin, Esra \u00c7etin, Buket Akkoyunlu, &#8220;\u00d6\u011fretmen Adaylar\u0131n\u0131n Sosyal Medya Destekli Bilimsel \u0130leti\u015fimi Kullanmalar\u0131 \u00dczerine Nitel Bir \u00c7al\u0131\u015fma&#8221;<\/p>\n<p><strong>Konuk Yazar\/Guest Author<\/strong><\/p>\n<p>Cem Baykal, &#8220;T\u00fcrk T\u0131bb\u0131n\u0131n \u0130ntihali&#8221;<br \/>\nOsman \u0130nci, &#8220;Bilimsel Yay\u0131n Eti\u011fi&#8221;<\/p>\n<p><strong>G\u00f6r\u00fc\u015fler \/ Opinion Papers<\/strong><\/p>\n<p>Co\u015fkun Polat, Mehmet Ali Akkaya, Kas\u0131m Binici, &#8220;7 Haziran 2015 T\u00fcrkiye Genel Se\u00e7imleri Parti Bildirgelerinde Bilgi ve Belge Y\u00f6netimi ve K\u00fct\u00fcphanecilik&#8221;<\/p>\n<p>G\u00fclcan Palo &#8220;Almanya\u2019da Halk K\u00fct\u00fcphanesi Hizmetlerine T\u00fcrk G\u00f6\u00e7menleri A\u00e7\u0131s\u0131ndan Genel Bir Bak\u0131\u015f&#8221;<\/p>\n<p><strong>Okuyucu Mektuplar\u0131 \/ Reader Letters<\/strong><\/p>\n<p>Banu El\u00e7i, &#8220;Dijital \u00c7a\u011fda Dijital Bir K\u00fct\u00fcphane \u00d6rne\u011fi: \u0130stanbul Bilgi \u00dcniversitesi K\u00fct\u00fcphane ve E-Kaynaklar&#8221;<\/p>\n<p>\u0130smail Akman, &#8220;Alman K\u00fclt\u00fcr Ya\u015fam\u0131 ve K\u00fct\u00fcphaneleri \u00dczerine Notlar: 2005 ve 2015 \u0130nceleme Gezileri&#8221;<\/p>\n<p><strong>\u00c7eviri Yaz\u0131lar \/ Translations<\/strong><\/p>\n<p>Anadolu \u00dcniversite K\u00fct\u00fcphaneleri Konsorsiyumu ANKOS, &#8220;Dalgalar\u0131 A\u015fmak Ya Da Gelgite Yakalanmak? Geli\u015fen Bilgi Ortam\u0131n\u0131 Y\u00f6netmek\/ E\u011filim Raporundan A\u00e7\u0131l\u0131mlar&#8221;<\/p>\n<p>Co\u015fkun Polat, G\u00fclcan Palo, &#8220;Hem\u015firelik Bilgi Okuryazarl\u0131\u011f\u0131 Yeterlik Standartlar\u0131&#8221;<\/p>\n<p><strong>Tan\u0131t\u0131m &#8211; De\u011ferlendirme \/ Reviews<\/strong><\/p>\n<p>\u00d6zhan Sa\u011fl\u0131k, &#8220;Modern Belgelerin Diplomati\u011fi&#8221;<\/p>\n<p>\u00d6zhan Sa\u011fl\u0131k, &#8220;Ar\u015fiv Emektarlar\u0131na Arma\u011fan&#8221;<\/p>\n<p><strong>Haberler \/ News<\/strong><\/p>\n<p><strong>Mesleki Toplant\u0131lar \/ Professional Meetings<\/strong><\/p>\n<p><strong>Yay\u0131n Politikas\u0131 \/ Editorial Policy<\/strong><\/p>\n<p>Yeni say\u0131y\u0131 okumak i\u00e7in<span style=\"color: #0000ff;\"><a href=\"http:\/\/www.tk.org.tr\/index.php\/TK\/issue\/view\/262\" target=\"_blank\"><span style=\"color: #0000ff;\">\u00a0<strong>l\u00fctfen t\u0131klay\u0131n\u0131z.<\/strong><\/span><\/a><\/span><\/p>\n","protected":false},"excerpt":{"rendered":"<p>T\u00fcrk K\u00fct\u00fcphanecili\u011fi Dergisi &#8220;Cilt 29, Say\u0131 2 (2015)&#8221; yay\u0131nland\u0131. Yeni say\u0131da yer alan b\u00f6l\u00fcmler ve i\u00e7erikleri a\u015fa\u011f\u0131daki gibidir. Yeni say\u0131y\u0131 okumak i\u00e7in\u00a0l\u00fctfen t\u0131klay\u0131n\u0131z. Edit\u00f6rden\/Editorial G\u00fcleda Do\u011fan,\u00a0 &#8220;Bilimsel \u0130leti\u015fim&#8221; Hakemli Yaz\u0131lar \/ Refereed Papers Nermin \u00c7akmak, &#8220;Lisans \u00d6\u011frencilerinin \u0130ntihal ile \u0130lgili Kavram Yan\u0131lg\u0131lar\u0131&#8221; Elsa Bitri, Hasan S. Kesero\u011flu &#8220;T\u00fcrk K\u00fct\u00fcphanecili\u011fi ve Bilgi D\u00fcnyas\u0131 Dergilerinin \u00d6zlerine Ele\u015ftirel [&hellip;]<\/p>\n","protected":false},"author":129,"featured_media":0,"comment_status":"open","ping_status":"open","sticky":false,"template":"","format":"standard","meta":{"footnotes":""},"categories":[],"tags":[1416],"class_list":["post-17241","post","type-post","status-publish","format-standard","hentry","tag-turk-kutuphaneciligi"],"_links":{"self":[{"href":"https:\/\/www.bbyhaber.com\/bby\/wp-json\/wp\/v2\/posts\/17241"}],"collection":[{"href":"https:\/\/www.bbyhaber.com\/bby\/wp-json\/wp\/v2\/posts"}],"about":[{"href":"https:\/\/www.bbyhaber.com\/bby\/wp-json\/wp\/v2\/types\/post"}],"author":[{"embeddable":true,"href":"https:\/\/www.bbyhaber.com\/bby\/wp-json\/wp\/v2\/users\/129"}],"replies":[{"embeddable":true,"href":"https:\/\/www.bbyhaber.com\/bby\/wp-json\/wp\/v2\/comments?post=17241"}],"version-history":[{"count":0,"href":"https:\/\/www.bbyhaber.com\/bby\/wp-json\/wp\/v2\/posts\/17241\/revisions"}],"wp:attachment":[{"href":"https:\/\/www.bbyhaber.com\/bby\/wp-json\/wp\/v2\/media?parent=17241"}],"wp:term":[{"taxonomy":"category","embeddable":true,"href":"https:\/\/www.bbyhaber.com\/bby\/wp-json\/wp\/v2\/categories?post=17241"},{"taxonomy":"post_tag","embeddable":true,"href":"https:\/\/www.bbyhaber.com\/bby\/wp-json\/wp\/v2\/tags?post=17241"}],"curies":[{"name":"wp","href":"https:\/\/api.w.org\/{rel}","templated":true}]}}