{"id":172,"date":"2011-11-03T23:25:25","date_gmt":"2011-11-03T23:25:25","guid":{"rendered":"http:\/\/www.bbyhaber.com\/bby\/?p=172"},"modified":"2012-05-30T13:15:50","modified_gmt":"2012-05-30T13:15:50","slug":"depremzede-cocuklar-icin-gezici-kutuphane","status":"publish","type":"post","link":"https:\/\/www.bbyhaber.com\/bby\/2011\/11\/03\/depremzede-cocuklar-icin-gezici-kutuphane","title":{"rendered":"Depremzede \u00e7ocuklar i\u00e7in gezici k\u00fct\u00fcphane"},"content":{"rendered":"<p style=\"text-align: justify;\" align=\"justify\">Adana \u00c7ukurova Belediyesi taraf\u0131ndan Van&#8217;daki \u00e7ad\u0131r kentte kurulan sosyal ya\u015fam merkezinde, depremzede \u00e7ocuklar \u00e7e\u015fitli etkinliklerle zaman ge\u00e7iriyor. Van Atat\u00fcrk \u015eehir Stadyumuna i\u00e7inde revir, mescit, mutfak, televizyon ve oyun alanlar\u0131n\u0131n bulundu\u011fu bir sosyal ya\u015fam merkezi kuran \u00c7ukurova Belediyesi ekipleri, \u00e7ocuklar\u0131 farkl\u0131 bir ortama alarak, deprem psikolojisinden uzakla\u015ft\u0131rmaya \u00e7al\u0131\u015f\u0131yor. <!--more--><\/p>\n<p style=\"text-align: justify;\" align=\"justify\">\u00c7ad\u0131r kentin bah\u00e7esine kurduklar\u0131 gezici k\u00fct\u00fcphane ile \u00e7ocuklar\u0131n kitap okumas\u0131n\u0131 sa\u011flad\u0131klar\u0131n\u0131 belirten Van K\u00fclt\u00fcr ve Turizm M\u00fcd\u00fcr\u00fc Muzaffer Aktu\u011f \u015f\u00f6yle konu\u015ftu:<\/p>\n<p style=\"text-align: justify;\" align=\"justify\">3 B\u0130N K\u0130TAP VAR<br \/>\n&#8220;\u00c7ad\u0131r kentleri tek tek dola\u015f\u0131yoruz. \u00c7ocuklar\u0131m\u0131za, 3 bin adet kitap ve internete ba\u011fl\u0131 bilgisayarlarla hizmet veriyoruz. Amac\u0131m\u0131z \u00e7ocuklar\u0131m\u0131z\u0131 bu deprem psikolojisinin d\u0131\u015f\u0131na \u00e7\u0131karmak ve bo\u015f zamanlar\u0131n\u0131 kitap okuyarak ge\u00e7irmelerini sa\u011flamakt\u0131r. Gezici k\u00fct\u00fcphanelerimiz \u00e7ad\u0131r kentleri tek tek dola\u015f\u0131yor.&#8221;<\/p>\n<p>Kaynak: http:\/\/www.sabah.com.tr\/<\/p>\n","protected":false},"excerpt":{"rendered":"<p>Adana \u00c7ukurova Belediyesi taraf\u0131ndan Van&#8217;daki \u00e7ad\u0131r kentte kurulan sosyal ya\u015fam merkezinde, depremzede \u00e7ocuklar \u00e7e\u015fitli etkinliklerle zaman ge\u00e7iriyor. Van Atat\u00fcrk \u015eehir Stadyumuna i\u00e7inde revir, mescit, mutfak, televizyon ve oyun alanlar\u0131n\u0131n bulundu\u011fu bir sosyal ya\u015fam merkezi kuran \u00c7ukurova Belediyesi ekipleri, \u00e7ocuklar\u0131 farkl\u0131 bir ortama alarak, deprem psikolojisinden uzakla\u015ft\u0131rmaya \u00e7al\u0131\u015f\u0131yor.<\/p>\n","protected":false},"author":1,"featured_media":0,"comment_status":"open","ping_status":"open","sticky":false,"template":"","format":"standard","meta":{"footnotes":""},"categories":[1555,1486],"tags":[1440],"class_list":["post-172","post","type-post","status-publish","format-standard","hentry","category-deprem-kutuphane","category-gezici-kutuphane","tag-gezici-kutuphaneler"],"_links":{"self":[{"href":"https:\/\/www.bbyhaber.com\/bby\/wp-json\/wp\/v2\/posts\/172"}],"collection":[{"href":"https:\/\/www.bbyhaber.com\/bby\/wp-json\/wp\/v2\/posts"}],"about":[{"href":"https:\/\/www.bbyhaber.com\/bby\/wp-json\/wp\/v2\/types\/post"}],"author":[{"embeddable":true,"href":"https:\/\/www.bbyhaber.com\/bby\/wp-json\/wp\/v2\/users\/1"}],"replies":[{"embeddable":true,"href":"https:\/\/www.bbyhaber.com\/bby\/wp-json\/wp\/v2\/comments?post=172"}],"version-history":[{"count":0,"href":"https:\/\/www.bbyhaber.com\/bby\/wp-json\/wp\/v2\/posts\/172\/revisions"}],"wp:attachment":[{"href":"https:\/\/www.bbyhaber.com\/bby\/wp-json\/wp\/v2\/media?parent=172"}],"wp:term":[{"taxonomy":"category","embeddable":true,"href":"https:\/\/www.bbyhaber.com\/bby\/wp-json\/wp\/v2\/categories?post=172"},{"taxonomy":"post_tag","embeddable":true,"href":"https:\/\/www.bbyhaber.com\/bby\/wp-json\/wp\/v2\/tags?post=172"}],"curies":[{"name":"wp","href":"https:\/\/api.w.org\/{rel}","templated":true}]}}